{"id":102348,"date":"2025-09-09T01:03:24","date_gmt":"2025-09-09T01:03:24","guid":{"rendered":"https:\/\/www.europesays.com\/es\/102348\/"},"modified":"2025-09-09T01:03:24","modified_gmt":"2025-09-09T01:03:24","slug":"suede-antidepressants-rockzone","status":"publish","type":"post","link":"https:\/\/www.europesays.com\/es\/102348\/","title":{"rendered":"SUEDE &#8211; &#8216;Antidepressants&#8217; &#8211; RockZone"},"content":{"rendered":"<p>        <a href=\"https:\/\/www.rockzonemag.com\/wp-content\/uploads\/2025\/09\/Suede-foto-critica-2025-copia.jpg\" data-caption=\"\" rel=\"nofollow noopener\" target=\"_blank\"><img loading=\"lazy\" decoding=\"async\" width=\"640\" height=\"360\" class=\"entry-thumb td-modal-image\" src=\"https:\/\/www.europesays.com\/es\/wp-content\/uploads\/2025\/09\/Suede-foto-critica-2025-copia-640x360.jpg\"   alt=\"\" title=\"Suede-foto-critica-2025 copia\"\/><\/a><br \/>\n        <a href=\"https:\/\/entradas.codetickets.com\/entradas\/tropical-riot-fest-2025\/68704\/tropical-riot\/online\" target=\"_blank\" rel=\"nofollow noopener\"><img decoding=\"async\" src=\"https:\/\/www.europesays.com\/es\/wp-content\/uploads\/2025\/07\/Banner-Tropical-Riot-2025-Rockzone-copia.gif\"\/><\/a><\/p>\n<p><strong>Cuesta creerlo, pero <a href=\"https:\/\/www.rockzonemag.com\/tag\/suede\/\" rel=\"nofollow noopener\" target=\"_blank\">Suede<\/a> ya han publicado tantos discos, cinco, desde su retorno en 2013, como los que hab\u00edan publicado en su etapa inicial entre 1993 y 2002.<\/strong> Y aunque es evidente que la balanza se sigue decantando hacia su primera \u00e9poca, con el anterior Autoficition y ahora Antidepressants han logrado equilibrarla un poco.<\/p>\n<p><a href=\"https:\/\/www.ticketmaster.es\/artist\/linkin-park-entradas\/10021?int_cmp_name=LINKIN-PARK&amp;int_cmp_id=ES-Home-501&amp;int_cmp_creative=Home-main-4.0&amp;tm_link=tm_ccp_Home_main_LINKIN-PARK\" target=\"_blank\" rel=\"nofollow noopener\"><img decoding=\"async\" src=\"https:\/\/www.europesays.com\/es\/wp-content\/uploads\/2025\/07\/Banner-Linkin-Park-2-Rock-Zone-1060x200-1.png\"\/><\/a><\/p>\n<p><img fetchpriority=\"high\" decoding=\"async\" class=\" wp-image-44273 alignleft\" src=\"https:\/\/www.europesays.com\/es\/wp-content\/uploads\/2025\/09\/Suede-portada-2025.jpg\" alt=\"\" width=\"246\" height=\"246\"  \/>Destac\u00e1bamos de <a href=\"https:\/\/www.rockzonemag.com\/suede-autofiction-critica-disco-nuevo-review\/\" rel=\"nofollow noopener\" target=\"_blank\">su \u00e1lbum de hace tres a\u00f1os<\/a> su poder\u00edo, m\u00e1s fiel a c\u00f3mo suena el grupo en directo, y esa urgencia y mayor crudeza se prolonga en este, con su habitual colaborador Ed Buller aplicando un enfoque m\u00e1s Albini a la producci\u00f3n. El vocalista Brett Anderson ha declarado que si aquel era su \u00e1lbum punk, este es su \u00e1lbum post punk. Algo de eso hay en el \u00e9nfasis que han puesto en algunas l\u00edneas de bajo o punteos de guitarra, o el fraseo casi hablado que emplea el cantante en el tema titular, pero, en realidad, son matices que se a\u00f1aden al sonido cl\u00e1sico de Suede.<\/p>\n<p>Nos dec\u00eda el guitarrista Richard Oakes en nuestra <a href=\"https:\/\/www.rockzonemag.com\/entrevista-a-suede\/\" rel=\"nofollow noopener\" target=\"_blank\">reciente entrevista<\/a> que, al contrario de otros de sus coet\u00e1neos, Suede huyen de la nostalgia, pero por mucho que quieran, o no, su instinto natural les lleva a esas melod\u00edas que cautivaron a tanta gente en los 90. Anderson vuelve a regalarnos algunos estribillos memorables en \u2018Disintegrate\u2019 (\u00abVen y desint\u00e9grate conmigo\u00bb), \u2018Dancing With The Europeans\u2019 (al parecer inspirada por el entusiasmo de su p\u00fablico en Espa\u00f1a), \u2018Sweet Kid\u2019 o la m\u00e1s \u00e9pica \u2018June Rain\u2019, am\u00e9n de una teatralidad glam y tomar prestados algunos trucos de Bowie, uno de sus primeros valedores.<\/p>\n<p>De igual manera, aunque el infravalorado Oakes haya buscado algunas notas m\u00e1s disonantes y un tono m\u00e1s cristalino, no muy lejos del de Billy Duffy en Love y otros guitarristas de los 80, sus adornos acaban integr\u00e1ndose en las canciones en perfecta armon\u00eda. Haciendo honor a su t\u00edtulo, en un \u00e1lbum que lidia con \u201clas tensiones de la vida moderna, la paranoia, la ansiedad y la neurosis\u201d, su musicalidad act\u00faa como remedio de todos esos males. Nuevas p\u00edldoras que preveo que en sus conciertos tendr\u00e1n un efecto a\u00fan m\u00e1s eficaz.<\/p>\n<p><strong>JORDI MEYA<\/strong><\/p>\n","protected":false},"excerpt":{"rendered":"Cuesta creerlo, pero Suede ya han publicado tantos discos, cinco, desde su retorno en 2013, como los que&hellip;\n","protected":false},"author":2,"featured_media":102349,"comment_status":"","ping_status":"","sticky":false,"template":"","format":"standard","meta":{"footnotes":""},"categories":[170],"tags":[146,147,25,24,184,185,23],"class_list":{"0":"post-102348","1":"post","2":"type-post","3":"status-publish","4":"format-standard","5":"has-post-thumbnail","7":"category-musica","8":"tag-entertainment","9":"tag-entretenimiento","10":"tag-es","11":"tag-espana","12":"tag-music","13":"tag-musica","14":"tag-spain"},"share_on_mastodon":{"url":"","error":""},"_links":{"self":[{"href":"https:\/\/www.europesays.com\/es\/wp-json\/wp\/v2\/posts\/102348","targetHints":{"allow":["GET"]}}],"collection":[{"href":"https:\/\/www.europesays.com\/es\/wp-json\/wp\/v2\/posts"}],"about":[{"href":"https:\/\/www.europesays.com\/es\/wp-json\/wp\/v2\/types\/post"}],"author":[{"embeddable":true,"href":"https:\/\/www.europesays.com\/es\/wp-json\/wp\/v2\/users\/2"}],"replies":[{"embeddable":true,"href":"https:\/\/www.europesays.com\/es\/wp-json\/wp\/v2\/comments?post=102348"}],"version-history":[{"count":0,"href":"https:\/\/www.europesays.com\/es\/wp-json\/wp\/v2\/posts\/102348\/revisions"}],"wp:featuredmedia":[{"embeddable":true,"href":"https:\/\/www.europesays.com\/es\/wp-json\/wp\/v2\/media\/102349"}],"wp:attachment":[{"href":"https:\/\/www.europesays.com\/es\/wp-json\/wp\/v2\/media?parent=102348"}],"wp:term":[{"taxonomy":"category","embeddable":true,"href":"https:\/\/www.europesays.com\/es\/wp-json\/wp\/v2\/categories?post=102348"},{"taxonomy":"post_tag","embeddable":true,"href":"https:\/\/www.europesays.com\/es\/wp-json\/wp\/v2\/tags?post=102348"}],"curies":[{"name":"wp","href":"https:\/\/api.w.org\/{rel}","templated":true}]}}