{"id":102366,"date":"2025-09-09T01:17:11","date_gmt":"2025-09-09T01:17:11","guid":{"rendered":"https:\/\/www.europesays.com\/es\/102366\/"},"modified":"2025-09-09T01:17:11","modified_gmt":"2025-09-09T01:17:11","slug":"alcaraz-y-davidovich-bajas-inesperadas-de-la-seleccion-espanola-para-la-copa-davis","status":"publish","type":"post","link":"https:\/\/www.europesays.com\/es\/102366\/","title":{"rendered":"Alcaraz y Davidovich, bajas inesperadas de la selecci\u00f3n espa\u00f1ola para la Copa Davis"},"content":{"rendered":"<p><img fetchpriority=\"high\" class=\"v-a-img\" src=\"https:\/\/www.europesays.com\/es\/wp-content\/uploads\/2025\/09\/combo-alxcasradavidoch-kAoB-U2302860825335LBB-1200x840@El Correo.jpg\" loading=\"eager\" decoding=\"async\" alt=\"Alcaraz y Davidovich, baja inesperada de la selecci\u00f3n espa\u00f1ola para la Copa Davis\"  width=\"1200\" height=\"840\"\/><\/p>\n<p>Alcaraz y Davidovich, baja inesperada de la selecci\u00f3n espa\u00f1ola para la Copa Davis                  <\/p>\n<p>El equipo espa\u00f1ol sufre dos importantes ausencias en la eliminatoria del 13 y 14 de septiembre en Marbella ante Dinamarca<\/p>\n<p class=\"v-mdl-ath__p v-mdl-ath__p--6\">\nLunes, 8 de septiembre 2025, 14:53<\/p>\n<p class=\"v-p\">La Real Federaci\u00f3n Espa\u00f1ola de Tenis (RFET) ha confirmado hoy que Carlos Alcaraz y Alejandro Davidovich Fokina no formar\u00e1n parte del equipo nacional que disputar\u00e1 la segunda ronda de los Qualifiers de la Copa Davis 2025, frente a Dinamarca, los pr\u00f3ximos d\u00edas 13 y 14 de septiembre en el Club de Tenis Puente Romano, en Marbella. Hasta este viernes, ambos estaban convocados como figuras clave, al ser los dos espa\u00f1oles con las mejores posiciones del ranking ATP (el n\u00famero 1 y el n\u00famero 20 respectivamente); ahora, el equipo queda reforzado por Jaume Munar, Roberto Carball\u00e9s y Pablo Carre\u00f1o, que se unen a los ya anunciados Pedro Mart\u00ednez y Marcel Granollers.<\/p>\n<blockquote class=\"twitter-tweet\">\n<p lang=\"es\" dir=\"ltr\">Cambios en Espa\u00f1a para los Qualifiers del 13 y 14 de septiembre ante Dinamarca en Marbella \ud83c\uddea\ud83c\uddf8<\/p>\n<p>Jaume Munar, Roberto Carball\u00e9s y Pablo Carre\u00f1o se suman al equipo capitaneado por David Ferrer luego de que Carlos Alcaraz, tras la obtenci\u00f3n de su segundo US Open, y Alejandro\u2026 <a href=\"https:\/\/t.co\/ZOJ59vzVaE\" rel=\"nofollow\">pic.twitter.com\/ZOJ59vzVaE<\/a><\/p>\n<p>\u2014 Copa Davis (@CopaDavis) <a href=\"https:\/\/twitter.com\/CopaDavis\/status\/1964973348947182023?ref_src=twsrc%5Etfw\" rel=\"nofollow noopener\" target=\"_blank\">September 8, 2025<\/a><\/p><\/blockquote>\n<p class=\"v-p\">La eliminatoria se desarrollar\u00e1 bajo un formato con dos individuales el s\u00e1bado y un dobles seguido por dos individuales el domingo .<\/p>\n<p class=\"v-p\">La baja del actual n\u00famero 1 y 2 de Espa\u00f1a respectivamente, supone un rev\u00e9s importante para la Armada, ya que la RFET hab\u00eda depositado en ellos la esperanza de encarrilar la eliminatoria desde el primer d\u00eda.<\/p>\n<p class=\"v-p\">Por parte del equipo dan\u00e9s, la dupla Frederic Nielsen como capit\u00e1n y Holger Rune, actual n\u00famero 11 del mundo, encabezar\u00e1 al rival, con un grupo competitivo que incluye a Elmer M\u00f8ller, August Holmgren, Johannes Ingildsen y Christian Sigsgaard.<\/p>\n<p class=\"v-p\">Este enfrentamiento, que se disputar\u00e1 en la superficie favorita del tenis espa\u00f1ol, la tierra batida, repesenta para Espa\u00f1a la ocasi\u00f3n para llegar a las Finales (\u00abFinal 8\u00bb) que se disputar\u00e1n en Bolonia en noviembre. Con el capit\u00e1n David Ferrer al frente y el refuerzo del campe\u00f3n ol\u00edmpico Marc L\u00f3pez en el cuerpo t\u00e9cnico, Espa\u00f1a conf\u00eda en que el apoyo local y la experiencia de los convocados, encabezados ahora por Jaume Munar, suplir\u00e1n la baja de las dos estrellas.<\/p>\n<p>Comenta<\/p>\n<p>Reporta un error<\/p>\n<p><script async src=\"https:\/\/platform.twitter.com\/widgets.js\" charset=\"utf-8\"><\/script><\/p>\n","protected":false},"excerpt":{"rendered":"Alcaraz y Davidovich, baja inesperada de la selecci\u00f3n espa\u00f1ola para la Copa Davis El equipo espa\u00f1ol sufre dos&hellip;\n","protected":false},"author":2,"featured_media":102367,"comment_status":"","ping_status":"","sticky":false,"template":"","format":"standard","meta":{"footnotes":""},"categories":[274],"tags":[4736,6814,2493,2911,2494,168,25,24,2501,6055,1988,23,167,327,326],"class_list":{"0":"post-102366","1":"post","2":"type-post","3":"status-publish","4":"format-standard","5":"has-post-thumbnail","7":"category-tenis","8":"tag-alcaraz","9":"tag-baja","10":"tag-copa","11":"tag-davidovich","12":"tag-davis","13":"tag-deportes","14":"tag-es","15":"tag-espana","16":"tag-espanola","17":"tag-inesperada","18":"tag-seleccion","19":"tag-spain","20":"tag-sports","21":"tag-tenis","22":"tag-tennis"},"share_on_mastodon":{"url":"","error":""},"_links":{"self":[{"href":"https:\/\/www.europesays.com\/es\/wp-json\/wp\/v2\/posts\/102366","targetHints":{"allow":["GET"]}}],"collection":[{"href":"https:\/\/www.europesays.com\/es\/wp-json\/wp\/v2\/posts"}],"about":[{"href":"https:\/\/www.europesays.com\/es\/wp-json\/wp\/v2\/types\/post"}],"author":[{"embeddable":true,"href":"https:\/\/www.europesays.com\/es\/wp-json\/wp\/v2\/users\/2"}],"replies":[{"embeddable":true,"href":"https:\/\/www.europesays.com\/es\/wp-json\/wp\/v2\/comments?post=102366"}],"version-history":[{"count":0,"href":"https:\/\/www.europesays.com\/es\/wp-json\/wp\/v2\/posts\/102366\/revisions"}],"wp:featuredmedia":[{"embeddable":true,"href":"https:\/\/www.europesays.com\/es\/wp-json\/wp\/v2\/media\/102367"}],"wp:attachment":[{"href":"https:\/\/www.europesays.com\/es\/wp-json\/wp\/v2\/media?parent=102366"}],"wp:term":[{"taxonomy":"category","embeddable":true,"href":"https:\/\/www.europesays.com\/es\/wp-json\/wp\/v2\/categories?post=102366"},{"taxonomy":"post_tag","embeddable":true,"href":"https:\/\/www.europesays.com\/es\/wp-json\/wp\/v2\/tags?post=102366"}],"curies":[{"name":"wp","href":"https:\/\/api.w.org\/{rel}","templated":true}]}}