{"id":102373,"date":"2025-09-09T01:21:10","date_gmt":"2025-09-09T01:21:10","guid":{"rendered":"https:\/\/www.europesays.com\/es\/102373\/"},"modified":"2025-09-09T01:21:10","modified_gmt":"2025-09-09T01:21:10","slug":"iker-losada-podra-jugar-contra-el-betis","status":"publish","type":"post","link":"https:\/\/www.europesays.com\/es\/102373\/","title":{"rendered":"Iker Losada podr\u00e1 jugar contra el Betis"},"content":{"rendered":"<p>El futbolista gallego juega como cedido en el Levante, pr\u00f3ximo rival de los verdiblancos<\/p>\n<p><img fetchpriority=\"high\" class=\"voc-img\" src=\"https:\/\/www.europesays.com\/es\/wp-content\/uploads\/2025\/09\/bcb06758947cc44d31f242702d793b8d-RFJPtJkLPMzoLbsBFp9DGPJ-1200x840@diario_abc.jpeg\" loading=\"eager\" decoding=\"async\" alt=\"Iker Losada, durante el Elche - Levante\" width=\"1200\" height=\"840\"\/><\/p>\n<p>Iker Losada, durante el Elche &#8211; Levante    LaLiga  <\/p>\n<p><img decoding=\"async\" class=\"voc-author__img\" src=\"https:\/\/www.europesays.com\/es\/wp-content\/uploads\/2025\/08\/autor-6269-foto-5.jpeg\" alt=\"Nacho P\u00e9rez\"\/><\/p>\n<p>08\/09\/2025<br \/>\n<br \/><strong><br \/>\nActualizado a las 20:32h.<br \/>\n<\/strong><\/p>\n<p class=\"voc-p\" style=\"\">El <strong>Betis<\/strong> regresar\u00e1 a la competici\u00f3n el pr\u00f3ximo domingo cuando visite al <strong>Levante<\/strong> en el partido correspondiente a la jornada 4 de LaLiga EA Sports. El equipo de Manuel Pellegrini preparar\u00e1 el encuentro que disputar\u00e1 en Valencia y en el que se enfrentar\u00e1 a <strong>Iker Losada<\/strong>, futbolista cedido por el cuadro verdiblanco en el Levante. <\/p>\n<p class=\"voc-p\" style=\"\">No se incluy\u00f3 en el acuerdo para el pr\u00e9stamo del futbolista gallego la conocida &#8216;cl\u00e1usula del miedo&#8217;. Aunque ha dejado de ser v\u00e1lida, los clubes siguen camuflando esta condici\u00f3n  a trav\u00e9s de la inclusi\u00f3n de pagos si el futbolista en cuesti\u00f3n juega contra el equipo del que procede. Por lo tanto, <strong>Iker Losada podr\u00e1 jugar contra el Betis<\/strong> si Calero lo considera necesario. El centrocampista de 24 a\u00f1os ha participado ya en dos encuentros con el Levante, aunque en ambas ocasiones parti\u00f3 como suplente. <\/p>\n<p class=\"voc-p\" style=\"\">Losada firm\u00f3 por el Betis en el verano de 2024 procedente del Racing de Ferrol  y form\u00f3 parte de la plantilla de Manuel Pellegrini durante el primer tramo de la pasada campa\u00f1a. Durante el mercado de fichajes invernal acab\u00f3 recalando en el Celta como futbolista cedido y ahora este verano ha vuelto a salir para formar parte de la plantilla del Levante en su regreso a Primera. Iker Losada tiene contrato firmado con el Betis hasta 2029.<\/p>\n<p>Reportar un error<\/p>\n","protected":false},"excerpt":{"rendered":"El futbolista gallego juega como cedido en el Levante, pr\u00f3ximo rival de los verdiblancos Iker Losada, durante el&hellip;\n","protected":false},"author":2,"featured_media":102374,"comment_status":"","ping_status":"","sticky":false,"template":"","format":"standard","meta":{"footnotes":""},"categories":[268],"tags":[291,168,25,24,280,282,12929,7532,35942,15870,281,23,167],"class_list":{"0":"post-102373","1":"post","2":"type-post","3":"status-publish","4":"format-standard","5":"has-post-thumbnail","7":"category-futbol","8":"tag-betis","9":"tag-deportes","10":"tag-es","11":"tag-espana","12":"tag-football","13":"tag-futbol","14":"tag-iker","15":"tag-jugar","16":"tag-losada","17":"tag-podra","18":"tag-soccer","19":"tag-spain","20":"tag-sports"},"share_on_mastodon":{"url":"","error":""},"_links":{"self":[{"href":"https:\/\/www.europesays.com\/es\/wp-json\/wp\/v2\/posts\/102373","targetHints":{"allow":["GET"]}}],"collection":[{"href":"https:\/\/www.europesays.com\/es\/wp-json\/wp\/v2\/posts"}],"about":[{"href":"https:\/\/www.europesays.com\/es\/wp-json\/wp\/v2\/types\/post"}],"author":[{"embeddable":true,"href":"https:\/\/www.europesays.com\/es\/wp-json\/wp\/v2\/users\/2"}],"replies":[{"embeddable":true,"href":"https:\/\/www.europesays.com\/es\/wp-json\/wp\/v2\/comments?post=102373"}],"version-history":[{"count":0,"href":"https:\/\/www.europesays.com\/es\/wp-json\/wp\/v2\/posts\/102373\/revisions"}],"wp:featuredmedia":[{"embeddable":true,"href":"https:\/\/www.europesays.com\/es\/wp-json\/wp\/v2\/media\/102374"}],"wp:attachment":[{"href":"https:\/\/www.europesays.com\/es\/wp-json\/wp\/v2\/media?parent=102373"}],"wp:term":[{"taxonomy":"category","embeddable":true,"href":"https:\/\/www.europesays.com\/es\/wp-json\/wp\/v2\/categories?post=102373"},{"taxonomy":"post_tag","embeddable":true,"href":"https:\/\/www.europesays.com\/es\/wp-json\/wp\/v2\/tags?post=102373"}],"curies":[{"name":"wp","href":"https:\/\/api.w.org\/{rel}","templated":true}]}}