{"id":102375,"date":"2025-09-09T01:22:15","date_gmt":"2025-09-09T01:22:15","guid":{"rendered":"https:\/\/www.europesays.com\/es\/102375\/"},"modified":"2025-09-09T01:22:15","modified_gmt":"2025-09-09T01:22:15","slug":"tengo-50-anos-mi-madre-y-mi-abuela-a-esta-edad-estaban-en-quimioterapia","status":"publish","type":"post","link":"https:\/\/www.europesays.com\/es\/102375\/","title":{"rendered":"Tengo 50 a\u00f1os, mi madre y mi abuela, a esta edad, estaban en quimioterapia"},"content":{"rendered":"<p id=\"edZmdVB9DM\" data-wc=\"99\">Una vez m\u00e1s, <strong>Angelina Jolie <\/strong>acapar\u00f3 todos los flashes. Esta vez, fue durante el Festival Internacional de Cine de Toronto, al que asisti\u00f3 el domingo 7 de septiembre como parte del elenco de Couture, la pel\u00edcula en la que interpreta a una directora de cine estadounidense que busca abrirse camino en la industria de la moda en Par\u00eds mientras enfrenta un diagn\u00f3stico m\u00e9dico grave y atraviesa un divorcio. Durante su paso por la alfombra roja, atendi\u00f3 a numerosos medios,<strong>\u00a0pero en una de las entrevistas no pudo contener las l\u00e1grimas al hablar sobre el c\u00e1ncer recordando a su madre.<\/strong><\/p>\n<p> <img src=\"https:\/\/www.europesays.com\/es\/wp-content\/uploads\/2025\/09\/891c6842cf30-gettyimages-2234187816.jpg\"   width=\"682\" height=\"1024\" loading=\"lazy\" decoding=\"async\" alt=\"Media Image\" fetchpriority=\"auto\" class=\"image ho-image\"\/>\u00a9 Getty Images<\/p>\n<p id=\"eaYHtA6b2n\" data-wc=\"89\">La ganadora del Oscar por Inocencia interrumpida interpreta en Couture a Maxine, una directora de cine estadounidense contratada para realizar un video para un evento de moda en Par\u00eds, mientras enfrenta un diagn\u00f3stico de c\u00e1ncer de mama y un divorcio. Precisamente por este motivo, durante las entrevistas en el photocall, uno de los asistentes le coment\u00f3 que <a class=\"hm-link\" href=\"https:\/\/www.hola.com\/actualidad\/20250206812310\/las-emocionantes-palabras-de-angelina-jolie-sobre-su-madre-al-recibir-un-premio\/\" data-mrf-recirculation=\"article-body-link\" rel=\"nofollow noopener\" target=\"_blank\">acababa de perder a un amigo por la enfermedad y le pregunt\u00f3 qu\u00e9 mensaje de \u00abesperanza<\/a>\u00bb pod\u00eda compartir para quienes la padecen. \u00abLo siento mucho\u00bb, fueron las primeras palabras de la actriz.<\/p>\n<p> <img src=\"https:\/\/www.europesays.com\/es\/wp-content\/uploads\/2025\/09\/254f5dee3a94-gettyimages-2234188646.jpg\"   width=\"1024\" height=\"682\" loading=\"lazy\" decoding=\"async\" alt=\"Media Image\" fetchpriority=\"auto\" class=\"image ho-image\"\/>\u00a9 Getty Images<\/p>\n<p id=\"e7NIWxi3Tc\" data-wc=\"73\">Una pregunta que provoc\u00f3 que la estrella de la gran pantalla se emocionara, ya que Angelina Jolie perdi\u00f3 a su madre, Marcheline Bertrand, por c\u00e1ncer en 2007, a los 56 a\u00f1os. \u00abCreo que te contar\u00e9 algo que <strong>recuerdo que mi madre dec\u00eda cuando ten\u00eda c\u00e1ncer. Una vez, mientras cen\u00e1bamos, le pregunt\u00e9 c\u00f3mo se sent\u00eda, y ella me respondi\u00f3: &#8216;Todo el mundo me pregunta solo sobre el c\u00e1ncer'\u00bb<\/strong>, comenz\u00f3 explicando la protagonista de Mal\u00e9fica. <\/p>\n<p> <img src=\"https:\/\/www.europesays.com\/es\/wp-content\/uploads\/2025\/09\/3a12a80ba330-gettyimages-2234217459.jpg\"   width=\"1024\" height=\"595\" loading=\"lazy\" decoding=\"async\" alt=\"Media Image\" fetchpriority=\"auto\" class=\"image ho-image\"\/><\/p>\n<p> <img src=\"https:\/\/www.europesays.com\/es\/wp-content\/uploads\/2025\/09\/3319ce23f649-gettyimages-2233673549.jpg\"   width=\"682\" height=\"1024\" loading=\"lazy\" decoding=\"async\" alt=\"Media Image\" fetchpriority=\"auto\" class=\"image ho-image\"\/>\u00a9 Getty Images<\/p>\n<p id=\"eIgSCSAWcOf\" data-wc=\"107\">A continuaci\u00f3n,<a class=\"hm-link\" href=\"https:\/\/www.hola.com\/actualidad\/20200511167700\/angelina-jolie-carta-madre\/\" data-mrf-recirculation=\"article-body-link\" rel=\"nofollow noopener\" target=\"_blank\">\u00a0quiso darle ese consejo que el asistente le hab\u00eda pedido:\u00a0<\/a>\u00abAs\u00ed que yo dir\u00eda, si conoces a alguien que est\u00e9 pasando por algo, preg\u00fantale tambi\u00e9n sobre todo lo dem\u00e1s en su vida, \u00bfsabes?<strong>\u00a0Es una persona completa y sigue viva\u00bb.<\/strong> \u00abAhora tengo 50 a\u00f1os. Mi madre y mi abuela a esta edad estaban en quimioterapia\u201d, continu\u00f3 reflexionando ante los medios. \u201cTodos tenemos cosas que nos preocupan o personas a las que queremos. Y eso nos puede hacer ralentizarnos y sentir que no podemos movernos, que no podemos dar un paso, o nos puede hacer aprovechar al m\u00e1ximo esta vida antes de que se acabe\u00bb, zanj\u00f3.<\/p>\n<p> <img src=\"https:\/\/www.europesays.com\/es\/wp-content\/uploads\/2025\/09\/72c0f0838a40-gettyimages-2233673114.jpg\"   width=\"1024\" height=\"682\" loading=\"lazy\" decoding=\"async\" alt=\"Media Image\" fetchpriority=\"auto\" class=\"image ho-image\"\/>\u00a9 Getty Images<\/p>\n<p id=\"e1IABpTm5b\" data-wc=\"185\"><a class=\"hm-link\" href=\"https:\/\/www.hola.com\/actualidad\/20250206812310\/las-emocionantes-palabras-de-angelina-jolie-sobre-su-madre-al-recibir-un-premio\/\" data-mrf-recirculation=\"article-body-link\" rel=\"nofollow noopener\" target=\"_blank\">La madre de Angelina Jolie fue diagnosticada con c\u00e1ncer de ovario en 1999<\/a> y, posteriormente, le diagnosticaron c\u00e1ncer de mama antes de su muerte en enero de 2007. En febrero de 2013, a los 37 a\u00f1os, la int\u00e9rprete se someti\u00f3 a una doble mastectom\u00eda despu\u00e9s de conocer que ten\u00eda un gen hereditario que <strong>le podr\u00eda causar c\u00e1ncer de mama con un 87% de probabilidades<\/strong>. Dos a\u00f1os m\u00e1s tarde, y tras la muerte de su t\u00eda que ten\u00eda la misma alteraci\u00f3n gen\u00e9tica, se someti\u00f3 entonces a la extirpaci\u00f3n de los ovarios y las trompas de Falopio por tener un 50% de riesgo de sufrir c\u00e1ncer de ovarios, lo que supuso menopausia prematura pese a la terapia de remplazo hormonal. \u00abMe hicieron una mastectom\u00eda doble y luego me extirp\u00e9 los ovarios y las trompas de Falopio, lo que redujo significativamente, aunque no elimin\u00f3 por completo, mi riesgo de desarrollar c\u00e1ncer. A menudo me preguntan c\u00f3mo me han afectado mis decisiones m\u00e9dicas, y simplemente siento que <strong>tom\u00e9 decisiones para mejorar mis probabilidades de estar aqu\u00ed para ver a mis hijos crecer y conocer a mis nietos\u00bb, explic\u00f3 posteriormente.<\/strong><\/p>\n","protected":false},"excerpt":{"rendered":"Una vez m\u00e1s, Angelina Jolie acapar\u00f3 todos los flashes. Esta vez, fue durante el Festival Internacional de Cine&hellip;\n","protected":false},"author":2,"featured_media":102376,"comment_status":"","ping_status":"","sticky":false,"template":"","format":"standard","meta":{"footnotes":""},"categories":[174],"tags":[517,20128,255,146,147,25,24,256,23],"class_list":{"0":"post-102375","1":"post","2":"type-post","3":"status-publish","4":"format-standard","5":"has-post-thumbnail","7":"category-famosos","8":"tag-actualidad","9":"tag-angelina-jolie","10":"tag-celebrities","11":"tag-entertainment","12":"tag-entretenimiento","13":"tag-es","14":"tag-espana","15":"tag-famosos","16":"tag-spain"},"share_on_mastodon":{"url":"","error":""},"_links":{"self":[{"href":"https:\/\/www.europesays.com\/es\/wp-json\/wp\/v2\/posts\/102375","targetHints":{"allow":["GET"]}}],"collection":[{"href":"https:\/\/www.europesays.com\/es\/wp-json\/wp\/v2\/posts"}],"about":[{"href":"https:\/\/www.europesays.com\/es\/wp-json\/wp\/v2\/types\/post"}],"author":[{"embeddable":true,"href":"https:\/\/www.europesays.com\/es\/wp-json\/wp\/v2\/users\/2"}],"replies":[{"embeddable":true,"href":"https:\/\/www.europesays.com\/es\/wp-json\/wp\/v2\/comments?post=102375"}],"version-history":[{"count":0,"href":"https:\/\/www.europesays.com\/es\/wp-json\/wp\/v2\/posts\/102375\/revisions"}],"wp:featuredmedia":[{"embeddable":true,"href":"https:\/\/www.europesays.com\/es\/wp-json\/wp\/v2\/media\/102376"}],"wp:attachment":[{"href":"https:\/\/www.europesays.com\/es\/wp-json\/wp\/v2\/media?parent=102375"}],"wp:term":[{"taxonomy":"category","embeddable":true,"href":"https:\/\/www.europesays.com\/es\/wp-json\/wp\/v2\/categories?post=102375"},{"taxonomy":"post_tag","embeddable":true,"href":"https:\/\/www.europesays.com\/es\/wp-json\/wp\/v2\/tags?post=102375"}],"curies":[{"name":"wp","href":"https:\/\/api.w.org\/{rel}","templated":true}]}}