{"id":102397,"date":"2025-09-09T01:41:08","date_gmt":"2025-09-09T01:41:08","guid":{"rendered":"https:\/\/www.europesays.com\/es\/102397\/"},"modified":"2025-09-09T01:41:08","modified_gmt":"2025-09-09T01:41:08","slug":"cortes-de-trafico-garajes-bloqueados-y-calles-sin-aparcamiento","status":"publish","type":"post","link":"https:\/\/www.europesays.com\/es\/102397\/","title":{"rendered":"cortes de tr\u00e1fico, garajes bloqueados y calles sin aparcamiento"},"content":{"rendered":"<p><strong>La Vuelta Ciclista a Espa\u00f1a saldr\u00e1 este mi\u00e9rcoles 10 de septiembre desde O Barco de Valdeorras.<\/strong> Ser\u00e1 una <strong>jornada hist\u00f3rica y con gran impacto econ\u00f3mico y tur\u00edstico,<\/strong> pero tambi\u00e9n un d\u00eda muy <strong>complicado para circular. <\/strong>La Polic\u00eda Local <strong>pide a los vecinos paciencia<\/strong> y que, en la medida de lo posible, <strong>dejen el coche en casa.<\/strong><\/p>\n<p>El mi\u00e9rcoles, sin coches entre las 10:00 y las 14:30 horas<\/p>\n<p>El<strong> tramo comprendido entre el Hospital Comarcal, el CEDIE y la rotonda de A Proba <\/strong>quedar\u00e1 completamente cerrado al tr\u00e1fico durante la ma\u00f1ana. All\u00ed se concentrar\u00e1n los autobuses, camiones y veh\u00edculos de los equipos ciclistas.<\/p>\n<p>El <strong>Paseo do Malec\u00f3n<\/strong> tambi\u00e9n estar\u00e1 cortado desde la rotonda hasta el cruce de Pescadores, ocupado por los 77 motoristas y unos 30 coches de la Guardia Civil de Tr\u00e1fico.<\/p>\n<p>La<strong> salida oficial de la etapa ser\u00e1 a las 14:00 horas, <\/strong>a la altura del<strong> n\u00famero 56 de la avenida Conde de Fenosa <\/strong>(junto al Coren). La caravana se despejar\u00e1 en unos 20-30 minutos, aunque la retirada de la meta puede prolongarse m\u00e1s de una hora. Hasta entonces no se pordr\u00e1 restablecer totalmente la ciruclaci\u00f3n.<\/p>\n<p>Adem\u00e1s de los <strong>cortes en superficie,<\/strong> la Polic\u00eda Local advierte que el <strong>mi\u00e9rcoles 10 <\/strong>los vecinos de la calle Conde de Fenosa, <strong>no podr\u00e1n sacar sus coches de los garajes entre las 11:00 y las 15:00<\/strong> horas aproximadamente. En caso de necesitar el veh\u00edculo, recomiendan <strong>dejarlo previamente estacionado en la zona norte de la traves\u00eda.<\/strong><\/p>\n<p>Calles sin aparcamiento desde el martes<\/p>\n<p>Para dar espacio a la organizaci\u00f3n, desde el<strong> martes 9 por la tarde <\/strong>ya estar\u00e1 prohibido aparcar en:<\/p>\n<ul>\n<li><strong>Avenida Conde de Fenosa, entre el Hospital y la rotonda de A Proba.<\/strong><\/li>\n<li><strong>\u00a0Paseo do Malec\u00f3n.<\/strong><\/li>\n<li>\u00a0<strong>Calle Barco de \u00c1vila.<\/strong><\/li>\n<li><strong>Entorno del centro de salud.<\/strong><\/li>\n<\/ul>\n<p>Los coches que permanezcan en estas zonas <strong>ser\u00e1n retirados por la gr\u00faa<\/strong> y trasladados al dep\u00f3sito del antiguo matadero, sin sanci\u00f3n econ\u00f3mica. Agentes de la Polic\u00eda Local recorren estos d\u00edas las calles afectadas colocando carteles informativos.\u00a0<\/p>\n<p>Escolares y familias<\/p>\n<p>La coincidencia con el horario escolar es otro de los puntos cr\u00edticos. Los autobuses podr\u00e1n entrar sin problemas por la ma\u00f1ana, pero a <strong>la salida se prev\u00e9n retrasos de 10 a 20 minutos.<\/strong><\/p>\n<p>Para las familias que llevan a sus hijos en coche, el mensaje de la Polic\u00eda Local es claro:<strong> \u00abEse d\u00eda, es mejor que se olviden del coche\u00bb<\/strong>. Como alternativa, recomiendan estacionar en la zona de la antigua piscina climatizada, con acceso desde la N-120, y caminar hasta los colegios.<\/p>\n<p>Alternativas para aparcar<\/p>\n<p>Las zonas libres de restricciones ser\u00e1n:<\/p>\n<ul>\n<li><strong>Avenida Manuel Quiroga, la<\/strong>as casas baratas, calle Carr\u00faa y Os Nidos.<\/li>\n<li>Viloira<\/li>\n<li>Zona norte de la traves\u00eda, por encima de la v\u00eda del tren.<\/li>\n<\/ul>\n<p><strong>\u00abUn d\u00eda complicado, pero bonito\u00bb<\/strong><\/p>\n<p>\u00abVa a ser un d\u00eda complicado, pero tambi\u00e9n muy bonito\u00bb, resumi\u00f3 el <strong>inspector jefe de la Polic\u00eda Local, Fernando Lozano. <\/strong>Record\u00f3 que el martes habr\u00e1 actividades para los ni\u00f1os y que el mi\u00e9rcoles los aficionados podr\u00e1n acercarse a los autobuses, conocer a los ciclistas y disfrutar del ambiente de la carrera.<\/p>\n<p><img loading=\"lazy\" decoding=\"async\" width=\"394\" height=\"525\" alt=\"somoscomarca_20250908_obarco_junta_seguridad_local_vuelta1357\" src=\"https:\/\/www.europesays.com\/es\/wp-content\/uploads\/2025\/09\/2025090819210315314.jpg\" class=\"lazyload\"\/><\/p>\n<p>Tras la Vuelta, la Polic\u00eda Local de O Barco enlazar\u00e1 con el dispositivo de las fiestas patronales, adem\u00e1s de la manifestaci\u00f3n contra los incendios forestales prevista para el jueves por la tarde.<\/p>\n<p>Refuerzo de la seguridad<\/p>\n<p>El subdelegado del Gobierno en Ourense, <strong>Eladio Santos, presidi\u00f3 este lunes una Xunta Local de Seguridade Extraordinaria en O Barco. <\/strong>En la reuni\u00f3n participaron <strong>el alcalde, Aurentino Alonso; la directora territorial de Presidencia, Beatriz Fern\u00e1ndez; responsables de la Garda Civil, Polic\u00eda Nacional y Polic\u00eda Local<\/strong>, adem\u00e1s de miembros de la organizaci\u00f3n de la Vuelta.<\/p>\n<p>Santos subray\u00f3 que es la primera vez que O Barco ser\u00e1 punto de salida de la Vuelta y destac\u00f3 la importancia de que todo funcione para que en el futuro la carrera pueda volver al municipio. Pidi\u00f3 a la ciudadan\u00eda \u00abdisfrutar con responsabilidad y cumpliendo las normas\u00bb y puso en valor la coordinaci\u00f3n de las fuerzas de seguridad, que \u00abhacen un esfuerzo adicional para garantizar la seguridad del evento\u00bb.<\/p>\n<p><strong>La etapa recorrer\u00e1 143 kil\u00f3metros hasta el alto de El Morredero, <\/strong>en El Bierzo, y se espera una gran afluencia de visitantes\u00a0<\/p>\n","protected":false},"excerpt":{"rendered":"La Vuelta Ciclista a Espa\u00f1a saldr\u00e1 este mi\u00e9rcoles 10 de septiembre desde O Barco de Valdeorras. Ser\u00e1 una&hellip;\n","protected":false},"author":2,"featured_media":102398,"comment_status":"","ping_status":"","sticky":false,"template":"","format":"standard","meta":{"footnotes":""},"categories":[273],"tags":[517,313,312,168,35948,25,24,31219,7789,585,23,167],"class_list":{"0":"post-102397","1":"post","2":"type-post","3":"status-publish","4":"format-standard","5":"has-post-thumbnail","7":"category-ciclismo","8":"tag-actualidad","9":"tag-ciclismo","10":"tag-cycling","11":"tag-deportes","12":"tag-eladio-santos","13":"tag-es","14":"tag-espana","15":"tag-fernando-lozano","16":"tag-la-vuelta","17":"tag-seguridad","18":"tag-spain","19":"tag-sports"},"share_on_mastodon":{"url":"","error":""},"_links":{"self":[{"href":"https:\/\/www.europesays.com\/es\/wp-json\/wp\/v2\/posts\/102397","targetHints":{"allow":["GET"]}}],"collection":[{"href":"https:\/\/www.europesays.com\/es\/wp-json\/wp\/v2\/posts"}],"about":[{"href":"https:\/\/www.europesays.com\/es\/wp-json\/wp\/v2\/types\/post"}],"author":[{"embeddable":true,"href":"https:\/\/www.europesays.com\/es\/wp-json\/wp\/v2\/users\/2"}],"replies":[{"embeddable":true,"href":"https:\/\/www.europesays.com\/es\/wp-json\/wp\/v2\/comments?post=102397"}],"version-history":[{"count":0,"href":"https:\/\/www.europesays.com\/es\/wp-json\/wp\/v2\/posts\/102397\/revisions"}],"wp:featuredmedia":[{"embeddable":true,"href":"https:\/\/www.europesays.com\/es\/wp-json\/wp\/v2\/media\/102398"}],"wp:attachment":[{"href":"https:\/\/www.europesays.com\/es\/wp-json\/wp\/v2\/media?parent=102397"}],"wp:term":[{"taxonomy":"category","embeddable":true,"href":"https:\/\/www.europesays.com\/es\/wp-json\/wp\/v2\/categories?post=102397"},{"taxonomy":"post_tag","embeddable":true,"href":"https:\/\/www.europesays.com\/es\/wp-json\/wp\/v2\/tags?post=102397"}],"curies":[{"name":"wp","href":"https:\/\/api.w.org\/{rel}","templated":true}]}}