{"id":10242,"date":"2025-07-28T21:31:07","date_gmt":"2025-07-28T21:31:07","guid":{"rendered":"https:\/\/www.europesays.com\/es\/10242\/"},"modified":"2025-07-28T21:31:07","modified_gmt":"2025-07-28T21:31:07","slug":"este-palacio-gaditano-ha-vuelto-a-la-vida-con-una-terma-alberca-de-marmol-rosa-que-no-podras-dejar-de-mirar","status":"publish","type":"post","link":"https:\/\/www.europesays.com\/es\/10242\/","title":{"rendered":"Este palacio gaditano ha vuelto a la vida con una terma\/alberca de m\u00e1rmol rosa que no podr\u00e1s dejar de mirar"},"content":{"rendered":"<p><strong>M\u00e1rmol rosa para la piscina de un palacete gaditano inolvidable<\/strong><\/p>\n<p>Un flechazo. Eso es lo que sinti\u00f3 la pareja de austriacos que caminaban con sus dos hijas por El Puerto de Santa Mar\u00eda cuando se fij\u00f3 en <strong>uno de los muchos palacios<\/strong> que trufan la ciudad. De inmediato, supieron que deb\u00edan hacerse con \u00e9l. Y que deb\u00edan encargarle la reforma a los autores de otro flechazo: el que hab\u00edan sentido al <strong>ver las fotos de la <a href=\"https:\/\/www.revistaad.es\/lugares\/articulos\/casona-rural-badajoz-capricho-extremeno-lucas-herandez-gil\/22407\" rel=\"nofollow noopener\" target=\"_blank\">CASAVB<\/a>\u00a0publicada en las p\u00e1ginas de AD.<\/strong><\/p>\n<p>Eran <a data-offer-url=\"https:\/\/www.lucasyhernandezgil.com\/#\/home\" class=\"external-link\" data-event-click=\"{&quot;element&quot;:&quot;ExternalLink&quot;,&quot;outgoingURL&quot;:&quot;https:\/\/www.lucasyhernandezgil.com\/#\/home&quot;}\" href=\"https:\/\/www.lucasyhernandezgil.com\/#\/home\" rel=\"nofollow noopener\" target=\"_blank\">Lucas y Hern\u00e1ndez-Gil \/ Kresta Design<\/a> (AD 100), quienes supieron de inmediato c\u00f3mo sacar de su sue\u00f1o centenario aquel espacio privilegiado: inspir\u00e1ndose en la <strong>casa patio mediterr\u00e1nea<\/strong>. Buceando en el concepto, surgi\u00f3 el impluvium de la domus romana, es decir, la <strong>parte hundida del atrio<\/strong>, un peque\u00f1o estanque dise\u00f1ado para albergar el agua de lluvia que entraba por el <strong>compluvium (una gran abertura rectangular practicada en el techo)<\/strong> y trasladarla a una cisterna subterr\u00e1nea.<\/p>\n<p>El palacio del que se enamor\u00f3 la familia austriaca.<\/p>\n<p>\u00a9 JOSE HEVIA BLACH<\/p>\n<p>Detalle de la entrada.<\/p>\n<p>JOSE HEVIA BLACH<\/p>\n<p>El espacio que da la bienvenida a la casa, de 500 metros cuadrados divididos en tres plantas.<\/p>\n<p>JOSE HEVIA BLACH<\/p>\n<p>Aqu\u00ed, este espacio se reinterpreta a modo de alberca\/terma, lo que constituye \u201cel elemento m\u00e1s significativo del proyecto\u201d, en palabras de los arquitectos. \u201cAyuda a sobrellevar los veranos, pero permite su uso todo el a\u00f1o. <strong>Se incorpora al interior de la casa desde el patio como una terma contempor\u00e1nea,<\/strong> a la que se accede desde una sala con un gran banco semicircular alicatado con azulejo esmaltado amarillo y azul, a modo de apodyterium\u201d, contin\u00faan los ide\u00f3logos, refiri\u00e9ndose a la sala que se utilizaba como vestuario en las termas romanas.<\/p>\n<p>M\u00e1s all\u00e1 de esta actuaci\u00f3n definitoria, se requer\u00eda adecuar el espacio interior para el uso por parte de la familia y de sus amigos de manera independiente. Y tambi\u00e9n de los talentos que en el futuro tomar\u00e1n el piso m\u00e1s alto, que <strong>se dise\u00f1ar\u00e1, tambi\u00e9n por Lucas y Hern\u00e1ndez-Gil, a modo de residencia art\u00edstica.<\/strong> Ello ha requerido dividir la cocina en dos niveles y disponer nuevos ba\u00f1os y dormitorios, lo que se ha hecho sin dejar de respetar la estructura y distribuci\u00f3n originales. Por ello, <strong>las nuevas piezas se han configurado como \u2018cajas o grandes muebles\u2019<\/strong> que no llegan al techo y permiten ver el antiguo trazado.<\/p>\n","protected":false},"excerpt":{"rendered":"M\u00e1rmol rosa para la piscina de un palacete gaditano inolvidable Un flechazo. Eso es lo que sinti\u00f3 la&hellip;\n","protected":false},"author":2,"featured_media":10243,"comment_status":"","ping_status":"","sticky":false,"template":"","format":"standard","meta":{"footnotes":""},"categories":[173],"tags":[229,233,231,230,1530,232,234,146,147,25,24,23],"class_list":{"0":"post-10242","1":"post","2":"type-post","3":"status-publish","4":"format-standard","5":"has-post-thumbnail","7":"category-arte-y-diseno","8":"tag-arte","9":"tag-arte-y-diseno","10":"tag-arts","11":"tag-arts-and-design","12":"tag-casas-ad","13":"tag-design","14":"tag-diseno","15":"tag-entertainment","16":"tag-entretenimiento","17":"tag-es","18":"tag-espana","19":"tag-spain"},"share_on_mastodon":{"url":"","error":""},"_links":{"self":[{"href":"https:\/\/www.europesays.com\/es\/wp-json\/wp\/v2\/posts\/10242","targetHints":{"allow":["GET"]}}],"collection":[{"href":"https:\/\/www.europesays.com\/es\/wp-json\/wp\/v2\/posts"}],"about":[{"href":"https:\/\/www.europesays.com\/es\/wp-json\/wp\/v2\/types\/post"}],"author":[{"embeddable":true,"href":"https:\/\/www.europesays.com\/es\/wp-json\/wp\/v2\/users\/2"}],"replies":[{"embeddable":true,"href":"https:\/\/www.europesays.com\/es\/wp-json\/wp\/v2\/comments?post=10242"}],"version-history":[{"count":0,"href":"https:\/\/www.europesays.com\/es\/wp-json\/wp\/v2\/posts\/10242\/revisions"}],"wp:featuredmedia":[{"embeddable":true,"href":"https:\/\/www.europesays.com\/es\/wp-json\/wp\/v2\/media\/10243"}],"wp:attachment":[{"href":"https:\/\/www.europesays.com\/es\/wp-json\/wp\/v2\/media?parent=10242"}],"wp:term":[{"taxonomy":"category","embeddable":true,"href":"https:\/\/www.europesays.com\/es\/wp-json\/wp\/v2\/categories?post=10242"},{"taxonomy":"post_tag","embeddable":true,"href":"https:\/\/www.europesays.com\/es\/wp-json\/wp\/v2\/tags?post=10242"}],"curies":[{"name":"wp","href":"https:\/\/api.w.org\/{rel}","templated":true}]}}