{"id":102505,"date":"2025-09-09T03:08:10","date_gmt":"2025-09-09T03:08:10","guid":{"rendered":"https:\/\/www.europesays.com\/es\/102505\/"},"modified":"2025-09-09T03:08:10","modified_gmt":"2025-09-09T03:08:10","slug":"antiguos-companeros-y-ahora-nuevos-rivales","status":"publish","type":"post","link":"https:\/\/www.europesays.com\/es\/102505\/","title":{"rendered":"Antiguos compa\u00f1eros y ahora nuevos rivales"},"content":{"rendered":"<p>El Caser\u00edo afronta su hist\u00f3rico debut en Liga Asobal este viernes a las 20.30 horas en el pabell\u00f3n Artaleku de Ir\u00fan frente al Bidasoa. Han pasado ya m\u00e1s de 100 d\u00edas desde aquel 25 de mayo en que el conjunto amarillo lograba el ascenso a la m\u00e1xima categor\u00eda y son 22 jugadores los que integran la primera plantilla.<\/p>\n<p>Respecto al equipo que logr\u00f3 subir a Asobal, hay 10 jugadores que no siguen en el conjunto amarillo y sus destinos han sido de lo m\u00e1s variado.<\/p>\n<p>En Primera Nacional, tercera categor\u00eda del balonmano espa\u00f1ol, han recalado el portero \u00d3scar Ruiz, el extremo Francisco Ruiz y el primera l\u00ednea Pablo Campanario. \u00d3scar Ruiz volvi\u00f3 al Bola\u00f1os, con el que precisamente se enfrent\u00f3 al Caser\u00edo en la final del Trofeo Diputaci\u00f3n. Francisco Ruiz fich\u00f3 por el \u00a0Pozuelo y Pablo Campanario, que se traslad\u00f3 a Almer\u00eda por motivos personales, contin\u00faa su carrera en el Cantera Sur de El Ejido. Curiosamente, todos estos equipos est\u00e1n encuadrados en el Grupo F de Primera Nacional, por lo que se enfrentar\u00e1n entre s\u00ed.<\/p>\n<p><img decoding=\"async\" loading=\"lazy\" src=\"https:\/\/www.europesays.com\/es\/wp-content\/uploads\/2025\/09\/AB35FB30-143A-4AC3-B1254425FC982966.JPEG\" alt=\"\u00c1lex D\u00edaz lanza a porter\u00eda en un amistoso de pretemporada con el Atl\u00e9tico Valladolid. \" border=\"0\"\/>\u00c1lex D\u00edaz lanza a porter\u00eda en un amistoso de pretemporada con el Atl\u00e9tico Valladolid.  &#8211; Foto: Atl\u00e9tico ValladolidOtros tres jugadores dar\u00e1n el salto a la Liga Asobal con nuevo equipo y ser\u00e1n rivales del Caser\u00edo. Marcos Fis fich\u00f3 por dos temporadas con el Granollers. El ciudadreale\u00f1o viene de un verano intenso, en el que fue designado mejor jugador del Mundial Juvenil, en el que Espa\u00f1a fue finalista.<\/p>\n<p>Augusto Moreno de la Santa se comprometi\u00f3 con el otro reci\u00e9n ascendido, E\u00f3n Alicante, y el extremo \u00c1lex D\u00edaz, que lleg\u00f3 avanzada la temporada, fich\u00f3 por el Valladolid.<\/p>\n<p>En principio, el \u00fanico que seguir\u00e1 en Plata ser\u00e1 el argentino Santi Canepa, \u00a0que fich\u00f3 por el Ibiza.<\/p>\n<p><img decoding=\"async\" loading=\"lazy\" src=\"https:\/\/www.europesays.com\/es\/wp-content\/uploads\/2025\/09\/7FDC6884-4F0F-47D4-99B49B4BDBED547B.JPG\" alt=\"El E\u00f3n Alicante fue el destino de Augusto Moreno de la Santa.\" border=\"0\"\/>El E\u00f3n Alicante fue el destino de Augusto Moreno de la Santa. &#8211; Foto: E\u00f3n AlicanteSin destino confirmado, al menos de forma oficial al cierre de esta edici\u00f3n, est\u00e1n el extremo Toni Alegre y los primeras l\u00edneas Ognjen Radojicic y Jorge Silva.<\/p>\n<p><img decoding=\"async\" loading=\"lazy\" src=\"https:\/\/www.europesays.com\/es\/wp-content\/uploads\/2025\/09\/19B9A4E5-EE04-41B4-9CF4353F8509847C.JPG\" alt=\"Francisco Ruiz (13), en un tiempo muerto con el Pozuelo.\" border=\"0\"\/>Francisco Ruiz (13), en un tiempo muerto con el Pozuelo. &#8211; Foto: Rueda VillaverdeTodos ellos forman parte de la historia del Caser\u00edo, pero ahora inician una nueva etapa en su vida personal y en su carrera deportiva.<\/p>\n","protected":false},"excerpt":{"rendered":"El Caser\u00edo afronta su hist\u00f3rico debut en Liga Asobal este viernes a las 20.30 horas en el pabell\u00f3n&hellip;\n","protected":false},"author":2,"featured_media":102506,"comment_status":"","ping_status":"","sticky":false,"template":"","format":"standard","meta":{"footnotes":""},"categories":[278],"tags":[5644,376,1944,168,25,24,375,6079,35969,1675,3233,17747,2525,19423,23,167],"class_list":{"0":"post-102505","1":"post","2":"type-post","3":"status-publish","4":"format-standard","5":"has-post-thumbnail","7":"category-balonmano","8":"tag-almeria","9":"tag-balonmano","10":"tag-balonmano-caserio","11":"tag-deportes","12":"tag-es","13":"tag-espana","14":"tag-handball","15":"tag-ibiza","16":"tag-jorge-silva","17":"tag-liga-asobal","18":"tag-mundial-de-balonmano","19":"tag-oscar-ruiz","20":"tag-plata","21":"tag-pozuelo","22":"tag-spain","23":"tag-sports"},"share_on_mastodon":{"url":"","error":""},"_links":{"self":[{"href":"https:\/\/www.europesays.com\/es\/wp-json\/wp\/v2\/posts\/102505","targetHints":{"allow":["GET"]}}],"collection":[{"href":"https:\/\/www.europesays.com\/es\/wp-json\/wp\/v2\/posts"}],"about":[{"href":"https:\/\/www.europesays.com\/es\/wp-json\/wp\/v2\/types\/post"}],"author":[{"embeddable":true,"href":"https:\/\/www.europesays.com\/es\/wp-json\/wp\/v2\/users\/2"}],"replies":[{"embeddable":true,"href":"https:\/\/www.europesays.com\/es\/wp-json\/wp\/v2\/comments?post=102505"}],"version-history":[{"count":0,"href":"https:\/\/www.europesays.com\/es\/wp-json\/wp\/v2\/posts\/102505\/revisions"}],"wp:featuredmedia":[{"embeddable":true,"href":"https:\/\/www.europesays.com\/es\/wp-json\/wp\/v2\/media\/102506"}],"wp:attachment":[{"href":"https:\/\/www.europesays.com\/es\/wp-json\/wp\/v2\/media?parent=102505"}],"wp:term":[{"taxonomy":"category","embeddable":true,"href":"https:\/\/www.europesays.com\/es\/wp-json\/wp\/v2\/categories?post=102505"},{"taxonomy":"post_tag","embeddable":true,"href":"https:\/\/www.europesays.com\/es\/wp-json\/wp\/v2\/tags?post=102505"}],"curies":[{"name":"wp","href":"https:\/\/api.w.org\/{rel}","templated":true}]}}