{"id":102507,"date":"2025-09-09T03:09:08","date_gmt":"2025-09-09T03:09:08","guid":{"rendered":"https:\/\/www.europesays.com\/es\/102507\/"},"modified":"2025-09-09T03:09:08","modified_gmt":"2025-09-09T03:09:08","slug":"borja-ximelis-por-bruno-martinez-en-villaseca-de-la-sagra","status":"publish","type":"post","link":"https:\/\/www.europesays.com\/es\/102507\/","title":{"rendered":"Borja Ximelis, por Bruno Mart\u00ednez en Villaseca de la Sagra"},"content":{"rendered":"<p>El novillero Bruno Mart\u00ednez, que result\u00f3 cogido en la tarde de este domingo en la plaza de toros de Peralta, no podr\u00e1 hacer el pase\u00edllo ma\u00f1ana en la localidad toledana. En su lugar, ocupar\u00e1 su puesto en el cartel el novillero Borja Ximelis, que har\u00e1 as\u00ed su presentaci\u00f3n en el ciclo y tomar\u00e1 parte en la novillada prevista con ejemplares de la ganader\u00eda de Jos\u00e9 Escolar. El ayuntamiento de Villaseca de la Sagra desea una pronta recuperaci\u00f3n a Bruno Mart\u00ednez.<\/p>\n","protected":false},"excerpt":{"rendered":"El novillero Bruno Mart\u00ednez, que result\u00f3 cogido en la tarde de este domingo en la plaza de toros&hellip;\n","protected":false},"author":2,"featured_media":102508,"comment_status":"","ping_status":"","sticky":false,"template":"","format":"standard","meta":{"footnotes":""},"categories":[277],"tags":[45,373,168,25,24,23,167,374,9519],"class_list":{"0":"post-102507","1":"post","2":"type-post","3":"status-publish","4":"format-standard","5":"has-post-thumbnail","7":"category-toreo","8":"tag-45","9":"tag-bullfighting","10":"tag-deportes","11":"tag-es","12":"tag-espana","13":"tag-spain","14":"tag-sports","15":"tag-toreo","16":"tag-villaseca-de-la-sagra"},"share_on_mastodon":{"url":"","error":""},"_links":{"self":[{"href":"https:\/\/www.europesays.com\/es\/wp-json\/wp\/v2\/posts\/102507","targetHints":{"allow":["GET"]}}],"collection":[{"href":"https:\/\/www.europesays.com\/es\/wp-json\/wp\/v2\/posts"}],"about":[{"href":"https:\/\/www.europesays.com\/es\/wp-json\/wp\/v2\/types\/post"}],"author":[{"embeddable":true,"href":"https:\/\/www.europesays.com\/es\/wp-json\/wp\/v2\/users\/2"}],"replies":[{"embeddable":true,"href":"https:\/\/www.europesays.com\/es\/wp-json\/wp\/v2\/comments?post=102507"}],"version-history":[{"count":0,"href":"https:\/\/www.europesays.com\/es\/wp-json\/wp\/v2\/posts\/102507\/revisions"}],"wp:featuredmedia":[{"embeddable":true,"href":"https:\/\/www.europesays.com\/es\/wp-json\/wp\/v2\/media\/102508"}],"wp:attachment":[{"href":"https:\/\/www.europesays.com\/es\/wp-json\/wp\/v2\/media?parent=102507"}],"wp:term":[{"taxonomy":"category","embeddable":true,"href":"https:\/\/www.europesays.com\/es\/wp-json\/wp\/v2\/categories?post=102507"},{"taxonomy":"post_tag","embeddable":true,"href":"https:\/\/www.europesays.com\/es\/wp-json\/wp\/v2\/tags?post=102507"}],"curies":[{"name":"wp","href":"https:\/\/api.w.org\/{rel}","templated":true}]}}