{"id":102511,"date":"2025-09-09T03:13:08","date_gmt":"2025-09-09T03:13:08","guid":{"rendered":"https:\/\/www.europesays.com\/es\/102511\/"},"modified":"2025-09-09T03:13:08","modified_gmt":"2025-09-09T03:13:08","slug":"vingegaard-vs-almeida-claves-de-la-3a-semana-de-la-vuelta-2025","status":"publish","type":"post","link":"https:\/\/www.europesays.com\/es\/102511\/","title":{"rendered":"Vingegaard vs Almeida | Claves de la 3\u00aa semana de La Vuelta 2025"},"content":{"rendered":"<p>La <strong>Vuelta a Espa\u00f1a<\/strong> 2025 entra en su <strong>tramo final <\/strong>de competici\u00f3n con dos \u00fanicos aspirantes al triunfo final a estas alturas de competici\u00f3n: <strong>Jonas Vingegaard (Visma) y Joao Almeida<\/strong> (UAE).<\/p>\n<p>El dan\u00e9s parte en estos momentos con <strong>48 segundos de ventaja<\/strong> sobre el portugu\u00e9s, logrados tras su victoria de etapa al final de la primera semana en Valdezcaray, pero sin capacidad de dejar la carrera sentenciada en las dos etapas asturianas, que cerraban la dur\u00edsima segunda semana de la ronda espa\u00f1ola.<\/p>\n<p>De hecho, y pese a que Vingegaard resisti\u00f3 ante todas y cada una de las acometidas de Almeida, fue el portugu\u00e9s quien trat\u00f3 de desbancar al dos veces ganador del Tour de Francia en las <strong>rampas del Angliru y La Farrapona<\/strong>.<\/p>\n<p>Todo qued\u00f3 en \u00abempate t\u00e9cnico\u00bb entre el corredor de Visma y el de UAE y la pelea por el maillot rojo se decidir\u00e1 en la tercera y definitiva semana de carrera, a priori menos dura que la segunda, pero que cuenta con hasta tres jornadas que destacan por encima del resto, con el regreso de <strong>la Bola del Mundo como colof\u00f3n<\/strong> de la prueba.<\/p>\n<p>Almeida triunfa pese al convulso ambiente en UAE<\/p>\n<p>El portugu\u00e9s <strong>Joao Almeida est\u00e1 mostrando el mejor estado de forma <\/strong>de su carrera hasta el momento pese a los duros momentos que est\u00e1 viviendo el equipo UAE, que comenz\u00f3 esta segunda semana haciendo frente al conflicto con el espa\u00f1ol Juan Ayuso y comunicando la ruptura de contrato al final de la presente temporada. Un contrato que un\u00eda a ambas partes hasta 2028.<\/p>\n<p>Pese a ello, el equipo emirat\u00ed ha sumado tres victorias de etapa, siendo el equipo m\u00e1s fuerte en las etapas reinas de la Vuelta por territorio asturiano y todo hace indicar que el \u00fanico capaz de vencer a Vingegaard en la \u00faltima grande de la temporada ser\u00eda el ciclista portugu\u00e9s.<\/p>\n<p>Vingegaard resiste a la defensiva<\/p>\n<p>Las <strong>dos etapas asturianas de alta monta\u00f1a<\/strong> parec\u00edan el escenario ideal para que Jonas Vingegaard impusiese su golpe de pedal y diera un <strong>golpe en la mesa<\/strong> en lo que a la general se refiere. <\/p>\n<p>Sin embargo, y pese a no dar muestras de debilidad en ning\u00fan momento, <strong>el ciclista dan\u00e9s tampoco ha sacado tiempo<\/strong> a su m\u00e1s inmediato rival. De hecho, aunque sea por tan solo dos segundos, ha perdido parte de su renta, situada en estos instantes en los 48 segundos.<\/p>\n<p>Queda la inc\u00f3gnita por tanto de si Jonas se ha reservado pensando en lo que queda por delante o si, por el contrario, ya no est\u00e1 en ese pico de forma en el que demostr\u00f3 estar cuando solt\u00f3 a todos sus rivales en las rampas de Valdezcaray, incluido el propio Almeida.<\/p>\n<p>La Bola del Mundo y la CRI, platos fuertes<\/p>\n<p>La madrile\u00f1a ascensi\u00f3n a <strong>La Bola del Mundo regresa 13 a\u00f1os despu\u00e9s<\/strong> al recorrido de la Vuelta a Espa\u00f1a y lo har\u00e1 en la pen\u00faltima jornada de competici\u00f3n, como ya lo hiciera en las dos ediciones en las que ha tenido presencia: 2010 y 2012.<\/p>\n<p>Lo har\u00e1 adem\u00e1s en la jornada con <strong>mayor desnivel positivo de la carrera (+4226)<\/strong> y tras 19 etapas, algo que separar\u00e1 el grano de la paja en caso de que la clasificaci\u00f3n llegue abierta a esa \u00faltima etapa de alta monta\u00f1a, porque el camino hasta la Bola esconde muchas trampas.<\/p>\n<p>La tercera semana arrancar\u00e1 en tierras gallegas con la etapa con final en Mos y paso por el <strong>Alto de Prado<\/strong> (1\u00aa categor\u00eda), el lugar donde Miguel \u00c1ngel L\u00f3pez puso pie a tierra tras la discusi\u00f3n con sus directores de equipo en Movistar en la edici\u00f3n de 2021.<\/p>\n<p>Al d\u00eda siguiente la carrera sale de Galicia para buscar territorio berciano, en una regi\u00f3n duramente castigada por los recientes incendios forestales y donde finalizar\u00e1 la 17\u00aa etapa de la Vuelta 2025. <\/p>\n<p>Ser\u00e1 una etapa monopuerto en el regreso de la prueba al <strong>Alto de El Morredero<\/strong>, que acogi\u00f3 finales de etapa en los a\u00f1os 1997 y 2006. Sin embargo, en esta ocasi\u00f3n se afrontar\u00e1 la subida por una nueva vertiente, con 8,8 kil\u00f3metros al 10% de pendiente media y un <strong>tramo central de 5 kil\u00f3metros por encima del 12%<\/strong>.<\/p>\n<p>Acto seguido llegar\u00e1 la esperada y habitual <strong>contrarreloj individual en Valladolid<\/strong>, de 27,2 km y donde Vingegaard y Almeida parten como favoritos de entre los hombres de la general. Por lo que quien salga victorioso de esta etapa, tiene todos los visos de acabar enfund\u00e1ndose el maillot rojo en el cl\u00e1sico final de la Vuelta por las calles de la capital espa\u00f1ola.<\/p>\n","protected":false},"excerpt":{"rendered":"La Vuelta a Espa\u00f1a 2025 entra en su tramo final de competici\u00f3n con dos \u00fanicos aspirantes al triunfo&hellip;\n","protected":false},"author":2,"featured_media":102512,"comment_status":"","ping_status":"","sticky":false,"template":"","format":"standard","meta":{"footnotes":""},"categories":[273],"tags":[313,312,168,25,24,23,167],"class_list":{"0":"post-102511","1":"post","2":"type-post","3":"status-publish","4":"format-standard","5":"has-post-thumbnail","7":"category-ciclismo","8":"tag-ciclismo","9":"tag-cycling","10":"tag-deportes","11":"tag-es","12":"tag-espana","13":"tag-spain","14":"tag-sports"},"share_on_mastodon":{"url":"","error":""},"_links":{"self":[{"href":"https:\/\/www.europesays.com\/es\/wp-json\/wp\/v2\/posts\/102511","targetHints":{"allow":["GET"]}}],"collection":[{"href":"https:\/\/www.europesays.com\/es\/wp-json\/wp\/v2\/posts"}],"about":[{"href":"https:\/\/www.europesays.com\/es\/wp-json\/wp\/v2\/types\/post"}],"author":[{"embeddable":true,"href":"https:\/\/www.europesays.com\/es\/wp-json\/wp\/v2\/users\/2"}],"replies":[{"embeddable":true,"href":"https:\/\/www.europesays.com\/es\/wp-json\/wp\/v2\/comments?post=102511"}],"version-history":[{"count":0,"href":"https:\/\/www.europesays.com\/es\/wp-json\/wp\/v2\/posts\/102511\/revisions"}],"wp:featuredmedia":[{"embeddable":true,"href":"https:\/\/www.europesays.com\/es\/wp-json\/wp\/v2\/media\/102512"}],"wp:attachment":[{"href":"https:\/\/www.europesays.com\/es\/wp-json\/wp\/v2\/media?parent=102511"}],"wp:term":[{"taxonomy":"category","embeddable":true,"href":"https:\/\/www.europesays.com\/es\/wp-json\/wp\/v2\/categories?post=102511"},{"taxonomy":"post_tag","embeddable":true,"href":"https:\/\/www.europesays.com\/es\/wp-json\/wp\/v2\/tags?post=102511"}],"curies":[{"name":"wp","href":"https:\/\/api.w.org\/{rel}","templated":true}]}}