{"id":102513,"date":"2025-09-09T03:14:14","date_gmt":"2025-09-09T03:14:14","guid":{"rendered":"https:\/\/www.europesays.com\/es\/102513\/"},"modified":"2025-09-09T03:14:14","modified_gmt":"2025-09-09T03:14:14","slug":"franco-colapinto-recibio-la-visita-y-el-consejo-de-un-campeon-del-mundo-en-el-gp-de-paises-bajos-es-un-privilegio","status":"publish","type":"post","link":"https:\/\/www.europesays.com\/es\/102513\/","title":{"rendered":"Franco Colapinto recibi\u00f3 la visita y el consejo de un campe\u00f3n del mundo en el GP de Pa\u00edses Bajos: \u00abEs un privilegio\u00bb"},"content":{"rendered":"<p data-testid=\"paragraph\" class=\"mb-[20px] md:mb-[30px] break-word\">En el <strong>Gran Premio de los Pa\u00edses Bajos<\/strong>, <a href=\"https:\/\/bolavip.com\/ar\/tema\/franco-colapinto\" target=\"_blank\" rel=\"noreferrer noopener nofollow\" class=\"break-word font-articleLinkText text-articleLinkText hover:text-articleLinkTextHover hover:bg-articleLinkTextHoverBg cursor-pointer border-solid border-b-articleLinkTextHover\">Franco Colapinto<\/a> firm\u00f3 su mejor actuaci\u00f3n desde que es piloto de <a href=\"https:\/\/bolavip.com\/ar\/tema\/alpine\" target=\"_blank\" rel=\"noreferrer noopener nofollow\" class=\"break-word font-articleLinkText text-articleLinkText hover:text-articleLinkTextHover hover:bg-articleLinkTextHoverBg cursor-pointer border-solid border-b-articleLinkTextHover\">Alpine<\/a> y se qued\u00f3 a las puertas de los puntos por un error de comunicaci\u00f3n de equipo. El rendimiento del argentino fue tal que <a href=\"https:\/\/bolavip.com\/ar\/formula-1\/briatore-solo-necesito-5-palabras-para-arrepentirse-y-llenar-de-elogios-a-colapinto-tras-el-gp-de-paises-bajos-de-la-formula-1\" target=\"_blank\" rel=\"noreferrer noopener nofollow\" class=\"break-word font-articleLinkText text-articleLinkText hover:text-articleLinkTextHover hover:bg-articleLinkTextHoverBg cursor-pointer border-solid border-b-articleLinkTextHover\">oblig\u00f3 a Flavio Briatore a retractarse<\/a> de <a href=\"https:\/\/bolavip.com\/ar\/formula-1\/desde-williams-arremeten-contra-flavio-briatore-por-la-presion-puesta-a-colapinto-en-alpine-un-mundo-muy-distinto\" target=\"_blank\" rel=\"noreferrer noopener nofollow\" class=\"break-word font-articleLinkText text-articleLinkText hover:text-articleLinkTextHover hover:bg-articleLinkTextHoverBg cursor-pointer border-solid border-b-articleLinkTextHover\">sus propias palabras del jueves<\/a>. <\/p>\n<p data-testid=\"paragraph\" class=\"mb-[20px] md:mb-[30px] break-word\">Ahora bien, hay grandes figuras que s\u00ed reconocen a Colapinto, y un campe\u00f3n del mundo lo hizo este fin de semana. Se trata de <a href=\"https:\/\/bolavip.com\/ar\/tema\/paulo-dybala\" target=\"_blank\" rel=\"noreferrer noopener nofollow\" class=\"break-word font-articleLinkText text-articleLinkText hover:text-articleLinkTextHover hover:bg-articleLinkTextHoverBg cursor-pointer border-solid border-b-articleLinkTextHover\">Paulo Dybala<\/a>, campe\u00f3n con la <a href=\"https:\/\/bolavip.com\/ar\/seleccion\" target=\"_blank\" rel=\"noreferrer noopener nofollow\" class=\"break-word font-articleLinkText text-articleLinkText hover:text-articleLinkTextHover hover:bg-articleLinkTextHoverBg cursor-pointer border-solid border-b-articleLinkTextHover\">Selecci\u00f3n Argentina<\/a> en Qatar 2022, que firm\u00f3 su vuelta a la cancha con la Roma tras varios meses de ausencia, y luego de ello viaj\u00f3 a los Pa\u00edses Bajos para alentar al piloto argentino.<\/p>\n<p data-testid=\"paragraph\" class=\"mb-[20px] md:mb-[30px] break-word\">Dybala y Colapinto tuvieron un breve encuentro durante el fin de semana de carrera, que bast\u00f3 para conocerse, intercambiar regalos y que el futbolista le dejara un peque\u00f1o consejo al piloto de Alpine. \u201c<strong>Es un placer, creo que un privilegio para nosotros que Franco nos represente<\/strong>, que sea tan seguido y querido, porque he visto que lo acompa\u00f1a mucho la gente tanto en el circuito como los fan\u00e1ticos en general\u201d, destac\u00f3 el cordob\u00e9s tras encontrarse con Colapinto.<\/p>\n<p><img decoding=\"async\" src=\"https:\/\/www.europesays.com\/es\/wp-content\/uploads\/2025\/09\/BAR_20250901_BAR_526855_dybalal-821x1024_04d2c726.webp&#038;width=650&#038;height=810.webp\" width=\"650\" height=\"810\" alt=\"Dybala le regal\u00f3 un par de camisetas a Colapinto y Briatore. (Alpine F1 Team)\" class=\"h-auto\" loading=\"lazy\"\/><\/p>\n<p class=\"text-center mt-5 text-[14px] leading-[20px] font-normal\">Dybala le regal\u00f3 un par de camisetas a Colapinto y Briatore. (Alpine F1 Team)<\/p>\n<p data-testid=\"paragraph\" class=\"mb-[20px] md:mb-[30px] break-word\">\u201cVi muchas camisetas y banderas argentinas, as\u00ed que le hacemos el aguante\u201d, asegur\u00f3 en di\u00e1logo con Fox Sports, y luego procedi\u00f3 a revelar el consejo que le dej\u00f3 al piloto argentino: \u201c<strong>Es parte del deporte que no salgan las cosas, pasa mucho<\/strong>, tambi\u00e9n hay que reconocer que hay muchos pilotos expertos, que son muy buenos, <strong>Franco est\u00e1 empezando, es muy joven tambi\u00e9n y tiene todo por delante, as\u00ed que hay que acompa\u00f1arlo<\/strong>. Este tipo de cosas en los deportes pasan y hay que trabajar porque ese es el \u00fanico modo de llegar a lo m\u00e1s alto\u201d, expres\u00f3.<\/p>\n<p>Colapinto, frente a su mejor oportunidad en la F1<\/p>\n<p data-testid=\"paragraph\" class=\"mb-[20px] md:mb-[30px] break-word\">Tras lo que fue el fin de semana de carrera en Zandvoort, ahora Franco Colapinto puede decir que lo peor qued\u00f3 atr\u00e1s en su primera temporada con Alpine en la F\u00f3rmula 1. De aqu\u00ed para adelante, ser\u00e1n todas carreras que conoce porque ya corri\u00f3 en la categor\u00eda durante su etapa en Williams.<\/p>\n<p><img decoding=\"async\" src=\"https:\/\/www.europesays.com\/es\/wp-content\/uploads\/2025\/09\/BAR_20250901_BAR_526855_colapinto-5-1024x576_2e4a1eba.webp&#038;width=1024&#038;height=576.webp\" width=\"1024\" height=\"576\" alt=\"Franco Colapinto en la F\u00f3rmula 1\" class=\"h-auto\" loading=\"lazy\"\/><\/p>\n<p class=\"text-center mt-5 text-[14px] leading-[20px] font-normal\">Franco Colapinto enfrentar\u00e1 la \u00faltima parte de la temporada con circuitos que conoce. (Alpine F1 Team)<\/p>\n<p data-testid=\"paragraph\" class=\"mb-[20px] md:mb-[30px] break-word\">Esa etapa en Williams comenz\u00f3 en el Gran Premio de Italia 2024, en el Circuito Internacional de Monza, recinto que visitar\u00e1 el pr\u00f3ximo fin de semana. De all\u00ed en m\u00e1s, <strong>Bak\u00fa, Singapur, Texas, M\u00e9xico, Interlagos, Las Vegas, Qatar y Abu Dhabi<\/strong> son todas pistas en las que el argentino ya ha rodado y que podr\u00edan significar un salto en su rendimiento en este 2025.<\/p>\n<p data-testid=\"paragraph\" class=\"break-word\">Depender\u00e1 de muchas cosas, principalmente del rendimiento del A525 en comparaci\u00f3n con el resto de los autos de la parrilla; pero al menos tendr\u00e1 una chance mayor de estar m\u00e1s cerca de los puntos.<\/p>\n","protected":false},"excerpt":{"rendered":"En el Gran Premio de los Pa\u00edses Bajos, Franco Colapinto firm\u00f3 su mejor actuaci\u00f3n desde que es piloto&hellip;\n","protected":false},"author":2,"featured_media":102514,"comment_status":"","ping_status":"","sticky":false,"template":"","format":"standard","meta":{"footnotes":""},"categories":[270],"tags":[168,25,24,306,271,272,1723,23,167],"class_list":{"0":"post-102513","1":"post","2":"type-post","3":"status-publish","4":"format-standard","5":"has-post-thumbnail","7":"category-formula-1","8":"tag-deportes","9":"tag-es","10":"tag-espana","11":"tag-f1","12":"tag-formula-1","13":"tag-formula1","14":"tag-franco-colapinto","15":"tag-spain","16":"tag-sports"},"share_on_mastodon":{"url":"","error":""},"_links":{"self":[{"href":"https:\/\/www.europesays.com\/es\/wp-json\/wp\/v2\/posts\/102513","targetHints":{"allow":["GET"]}}],"collection":[{"href":"https:\/\/www.europesays.com\/es\/wp-json\/wp\/v2\/posts"}],"about":[{"href":"https:\/\/www.europesays.com\/es\/wp-json\/wp\/v2\/types\/post"}],"author":[{"embeddable":true,"href":"https:\/\/www.europesays.com\/es\/wp-json\/wp\/v2\/users\/2"}],"replies":[{"embeddable":true,"href":"https:\/\/www.europesays.com\/es\/wp-json\/wp\/v2\/comments?post=102513"}],"version-history":[{"count":0,"href":"https:\/\/www.europesays.com\/es\/wp-json\/wp\/v2\/posts\/102513\/revisions"}],"wp:featuredmedia":[{"embeddable":true,"href":"https:\/\/www.europesays.com\/es\/wp-json\/wp\/v2\/media\/102514"}],"wp:attachment":[{"href":"https:\/\/www.europesays.com\/es\/wp-json\/wp\/v2\/media?parent=102513"}],"wp:term":[{"taxonomy":"category","embeddable":true,"href":"https:\/\/www.europesays.com\/es\/wp-json\/wp\/v2\/categories?post=102513"},{"taxonomy":"post_tag","embeddable":true,"href":"https:\/\/www.europesays.com\/es\/wp-json\/wp\/v2\/tags?post=102513"}],"curies":[{"name":"wp","href":"https:\/\/api.w.org\/{rel}","templated":true}]}}