{"id":102515,"date":"2025-09-09T03:15:11","date_gmt":"2025-09-09T03:15:11","guid":{"rendered":"https:\/\/www.europesays.com\/es\/102515\/"},"modified":"2025-09-09T03:15:11","modified_gmt":"2025-09-09T03:15:11","slug":"el-baskonia-hacia-la-tripleta-de-extranjeros","status":"publish","type":"post","link":"https:\/\/www.europesays.com\/es\/102515\/","title":{"rendered":"El Baskonia, hacia la tripleta de &#8216;extranjeros&#8217;"},"content":{"rendered":"<p>El mercado empuja al Baskonia hacia un excedente en el cupo de extracomunitarios, ya completo con Markus Howard y Trent Forrest. Ambos con nacionalidad estadounidense,  &#8230; el escolta y el base ocupan los dos asientos m\u00e1ximos que permite el marco de contrataci\u00f3n ACB. La labor de completar la plantilla con un tercer director de juego apuntaba a la necesidad de firmar un jugador con pasaporte europeo o proveniente de un pa\u00eds vinculado al tratado de Cotonou, pero las opciones no son f\u00e1ciles para un club que ya tiene en mente cambiar el plan ideal en busca del mejor baloncestista posible, sin mirar su procedencia. <\/p>\n<p class=\"v-p\">As\u00ed lo apunt\u00f3 el director deportivo azulgrana, F\u00e9lix Fern\u00e1ndez. \u00abNos planteamos ir a por un extracomunitario y adem\u00e1s no es descartable. Esperamos tener noticias en breve, en los pr\u00f3ximos d\u00edas\u00bb, afirm\u00f3 el dirigente azulgrana durante la presentaci\u00f3n ante los medios de comunicaci\u00f3n del joven base Rafa Villar. <\/p>\n<p class=\"v-p\">Adem\u00e1s, Fern\u00e1ndez asegur\u00f3 que la entidad vitoriana no busca, por el momento, la opci\u00f3n de que Howard o Forrest encuentren un pasaporte comunitario, un recurso utilizado la pasada campa\u00f1a con Kamar Baldwin, pero que tuvo que esperar a consumarse hasta noviembre, cuando debut\u00f3 con la selecci\u00f3n georgiana. \u00abSiempre est\u00e1s abierto a si surgen opciones o posibilidades de un cambio de estatus, pero ahora mismo no est\u00e1 sobre la mesa\u00bb, aclaro el director deportivo baskonista. <\/p>\n<p><a href=\"http:\/\/www.elcorreo.com\/baskonia\/villar-proceso-largo-mejorar-triples-20250908202545-nt.html#vtm_modulosEngag=mod-rel:baskonia:noticia:1:cmp:1-not\" class=\"v-a-link\" aria-label=\"Imagen\" rel=\"nofollow noopener\" target=\"_blank\"><\/p>\n<p><img decoding=\"async\" loading=\"lazy\" src=\"https:\/\/www.europesays.com\/es\/wp-content\/uploads\/2025\/09\/1C1A5660-kQc--366x256@El Correo.jpg\" class=\"v-a-img\" width=\"258\" height=\"180\" alt=\"\" data-voc-vtm-id=\"in-text-traffic\"\/><\/p>\n<p><\/a><\/p>\n<p class=\"v-p\">La perspectiva de contar con tres extracomunitarios coloca al Baskonia de Paolo Galbiati en una tesitura compleja en la competici\u00f3n dom\u00e9stica. De darse este escenario, la normativa le impondr\u00eda la obligaci\u00f3n de descartar a uno de los integrantes de la terna &#8216;extranjera&#8217; en cada duelo de la Liga ACB para cuadrar cupos, algo que, al menos, queda desterrado en la Euroliga. Desde hace a\u00f1os, la Asociaci\u00f3n de Clubes permite una permuta ilimitada de cambios, aunque prescindir de uno u otro jugador siempre supone una dif\u00edcil encrucijada para clubes que no cuentan con plantillas extralargas.<\/p>\n<p class=\"v-p\">Es el caso del Baskonia, que si no hay variaciones en la hoja de ruta, proyecta una plantilla de trece jugadores. Las complicaciones se agudizan si el \u00faltimo pasajero a\u00fan por reclutar llega desde el mercado estadounidense, la opci\u00f3n m\u00e1s factible. Entonces, la escuadra azulgrana contar\u00eda con dos americanos en un mismo puesto.<\/p>\n<p>\nSin pasaportes comunitarios\n<\/p>\n<p>La entidad azulgrana no tiene \u00absobre la mesa\u00bb que Forrest o Howard puedan cambiar su estatus<\/p>\n<p class=\"v-p\">As\u00ed, el dilema de Galbiati en cada cita dom\u00e9stica puede ser en extremo complicado: deber\u00e1 elegir entre dar de baja a su base principal (Forrest), su segundo timonel, a\u00fan por fichar, o su jugador estrella (Howard).<\/p>\n<p class=\"v-p\">Las estrecheces econ\u00f3micas azulgranas y un mercado de grandes cifras pero con piezas de calidad contadas recuerdan al Baskonia que no existe la construcci\u00f3n de plantilla perfecta. La \u00faltima pieza por contratar abre un frente con el que deber\u00e1 lidiar Galbiati si finalmente llega con pasaporte extracomunitario. Y lo hace justo en el verano en el que la entidad azulgrana hab\u00eda logrado cerrar un cupo de formaci\u00f3n con cinco jugadores ajenos, sobre el papel, a la vocaci\u00f3n de calentar banquillo. <\/p>\n","protected":false},"excerpt":{"rendered":"El mercado empuja al Baskonia hacia un excedente en el cupo de extracomunitarios, ya completo con Markus Howard&hellip;\n","protected":false},"author":2,"featured_media":102516,"comment_status":"","ping_status":"","sticky":false,"template":"","format":"standard","meta":{"footnotes":""},"categories":[269],"tags":[299,298,4714,3570,790,168,25,24,3071,23,167,603],"class_list":{"0":"post-102515","1":"post","2":"type-post","3":"status-publish","4":"format-standard","5":"has-post-thumbnail","7":"category-baloncesto","8":"tag-baloncesto","9":"tag-basketball","10":"tag-baskonia","11":"tag-cerca","12":"tag-contar","13":"tag-deportes","14":"tag-es","15":"tag-espana","16":"tag-extranjeros","17":"tag-spain","18":"tag-sports","19":"tag-tres"},"share_on_mastodon":{"url":"","error":""},"_links":{"self":[{"href":"https:\/\/www.europesays.com\/es\/wp-json\/wp\/v2\/posts\/102515","targetHints":{"allow":["GET"]}}],"collection":[{"href":"https:\/\/www.europesays.com\/es\/wp-json\/wp\/v2\/posts"}],"about":[{"href":"https:\/\/www.europesays.com\/es\/wp-json\/wp\/v2\/types\/post"}],"author":[{"embeddable":true,"href":"https:\/\/www.europesays.com\/es\/wp-json\/wp\/v2\/users\/2"}],"replies":[{"embeddable":true,"href":"https:\/\/www.europesays.com\/es\/wp-json\/wp\/v2\/comments?post=102515"}],"version-history":[{"count":0,"href":"https:\/\/www.europesays.com\/es\/wp-json\/wp\/v2\/posts\/102515\/revisions"}],"wp:featuredmedia":[{"embeddable":true,"href":"https:\/\/www.europesays.com\/es\/wp-json\/wp\/v2\/media\/102516"}],"wp:attachment":[{"href":"https:\/\/www.europesays.com\/es\/wp-json\/wp\/v2\/media?parent=102515"}],"wp:term":[{"taxonomy":"category","embeddable":true,"href":"https:\/\/www.europesays.com\/es\/wp-json\/wp\/v2\/categories?post=102515"},{"taxonomy":"post_tag","embeddable":true,"href":"https:\/\/www.europesays.com\/es\/wp-json\/wp\/v2\/tags?post=102515"}],"curies":[{"name":"wp","href":"https:\/\/api.w.org\/{rel}","templated":true}]}}