{"id":102519,"date":"2025-09-09T03:17:03","date_gmt":"2025-09-09T03:17:03","guid":{"rendered":"https:\/\/www.europesays.com\/es\/102519\/"},"modified":"2025-09-09T03:17:03","modified_gmt":"2025-09-09T03:17:03","slug":"la-infanta-sofia-reaparece-en-la-universidad-de-lisboa","status":"publish","type":"post","link":"https:\/\/www.europesays.com\/es\/102519\/","title":{"rendered":"La Infanta Sof\u00eda reaparece en la universidad de Lisboa"},"content":{"rendered":"<p data-journey-content=\"true\" data-node-id=\"3\" class=\"css-i9p093 emevuu60\">Este lunes 8 de septiembre, la <a href=\"https:\/\/www.diezminutos.es\/sofia-de-borbon\/\" target=\"_blank\" data-vars-ga-outbound-link=\"https:\/\/www.diezminutos.es\/sofia-de-borbon\/\" data-vars-ga-ux-element=\"Hyperlink\" data-vars-ga-call-to-action=\"infanta Sof\u00eda\" data-node-id=\"3.1\" class=\"body-link css-177bzfx emevuu60\" rel=\"nofollow noopener\">infanta Sof\u00eda<\/a> ha dado comienzo a un nuevo cap\u00edtulo de su vida. Despu\u00e9s de un verano en el que la hemos podido ver en <a href=\"https:\/\/www.diezminutos.es\/familia-real\/monarquia-espanola\/a65566717\/reina-letizia-leonor-sofia-cine-mallorca\/\" target=\"_blank\" data-vars-ga-outbound-link=\"https:\/\/www.diezminutos.es\/familia-real\/monarquia-espanola\/a65566717\/reina-letizia-leonor-sofia-cine-mallorca\/\" data-vars-ga-ux-element=\"Hyperlink\" data-vars-ga-call-to-action=\"diversos planes familiares en Mallorca con su madre\" data-node-id=\"3.3\" data-mrf-link=\"https:\/\/www.diezminutos.es\/familia-real\/monarquia-espanola\/a65566717\/reina-letizia-leonor-sofia-cine-mallorca\/\" class=\"body-link css-177bzfx emevuu60\" rel=\"nofollow noopener\">diversos planes familiares en Mallorca con su madre<\/a> y con<a href=\"https:\/\/www.diezminutos.es\/familia-real\/monarquia-espanola\/a65595142\/reina-sofia-recepcion-palacio-de-marivent-2025\/\" target=\"_blank\" data-vars-ga-outbound-link=\"https:\/\/www.diezminutos.es\/familia-real\/monarquia-espanola\/a65595142\/reina-sofia-recepcion-palacio-de-marivent-2025\/\" data-vars-ga-ux-element=\"Hyperlink\" data-vars-ga-call-to-action=\" su abuela, do\u00f1a Sof\u00eda, y su la infanta Irene\" data-node-id=\"3.5\" data-mrf-link=\"https:\/\/www.diezminutos.es\/familia-real\/monarquia-espanola\/a65595142\/reina-sofia-recepcion-palacio-de-marivent-2025\/\" class=\"body-link css-177bzfx emevuu60\" rel=\"nofollow noopener\"> su abuela, do\u00f1a Sof\u00eda, y su la infanta Irene<\/a>; La hija menor de los reyes <a href=\"https:\/\/www.diezminutos.es\/rey-don-felipe-fotos\/\" target=\"_blank\" data-vars-ga-outbound-link=\"https:\/\/www.diezminutos.es\/rey-don-felipe-fotos\/\" data-vars-ga-ux-element=\"Hyperlink\" data-vars-ga-call-to-action=\"Felipe\" data-node-id=\"3.7\" class=\"body-link css-177bzfx emevuu60\" rel=\"nofollow noopener\">Felipe<\/a> y<a href=\"https:\/\/www.diezminutos.es\/desvistiendo-a-letizia\/\" target=\"_blank\" data-vars-ga-outbound-link=\"https:\/\/www.diezminutos.es\/desvistiendo-a-letizia\/\" data-vars-ga-ux-element=\"Hyperlink\" data-vars-ga-call-to-action=\" Letizia\" data-node-id=\"3.9\" class=\"body-link css-177bzfx emevuu60\" rel=\"nofollow noopener\"> Letizia<\/a> ha puesto rumbo a Portugal para comenzar su nueva etapa: <strong data-node-id=\"3.11\">la universidad. <\/strong>Con la mayor\u00eda de edad arranca una nueva vida que realizar\u00e1, de nuevo, fuera de las fronteras de Espa\u00f1a. Tras unos a\u00f1os estudiando en Reino Unido, <strong data-node-id=\"3.13\">la joven ha elegido este pa\u00eds vecino, mucho m\u00e1s cercana a su familia, <\/strong>para poder desarrollar sus estudios de<a href=\"https:\/\/www.diezminutos.es\/familia-real\/monarquia-espanola\/a65439900\/infanta-sofia-estudios-carrera-casa-real\/\" target=\"_blank\" data-vars-ga-outbound-link=\"https:\/\/www.diezminutos.es\/familia-real\/monarquia-espanola\/a65439900\/infanta-sofia-estudios-carrera-casa-real\/\" data-vars-ga-ux-element=\"Hyperlink\" data-vars-ga-call-to-action=\" Ciencias Pol\u00edticas y Relaciones Internacionales en Forward College de Lisboa, \" data-node-id=\"3.15\" data-mrf-link=\"https:\/\/www.diezminutos.es\/familia-real\/monarquia-espanola\/a65439900\/infanta-sofia-estudios-carrera-casa-real\/\" class=\"body-link css-177bzfx emevuu60\" rel=\"nofollow noopener\"> Ciencias Pol\u00edticas y Relaciones Internacionales en Forward College de Lisboa, <\/a>un innovador centro privado y vinculado a la Universidad de Londres.<\/p>\n<p data-journey-content=\"true\" data-node-id=\"6\" class=\"css-i9p093 emevuu60\">El citado centro ha arrancado la llamada \u2018Semana de Introducci\u00f3n\u2019, que se prolongar\u00e1 hasta el pr\u00f3ximo d\u00eda 19, y ha querido compartir en sus redes sociales c\u00f3mo ha transcurrido este primer d\u00eda. <strong data-node-id=\"6.1\">En las im\u00e1genes se puede ver a la infanta como una alumna m\u00e1s<\/strong> relacion\u00e1ndose con sus nuevos compa\u00f1eros.<\/p>\n<p><img draggable=\"true\" alt=\"gathering of people participating in a team activity\" title=\"gathering of people participating in a team activity\" loading=\"lazy\" width=\"399\" height=\"663\" decoding=\"async\" data-nimg=\"1\" style=\"color:transparent;width:100%;height:auto;\"   src=\"https:\/\/www.europesays.com\/es\/wp-content\/uploads\/2025\/09\/infanta-sofia-uni-68bf2be83d998.jpeg\" class=\"css-0 e1g79fud0\"\/><\/p>\n<p>instagram<\/p>\n<p data-journey-content=\"true\" data-node-id=\"9\" class=\"css-i9p093 emevuu60\">En los Instagram stories del centro se puede ver el look que ha escogido la joven para este primer d\u00eda. Sof\u00eda lleva una <strong data-node-id=\"9.1\">c\u00f3moda y sencilla sudadera blanca<\/strong> con unos pantalones vaqueros claros. Un look de lo m\u00e1s sport para participar c\u00f3moda en todas las actividades y as\u00ed conocer a gente s\u00faper interesante. <\/p>\n<p data-journey-content=\"true\" data-node-id=\"13\" class=\"css-i9p093 emevuu60\">\u00ab<strong data-node-id=\"13.1\">Nuestros estudiantes est\u00e1n aprendiendo la importancia de la colaboraci\u00f3n y el trabajo en equipo<\/strong>\u00ab, han explicado desde las redes sociales de la mencionada instituci\u00f3n. Despu\u00e9s, la hermana de la <a href=\"https:\/\/www.diezminutos.es\/leonor-de-borbon\/\" target=\"_blank\" data-vars-ga-outbound-link=\"https:\/\/www.diezminutos.es\/leonor-de-borbon\/\" data-vars-ga-ux-element=\"Hyperlink\" data-vars-ga-call-to-action=\"princesa Leonor,\" data-node-id=\"13.3\" class=\"body-link css-177bzfx emevuu60\" rel=\"nofollow noopener\">princesa Leonor,<\/a> junto al resto de sus nuevos compa\u00f1eros, se ha tomado \u00abun peque\u00f1o descanso antes de un d\u00eda completo de actividades\u00bb. Durante este breve receso, han aprovechado para relajarse y socializar mientras disfrutaban de un caf\u00e9, un refresco y algunos aperitivos. <\/p>\n<p><img src=\"https:\/\/www.europesays.com\/es\/wp-content\/uploads\/2025\/09\/1757387823_156_efed3e56-411c-4c5f-aad1-8194ce4fe362_1700500172.file\" alt=\"Headshot of Redacci\u00f3n Diez Minutos\" title=\"Headshot of Redacci\u00f3n Diez Minutos\" width=\"100%\" height=\"100%\" decoding=\"async\" loading=\"lazy\" class=\"css-o0wq4v ev8dhu53\"\/><\/p>\n<p>\u00a0En Diez Minutos somos especialistas en cubrir todas las noticias del coraz\u00f3n y de la monarqu\u00eda para acercarte a las vidas de todos esos personajes a los que admiras.<\/p>\n<p>Descubre con nosotros la \u00faltima hora de los famosos nacionales e internacionales m\u00e1s relevantes: sus pol\u00e9micas, sus historias amorosas y familiares y sus proyectos profesionales con nuestras entrevistas, videos y reportajes. Tambi\u00e9n te mostramos el d\u00eda a d\u00eda de la realeza, cont\u00e1ndote con especial detalle la vida personal y familiar de nuestros Reyes: Felipe VI y Letizia y sus hijas Leonor y Sof\u00eda.<\/p>\n<p>Diez Minutos es mucho m\u00e1s que cr\u00f3nica social. Queremos hacerte la vida m\u00e1s f\u00e1cil y cuidar de ti. Por eso, publicamos una amplia selecci\u00f3n de contenidos pr\u00e1cticos para ayudarte en tu econom\u00eda dom\u00e9stica, en la decoraci\u00f3n de tu casa o en tu bienestar f\u00edsico y emocional. Tambi\u00e9n encontrar\u00e1s todo tipo de noticias y reportajes sobre el embarazo y la maternidad para facilitarte este proceso de la vida.<\/p>\n<p>La cocina es otra parte fundamental de esta gu\u00eda pr\u00e1ctica con la mejor selecci\u00f3n de recetas y consejos para llevar una dieta saludable y variada. Y todo ello sin olvidarnos de los contenidos de moda y belleza que te har\u00e1n estar a la \u00faltima en las tendencias del momento con numerosas propuestas, ofertas y novedades.<\/p>\n<p>Te lo contamos todo con la misma rigurosidad y cercan\u00eda con la que te llevamos acompa\u00f1ando desde hace 72 a\u00f1os, cuando un 1 de septiembre de 1951 la revista vio la luz por primera vez. Muchas cosas han cambiado en lo que se refiere a la parte t\u00e9cnica, pero lo que te aseguramos es que el equipo que forma esta redacci\u00f3n realiza su trabajo con entusiasmo y entrega pensando en cada uno de vosotros para que encontr\u00e9is aqu\u00ed el sitio ideal donde disfrutar de la vida.<\/p>\n<p>El equipo digital de Diez Minutos est\u00e1 formado por:<\/p>\n<p><a href=\"https:\/\/www.diezminutos.es\/author\/15369\/rosa-prieto\/\" rel=\"nofollow noopener\" target=\"_blank\">Rosa Prieto:<\/a> Directora digital.<\/p>\n<p><a href=\"https:\/\/www.diezminutos.es\/author\/18095\/silvia-criado\/\" rel=\"nofollow noopener\" target=\"_blank\">Silvia Criado:<\/a> Jefa de secci\u00f3n digital.<\/p>\n<p><a href=\"https:\/\/www.diezminutos.es\/author\/16262\/magdalena-pinero\/\" rel=\"nofollow noopener\" target=\"_blank\">Magdalena Pi\u00f1ero:<\/a> redactora digital.\u00a0<\/p>\n<p><a href=\"https:\/\/www.diezminutos.es\/author\/16270\/daniel-reyes\/\" rel=\"nofollow noopener\" target=\"_blank\">Daniel Reyes:<\/a> redactor digital.<\/p>\n<p><a href=\"https:\/\/www.diezminutos.es\/author\/221934\/ignacio-herruzo\/\" rel=\"nofollow noopener\" target=\"_blank\">Ignacio Herruzo<\/a>: redactor digital.<\/p>\n<p><a href=\"https:\/\/www.diezminutos.es\/author\/740003\/nora-camara\/\" rel=\"nofollow noopener\" target=\"_blank\">Nora C\u00e1mara<\/a>: redactora digital.\u00a0<\/p>\n","protected":false},"excerpt":{"rendered":"Este lunes 8 de septiembre, la infanta Sof\u00eda ha dado comienzo a un nuevo cap\u00edtulo de su vida.&hellip;\n","protected":false},"author":2,"featured_media":102520,"comment_status":"","ping_status":"","sticky":false,"template":"","format":"standard","meta":{"footnotes":""},"categories":[174],"tags":[255,253,146,147,25,24,256,23],"class_list":{"0":"post-102519","1":"post","2":"type-post","3":"status-publish","4":"format-standard","5":"has-post-thumbnail","7":"category-famosos","8":"tag-celebrities","9":"tag-discover","10":"tag-entertainment","11":"tag-entretenimiento","12":"tag-es","13":"tag-espana","14":"tag-famosos","15":"tag-spain"},"share_on_mastodon":{"url":"","error":""},"_links":{"self":[{"href":"https:\/\/www.europesays.com\/es\/wp-json\/wp\/v2\/posts\/102519","targetHints":{"allow":["GET"]}}],"collection":[{"href":"https:\/\/www.europesays.com\/es\/wp-json\/wp\/v2\/posts"}],"about":[{"href":"https:\/\/www.europesays.com\/es\/wp-json\/wp\/v2\/types\/post"}],"author":[{"embeddable":true,"href":"https:\/\/www.europesays.com\/es\/wp-json\/wp\/v2\/users\/2"}],"replies":[{"embeddable":true,"href":"https:\/\/www.europesays.com\/es\/wp-json\/wp\/v2\/comments?post=102519"}],"version-history":[{"count":0,"href":"https:\/\/www.europesays.com\/es\/wp-json\/wp\/v2\/posts\/102519\/revisions"}],"wp:featuredmedia":[{"embeddable":true,"href":"https:\/\/www.europesays.com\/es\/wp-json\/wp\/v2\/media\/102520"}],"wp:attachment":[{"href":"https:\/\/www.europesays.com\/es\/wp-json\/wp\/v2\/media?parent=102519"}],"wp:term":[{"taxonomy":"category","embeddable":true,"href":"https:\/\/www.europesays.com\/es\/wp-json\/wp\/v2\/categories?post=102519"},{"taxonomy":"post_tag","embeddable":true,"href":"https:\/\/www.europesays.com\/es\/wp-json\/wp\/v2\/tags?post=102519"}],"curies":[{"name":"wp","href":"https:\/\/api.w.org\/{rel}","templated":true}]}}