{"id":102535,"date":"2025-09-09T03:28:05","date_gmt":"2025-09-09T03:28:05","guid":{"rendered":"https:\/\/www.europesays.com\/es\/102535\/"},"modified":"2025-09-09T03:28:05","modified_gmt":"2025-09-09T03:28:05","slug":"aspero-clima-interno-en-el-gobierno-tras-la-derrota-los-menem-quedaron-en-la-mira-y-hay-pedidos-de-cambios","status":"publish","type":"post","link":"https:\/\/www.europesays.com\/es\/102535\/","title":{"rendered":"\u00c1spero clima interno en el Gobierno tras la derrota: los Menem quedaron en la mira y hay pedidos de cambios"},"content":{"rendered":"<p><img alt=\"El Gabinete y los referentes\" class=\"global-image\" decoding=\"async\" fetchpriority=\"high\" height=\"1281\" loading=\"eager\" src=\"https:\/\/www.europesays.com\/es\/wp-content\/uploads\/2025\/09\/WATK6IGZQJF25K2VC2X5VAU2HI.jpg\" width=\"1920\"\/>El Gabinete y los referentes pol\u00edticos del Gobierno, presentes en las palabras del presidente Javier Milei luego de la derrota en la provincia de Buenos Aires (Gustavo Gavotti)<\/p>\n<p class=\"paragraph\"><a rel=\"noopener noreferrer nofollow\" href=\"https:\/\/www.infobae.com\/politica\/2025\/09\/08\/el-peronismo-obtuvo-una-victoria-contundente-en-la-provincia-de-buenos-aires-y-axel-kicillof-se-posiciona-de-cara-al-2027\/\" target=\"_blank\" title=\"https:\/\/www.infobae.com\/politica\/2025\/09\/08\/el-peronismo-obtuvo-una-victoria-contundente-en-la-provincia-de-buenos-aires-y-axel-kicillof-se-posiciona-de-cara-al-2027\/\">Los trece puntos de ventaja de Fuerza Patria sobre La Libertad Avanza<\/a> de estas elecciones calaron hondo en las entra\u00f1as de la Casa Rosada, donde consideran que si no existe un cambio claro y contundente, las posibilidades de que La Libertad Avanza pueda torcer expectativas ser\u00e1n pr\u00e1cticamente m\u00ednimas. \u201c<b>Necesitamos reaccionar sin lugar a dudas. Corremos riesgo de no recuperarnos<\/b>\u201d, afirm\u00f3 un influyente integrante de la administraci\u00f3n de<b> <\/b><a rel=\"noopener noreferrer nofollow\" href=\"https:\/\/www.infobae.com\/politica\/2025\/09\/08\/javier-milei-hemos-tenido-una-clara-derrota-y-hay-que-aceptarlo\/\" target=\"_blank\" title=\"https:\/\/www.infobae.com\/politica\/2025\/09\/08\/javier-milei-hemos-tenido-una-clara-derrota-y-hay-que-aceptarlo\/\"><b>Javier Milei<\/b><\/a>.<\/p>\n<p class=\"paragraph\">Aun pese a hacer una alianza con el PRO, <b>el partido violeta perdi\u00f3 por abultado margen en las elecciones locales de la provincia de Buenos Aires<\/b>. El resultado fue tan contundente que rompi\u00f3 el aforismo libertario de que los comicios locales no presagian el desempe\u00f1o de La Libertad Avanza a nivel nacional: <b>en diferentes sectores del oficialismo comenzaron a pedir -incluso antes de los resultados- que el Presidente debe tomar un giro de tim\u00f3n pol\u00edtico<\/b>.<\/p>\n<p class=\"paragraph\">La mayor\u00eda de las lecturas apunta contra la c\u00fapula del partido nacional, con el mando de su vicepresidente<b> Mart\u00edn Menem<\/b>, el armador nacional <b>Eduardo \u201cLule\u201d Menem<\/b> y el responsable partidario en la Provincia,<b> Sebasti\u00e1n Pareja<\/b>. Los pedidos ya dejan de sugerirse para comenzar a hacerse con fuerza en algunos despachos. En sectores opositores a estos actores pol\u00edticos esgrimen diferentes razones. La m\u00e1s consensuada es la <b>forma de construcci\u00f3n pol\u00edtica<\/b> que caracteriz\u00f3 a esta tribu del Gobierno.<\/p>\n<p><img alt=\"El vicepresidente de La Libertad\" class=\"global-image\" decoding=\"async\" fetchpriority=\"low\" height=\"1278\" loading=\"lazy\" src=\"https:\/\/www.europesays.com\/es\/wp-content\/uploads\/2025\/09\/2TKI774T65HBTHVS6HVKSW3XQQ.jpg\" width=\"1920\"\/>El vicepresidente de La Libertad Avanza, Mart\u00edn Menem; detr\u00e1s de Karina Milei (Gustavo Gavotti)<\/p>\n<p class=\"paragraph\">Un analista libertario esgrime que \u201cm\u00e1s all\u00e1 de la diferencia del voto popular, no hay raz\u00f3n objetiva para que no se gane en todas las secciones del Interior; excepto un armado muy malo\u201d. Las aludidas son, en particular, la <b>Segunda <\/b>y la <b>Cuarta Secci\u00f3n<\/b>. Ambos distritos cuentan con la particularidad de que <b>se conformaron terceras fuerzas potentes, movilizadas por integrantes del PRO que no quisieron consensuar con las condiciones dispuestas por los armadores libertarios<\/b>: el intendente de San Nicol\u00e1s, Manuel Passaglia, arm\u00f3 Hechos en su distrito; mientras que su par de Jun\u00edn, Pablo Petrecca, se escindi\u00f3 del PRO para presentarse bajo la alianza Somos. \u201c<b>No hay forma de perder, salvo que por ser totalmente mezquino<\/b> y no darle un legislador a Petrecca, los Passaglia y Javier Mart\u00ednez [intendente de Pergamino] <b>se te vayan todos por afuera<\/b>\u201d, criticaron.<\/p>\n<p class=\"paragraph\">En despachos ajenos al menemismo<b> est\u00e1n convencidos de que la derrota holgada de La Libertad Avanza se da m\u00e1s por errores propios que por virtudes de Fuerza Patria<\/b>. Ejemplifican con el reciente caso de las elecciones en Corrientes: el gobernador Gustavo Vald\u00e9s quer\u00eda aliarse, pero la c\u00fapula del partido libertario rechaz\u00f3 la posibilidad. El resultado fue conocido: el radical logr\u00f3 ganar la gobernaci\u00f3n y la mayor\u00eda de candidatos locales, mientras que los violetas sacaron menos del 10% de los votos.<\/p>\n<p class=\"paragraph\">\u201c<b>Nos ganaron fuerte, pero la derrota no es de nuestro sector<\/b>\u201d, afirman desde el caputismo. El apuntado es Pareja, jefe de la campa\u00f1a bonaerense y el responsable pol\u00edtico de haber elegido a los candidatos principales en las ocho secciones electorales. Por pedido de Karina Milei, el armador arrop\u00f3 al asesor presidencial Santiago Caputo para que ayudara a coordinar la comunicaci\u00f3n pol\u00edtica, pero desde este \u00faltimo sector acusaban que <b>la estrategia que pod\u00eda desplegar no iba a tener el mismo efecto porque el armado no hab\u00eda tenido su impronta<\/b>. Si bien la cr\u00edtica no proviene desde este sector, en la S\u00e9ptima critican que el primer candidato haya sido Alejandro Speroni. \u201cFue una p\u00e9sima elecci\u00f3n. No puede encabezar alguien desconocido y de Tapalqu\u00e9\u201d, explicaba un dirigente.<\/p>\n<p><img alt=\"C\u00faneo Libarona junto a Sturzenegger\" class=\"global-image\" decoding=\"async\" fetchpriority=\"low\" height=\"3778\" loading=\"lazy\" src=\"https:\/\/www.europesays.com\/es\/wp-content\/uploads\/2025\/09\/IWRTC2Y2AVDTTCBEYRHXFZIZIQ.JPG\" width=\"5500\"\/>C\u00faneo Libarona junto a Sturzenegger (REUTERS)<\/p>\n<p class=\"paragraph\">Es la primera vez en d\u00e9cadas que la Provincia eligi\u00f3 a sus representantes de manera separada de la nacional. \u201c<b>Es una campa\u00f1a que no existe y muy dif\u00edcil de instalar<\/b>\u201d, comentaba un important\u00edsimo alfil del PRO. A esto se le sum\u00f3 la desnaturalizaci\u00f3n de la campa\u00f1a producto del esc\u00e1ndalo de los audios del exdirector de la Agencia Nacional de Discapacidad (ANDIS),<b> Diego Spagnuolo<\/b>, que acusa presunto cobro de coimas en la c\u00fapula de Gobierno, poniendo al armador \u201cLule\u201d Menem como uno de los apuntados.<\/p>\n<p class=\"paragraph\">Reci\u00e9n la semana pasada el Gobierno pudo articular una respuesta coordinada desde lo pol\u00edtico al encolumnarse contra la revelaci\u00f3n de los audios grabados sobre Karina Milei. Pero la campa\u00f1a ya parec\u00eda terminada. Durante el acto del cierre en Moreno, el Presidente habl\u00f3 de que hab\u00eda un \u201cempate t\u00e9cnico\u201d entre La Libertad Avanza y Fuerza Patria. \u201c<b>A Javier lo tienen que cuidar m\u00e1s<\/b>\u201d, reflexionaba un actor importante de la Casa Rosada.<\/p>\n<p class=\"paragraph\"><b>\u00bfCu\u00e1n probable es que Milei tome decisiones sobre la c\u00fapula de su Gobierno?<\/b> Los analistas que influyen sobre la opini\u00f3n de los empresarios e inversores puntualizan el problema en el esquema de decisi\u00f3n pol\u00edtica: en las internas que hay al interior de la c\u00fapula de la Casa Rosada y no en alg\u00fan ministro en particular.<\/p>\n<p class=\"paragraph\">\u201c<b>Javier dice ser bilardista y resultadista. Si mira los resultados&#8230;<\/b>\u201d, se limitaba a decir un actor muy relevante dentro del oficialismo una vez conocida la derrota de La Libertad Avanza. El pedido de muchos funcionarios lo exterioriz\u00f3 el jefe de las milicias libertarias en redes, Daniel Parisini (conocido como \u201cel <b>Gordo Dan<\/b>\u201d), le pidi\u00f3 p\u00fablicamente \u00ab<b>DT ordene YA el equipo<\/b>. Ac\u00e1 seguiremos bancando HASTA EL FINAL. Pero ordene YA el equipo. Ordene el equipo y VENCEREMOS\u00bb.<\/p>\n<p><img alt=\"Javier Milei dio un discurso\" class=\"global-image\" decoding=\"async\" fetchpriority=\"low\" height=\"3616\" loading=\"lazy\" src=\"https:\/\/www.europesays.com\/es\/wp-content\/uploads\/2025\/09\/VV4EEBCBN5DYZDSMEOWPAH5VMM.JPG\" width=\"5500\"\/>Javier Milei dio un discurso junto a la plana mayor de su gabinete y de las autoridades partidarias de La Libertad Avanza<\/p>\n<p class=\"paragraph\">Para un analista que trabaja en la Casa Rosada, esta derrota no implica un declive incorregible, pero afirma que el margen para maniobrar se estrech\u00f3 a\u00fan m\u00e1s. \u201c<b>Esto puede ser la derrota de Argentina contra Arabia Saudita si es que Javier toma las decisiones adecuadas. Pero si no aprendemos de los errores podemos irnos a pique muy r\u00e1pido<\/b>. El horno no est\u00e1 para bollos\u201d, analiz\u00f3.<\/p>\n<p class=\"paragraph\">El Presidente sali\u00f3 a hablar pasadas las 22 horas. No ubic\u00f3 a sus candidatos seccionales (a los que hizo venir pensando en un escenario m\u00e1s favorable), sino a casi todos sus ministros, a Santiago Caputo, a Mart\u00edn Menem y a su hermana Karina. <b>Un mensaje contundente que habla de que el resultado electoral trasciende lo partidario para trasladarse al plano de la gesti\u00f3n<\/b>. Tambi\u00e9n fue una se\u00f1al de equilibrio interno: ninguna tribu estaba ausente. Solo el jefe de Gabinete, <b>Guillermo Francos<\/b>, que hab\u00eda avisado que no ir\u00eda; y la ministra de Capital Humano, <b>Sandra Pettovello<\/b>; que en la \u00faltima reuni\u00f3n de Gabinete habr\u00eda apuntado fuertemente contra el sector de los Menem.<\/p>\n<p class=\"paragraph\">El mandatario hizo autocr\u00edtica y asegur\u00f3 que har\u00e1 una revisi\u00f3n sobre los errores pol\u00edticos que se produjeron para arribar a ese resultado. \u201cEste es un piso del que empezaremos a trabajar de cara a octubre\u201d, esgrimi\u00f3. Aun as\u00ed, <b>se encarg\u00f3 en asegurar que no estaba en peligro ninguno de los ministros, ni siquiera el esquema cambiario<\/b>, tal vez la pol\u00edtica m\u00e1s puesta en duda de parte del mercado. Por ahora, cabr\u00eda de esperar que el n\u00facleo duro se mantenga. <b>En el entorno de Mart\u00edn Menem dijeron suscribir al pie de la letra en el diagn\u00f3stico presidencial<\/b>.<\/p>\n<p class=\"paragraph\"><b>Muchos quer\u00edan que la cara de la derrota fuera Pareja y que Milei no hablara<\/b>. \u201cSer\u00eda ideal que no lo haga. Ma\u00f1ana igual va a ser un polvor\u00edn. Excepto en la de la Ciudad no habl\u00f3 en ninguna elecci\u00f3n provincial. No vas a ponerle la cara a la derrota. Por caso, Pareja fue quien antecedi\u00f3 al Presidente. \u201cAhora arranca una segunda etapa que tiene que ver con el 26 de octubre. Les pedimos a muchos que estudien el comportamiento del d\u00eda de hoy. Muchos no se han acercado a votar y muchos han elegido a posiciones intermedias. Que entiendan que frente a esta realidad tenemos que fortalecer nuestro lazo\u201d, diagnostic\u00f3.<\/p>\n<p class=\"paragraph\">Pese a que la conducci\u00f3n pol\u00edtica puede sufrir variaciones, <b>hay una matriz estructural que seguir\u00e1 inalterada, pase lo que pase: los candidatos que encabezar\u00e1n las boletas de La Libertad Avanza son los que dispusieron los Menem y Pareja<\/b>.<\/p>\n","protected":false},"excerpt":{"rendered":"El Gabinete y los referentes pol\u00edticos del Gobierno, presentes en las palabras del presidente Javier Milei luego de&hellip;\n","protected":false},"author":2,"featured_media":102536,"comment_status":"","ping_status":"","sticky":false,"template":"","format":"standard","meta":{"footnotes":""},"categories":[42],"tags":[17,18,6190,13,14,5638,11,61,62,63,64,35971,19,20,9,10,15,16,757,12,21,22,65,66,67],"class_list":{"0":"post-102535","1":"post","2":"type-post","3":"status-publish","4":"format-standard","5":"has-post-thumbnail","7":"category-internacional","8":"tag-breaking-news","9":"tag-breakingnews","10":"tag-elections-voting","11":"tag-featured-news","12":"tag-featurednews","13":"tag-government-politics","14":"tag-headlines","15":"tag-internacional","16":"tag-international","17":"tag-international-news","18":"tag-internationalnews","19":"tag-la-plata","20":"tag-latest-news","21":"tag-latestnews","22":"tag-news","23":"tag-noticias","24":"tag-noticias-destacadas","25":"tag-noticiasdestacadas","26":"tag-south-america-central-america","27":"tag-titulares","28":"tag-ultimas-noticias","29":"tag-ultimasnoticias","30":"tag-world","31":"tag-world-news","32":"tag-worldnews"},"share_on_mastodon":{"url":"","error":""},"_links":{"self":[{"href":"https:\/\/www.europesays.com\/es\/wp-json\/wp\/v2\/posts\/102535","targetHints":{"allow":["GET"]}}],"collection":[{"href":"https:\/\/www.europesays.com\/es\/wp-json\/wp\/v2\/posts"}],"about":[{"href":"https:\/\/www.europesays.com\/es\/wp-json\/wp\/v2\/types\/post"}],"author":[{"embeddable":true,"href":"https:\/\/www.europesays.com\/es\/wp-json\/wp\/v2\/users\/2"}],"replies":[{"embeddable":true,"href":"https:\/\/www.europesays.com\/es\/wp-json\/wp\/v2\/comments?post=102535"}],"version-history":[{"count":0,"href":"https:\/\/www.europesays.com\/es\/wp-json\/wp\/v2\/posts\/102535\/revisions"}],"wp:featuredmedia":[{"embeddable":true,"href":"https:\/\/www.europesays.com\/es\/wp-json\/wp\/v2\/media\/102536"}],"wp:attachment":[{"href":"https:\/\/www.europesays.com\/es\/wp-json\/wp\/v2\/media?parent=102535"}],"wp:term":[{"taxonomy":"category","embeddable":true,"href":"https:\/\/www.europesays.com\/es\/wp-json\/wp\/v2\/categories?post=102535"},{"taxonomy":"post_tag","embeddable":true,"href":"https:\/\/www.europesays.com\/es\/wp-json\/wp\/v2\/tags?post=102535"}],"curies":[{"name":"wp","href":"https:\/\/api.w.org\/{rel}","templated":true}]}}