{"id":102537,"date":"2025-09-09T03:29:10","date_gmt":"2025-09-09T03:29:10","guid":{"rendered":"https:\/\/www.europesays.com\/es\/102537\/"},"modified":"2025-09-09T03:29:10","modified_gmt":"2025-09-09T03:29:10","slug":"piqueras-se-sale-de-su-tono-habitual-para-responder-a-lo-que-tellado-dijo-del-gobierno-de-espana","status":"publish","type":"post","link":"https:\/\/www.europesays.com\/es\/102537\/","title":{"rendered":"Piqueras se sale de su tono habitual para responder a lo que Tellado dijo del Gobierno de Espa\u00f1a"},"content":{"rendered":"<p>\u00abEste puede ser el \u00faltimo curso pol\u00edtico de este Gobierno. <a href=\"https:\/\/www.huffingtonpost.es\/politica\/hasta-pedro-sanchez-respondido-inmediato-polemica-afirmacion-miguel-tellado-gobierno.html\" target=\"_blank\" rel=\"nofollow noopener\">Aqu\u00ed podemos empezar a cavar la fosa donde reposar\u00e1n los restos de un Gobierno que nunca debi\u00f3 haber existido en nuestro pa\u00eds\u00bb.\u00a0<\/a><\/p>\n<p>Estas palabras de Miguel Tellado, n\u00famero 2 del PP, han levantado ampollas en toda Espa\u00f1a, sobre todo entre los miembros del Gobierno de Espa\u00f1a. Tellado tambi\u00e9n ha se\u00f1alado que este es un Gobierno \u00abagonizante, mendicante\u00bb y que est\u00e1 \u00abarrodillado ante pr\u00f3fugos de la justicia, ante los condenados por pertenencia a banda armada, ante radicales de todo pelaje que le exigen para mantenerlo en el poder y que le mantienen la respiraci\u00f3n asistida\u00bb.<\/p>\n<p>Unas palabras que han llegado hasta el periodista Pedro Piqueras, colaborador de Ma\u00f1aneros, donde se ha salido de su tono conciliador habitual para condenar estas palabras de Tellado.\u00a0<\/p>\n<p>Despu\u00e9s de leer las palabras del dirigente del PP, ha dicho Piqueras que es \u00abmuy preocupante\u00bb y que Tellado \u00abse ha subido varios pelda\u00f1os en la polarizaci\u00f3n en la agresi\u00f3n verbal, que es lo mismo\u00bb.\u00a0<\/p>\n<p>\u00abEstudiando la frase, es metaf\u00f3rica porque no me imagino al PP cavando fosas ni nada por el estilo, pero supone una dureza en el lenguaje tremenda. Cada vez es peor. Es decir, lleva a que por otro lado tambi\u00e9n se empiece a polarizar, que no haya posibilidad de encuentro en ning\u00fan caso\u00bb, ha apostillado Piqueras.\u00a0<\/p>\n<p>El expresentador de Informativos Telecinco ha contado que en Espa\u00f1a se vive una situaci\u00f3n<b> \u00abde divisi\u00f3n absoluta\u00bb entre izquierda y derecha \u00aben el que es imposible llegar a un acuerdo de nada\u00bb.\u00a0<\/b><\/p>\n<p><b>\u00abEstamos llegando a unos niveles que nunca pudimos prever antes. La polarizaci\u00f3n es m\u00e1s que un hecho.<\/b> Es la forma de hacer pol\u00edtica en estos momentos. S\u00f3lo habr\u00e1 un no. Hay una situaci\u00f3n de resistencia del presidente en su puesto y de mantenerse en el Gobierno y una carrera por el no, por hace todo mucho m\u00e1s dif\u00edcil por parte de la oposici\u00f3n y por Vox. <b>Las declaraciones que Abascal, ni las comento<\/b>\u00ab, ha zanjado el veterano periodista.\u00a0<\/p>\n","protected":false},"excerpt":{"rendered":"\u00abEste puede ser el \u00faltimo curso pol\u00edtico de este Gobierno. Aqu\u00ed podemos empezar a cavar la fosa donde&hellip;\n","protected":false},"author":2,"featured_media":102538,"comment_status":"","ping_status":"","sticky":false,"template":"","format":"standard","meta":{"footnotes":""},"categories":[8],"tags":[17,18,25,24,13,14,582,11,19,20,4375,9,10,15,16,4047,23,12,21,22],"class_list":{"0":"post-102537","1":"post","2":"type-post","3":"status-publish","4":"format-standard","5":"has-post-thumbnail","7":"category-espana","8":"tag-breaking-news","9":"tag-breakingnews","10":"tag-es","11":"tag-espana","12":"tag-featured-news","13":"tag-featurednews","14":"tag-gobierno","15":"tag-headlines","16":"tag-latest-news","17":"tag-latestnews","18":"tag-miguel-tellado","19":"tag-news","20":"tag-noticias","21":"tag-noticias-destacadas","22":"tag-noticiasdestacadas","23":"tag-pedro-piqueras","24":"tag-spain","25":"tag-titulares","26":"tag-ultimas-noticias","27":"tag-ultimasnoticias"},"share_on_mastodon":{"url":"","error":""},"_links":{"self":[{"href":"https:\/\/www.europesays.com\/es\/wp-json\/wp\/v2\/posts\/102537","targetHints":{"allow":["GET"]}}],"collection":[{"href":"https:\/\/www.europesays.com\/es\/wp-json\/wp\/v2\/posts"}],"about":[{"href":"https:\/\/www.europesays.com\/es\/wp-json\/wp\/v2\/types\/post"}],"author":[{"embeddable":true,"href":"https:\/\/www.europesays.com\/es\/wp-json\/wp\/v2\/users\/2"}],"replies":[{"embeddable":true,"href":"https:\/\/www.europesays.com\/es\/wp-json\/wp\/v2\/comments?post=102537"}],"version-history":[{"count":0,"href":"https:\/\/www.europesays.com\/es\/wp-json\/wp\/v2\/posts\/102537\/revisions"}],"wp:featuredmedia":[{"embeddable":true,"href":"https:\/\/www.europesays.com\/es\/wp-json\/wp\/v2\/media\/102538"}],"wp:attachment":[{"href":"https:\/\/www.europesays.com\/es\/wp-json\/wp\/v2\/media?parent=102537"}],"wp:term":[{"taxonomy":"category","embeddable":true,"href":"https:\/\/www.europesays.com\/es\/wp-json\/wp\/v2\/categories?post=102537"},{"taxonomy":"post_tag","embeddable":true,"href":"https:\/\/www.europesays.com\/es\/wp-json\/wp\/v2\/tags?post=102537"}],"curies":[{"name":"wp","href":"https:\/\/api.w.org\/{rel}","templated":true}]}}