{"id":102542,"date":"2025-09-09T03:32:07","date_gmt":"2025-09-09T03:32:07","guid":{"rendered":"https:\/\/www.europesays.com\/es\/102542\/"},"modified":"2025-09-09T03:32:07","modified_gmt":"2025-09-09T03:32:07","slug":"los-subalternos-no-tuvieron-material-para-lucirse","status":"publish","type":"post","link":"https:\/\/www.europesays.com\/es\/102542\/","title":{"rendered":"Los subalternos no tuvieron material para lucirse"},"content":{"rendered":"<p>La corrida de ayer no ser\u00e1 de las que pasen a la historia por su casta, fuerza y pujanza, ya que al encierro del Conde de Mayalde le falt\u00f3 casta, fuerza y clase, sin que ninguno de los seis sobresaliera de los dem\u00e1s. No empujaron en el caballo y tampoco se arrancaron con alegr\u00eda en banderillas, por lo que las actuaciones de las cuadrillas tuvieron mucho m\u00e9rito, ya que fueron medidas, con lucimiento en algunos pasajes, sobre todo en banderillas, tercio en que algunos banderilleros debieron llegarles mucho para clavar con lucimiento. Se cortaron cuatro orejas, pero fue m\u00e1s por el m\u00e9rito de los toreros que por el espect\u00e1culo, jug\u00e1ndose los muslos en ocasiones.\u00a0<\/p>\n<p>Nada ha tenido que ver con la buena corrida que este hierro lidi\u00f3 el a\u00f1o pasado, pero estas cosas son as\u00ed y nunca puedes asegurar que los toros de un a\u00f1o se parecer\u00e1n a sus hermanos menores el a\u00f1o siguiente, aunque sean de los mismos padres y madres. La de este a\u00f1o no facilit\u00f3 el trabajo de los hombres de las cuadrillas, aunque tampoco los puso en grandes aprietos, dej\u00e1ndolos hacer, con pocos momentos brillantes, no por la falta de profesionalidad de los de plata, sino porque tampoco brindaban las condiciones de los toros posibilidades de emoci\u00f3n.<\/p>\n<p>Con los palos, la cuadrilla de Molina brill\u00f3 a gran altura, debiendo saludar tras el tercio de banderillas en los dos toros. En el segundo de la tarde, fueron excelentes los dos pares de Caco Ramos, y meritorio el segundo par de V\u00edctor Mart\u00ednez, asomado al balc\u00f3n, saludando Caco con la montera en la mano. En el quinto, fueron Jos\u00e9 Mar\u00eda Arenas y V\u00edctor los que tuvieron que desmonterarse, Arenas con dos pares de gran autoridad, clavando arriba y saliendo con soltura, al igual que el de V\u00edctor.\u00a0<\/p>\n<p><strong>Ruiz.<\/strong> Ra\u00fal Ruiz le lleg\u00f3 mucho en el tercer par del que abri\u00f3 plaza, y aseados El V\u00edctor y G\u00f3mez Pascual con el cuarto, que los esperaba. En el tercero se asomaron al balc\u00f3n Agust\u00edn P\u00e9rez y Alfredo Garc\u00eda y en el sexto, parearon con solvencia Larios y Alfredo Garc\u00eda en un par cada uno, ya que se cambi\u00f3 el tercio con cuatro palos puestos.<\/p>\n<p>Las lidias fueron suaves y medidas de Arenas en el segundo, y Caco con el quinto. Efectiva y breve la de Larios en el tercero y Agust\u00edn P\u00e9rez en el sexto y la de Ra\u00fal Ruiz, que lo hizo con suavidad a pesar de las dificultades, que plante\u00f3 muchas, en el cuarto.<\/p>\n<p>No tuvieron que emplearse mucho los varilargueros, pues tampoco empujaron con codicia los toros, eso s\u00ed, hubo que medirlos y cogerlos antes de que llegaran al peto, pues las fuerzas no sobraban. Agust\u00edn Moreno pic\u00f3 los dos de Molina, uno en la puerta y el otro en su turno y el resto de picadores midieron muy bien sus toros, siendo ovacionado al retirarse, Cristian Romero en el sexto de la tarde.<\/p>\n","protected":false},"excerpt":{"rendered":"La corrida de ayer no ser\u00e1 de las que pasen a la historia por su casta, fuerza y&hellip;\n","protected":false},"author":2,"featured_media":102543,"comment_status":"","ping_status":"","sticky":false,"template":"","format":"standard","meta":{"footnotes":""},"categories":[277],"tags":[373,24295,168,1309,25,24,23,167,625,374,444,35972],"class_list":{"0":"post-102542","1":"post","2":"type-post","3":"status-publish","4":"format-standard","5":"has-post-thumbnail","7":"category-toreo","8":"tag-bullfighting","9":"tag-cuadrillas","10":"tag-deportes","11":"tag-encierro","12":"tag-es","13":"tag-espana","14":"tag-spain","15":"tag-sports","16":"tag-tauromaquia","17":"tag-toreo","18":"tag-toros","19":"tag-victor-ruiz"},"share_on_mastodon":{"url":"","error":""},"_links":{"self":[{"href":"https:\/\/www.europesays.com\/es\/wp-json\/wp\/v2\/posts\/102542","targetHints":{"allow":["GET"]}}],"collection":[{"href":"https:\/\/www.europesays.com\/es\/wp-json\/wp\/v2\/posts"}],"about":[{"href":"https:\/\/www.europesays.com\/es\/wp-json\/wp\/v2\/types\/post"}],"author":[{"embeddable":true,"href":"https:\/\/www.europesays.com\/es\/wp-json\/wp\/v2\/users\/2"}],"replies":[{"embeddable":true,"href":"https:\/\/www.europesays.com\/es\/wp-json\/wp\/v2\/comments?post=102542"}],"version-history":[{"count":0,"href":"https:\/\/www.europesays.com\/es\/wp-json\/wp\/v2\/posts\/102542\/revisions"}],"wp:featuredmedia":[{"embeddable":true,"href":"https:\/\/www.europesays.com\/es\/wp-json\/wp\/v2\/media\/102543"}],"wp:attachment":[{"href":"https:\/\/www.europesays.com\/es\/wp-json\/wp\/v2\/media?parent=102542"}],"wp:term":[{"taxonomy":"category","embeddable":true,"href":"https:\/\/www.europesays.com\/es\/wp-json\/wp\/v2\/categories?post=102542"},{"taxonomy":"post_tag","embeddable":true,"href":"https:\/\/www.europesays.com\/es\/wp-json\/wp\/v2\/tags?post=102542"}],"curies":[{"name":"wp","href":"https:\/\/api.w.org\/{rel}","templated":true}]}}