{"id":102546,"date":"2025-09-09T03:36:04","date_gmt":"2025-09-09T03:36:04","guid":{"rendered":"https:\/\/www.europesays.com\/es\/102546\/"},"modified":"2025-09-09T03:36:04","modified_gmt":"2025-09-09T03:36:04","slug":"el-ciclista-frank-brunot-pozo-sufre-un-aparatoso-accidente-en-el-velodromo-de-son-moix","status":"publish","type":"post","link":"https:\/\/www.europesays.com\/es\/102546\/","title":{"rendered":"El ciclista Frank Brunot Pozo sufre un aparatoso accidente en el vel\u00f3dromo de Son Moix"},"content":{"rendered":"<p class=\"ft-text\"><strong>Susto enorme en el vel\u00f3dromo de Son Moix<\/strong>. El veterano ciclista<strong> Fran\u00e7ois Xavier Brunot Pozo<\/strong>, m\u00e1s conocido como &#8216;Frank&#8217; y habitual participante en la categor\u00eda m\u00e1ster en Mallorca, ha sufrido un <strong>grave accidente<\/strong> este lunes mientras entrenaba en la pista. Tras ser atendido por los servicios del 061, ha sido trasladado al hospital para tratar sus heridas.<\/p>\n<p class=\"ft-text\">El suceso ha ocurrido en la tarde de este lunes. Alrededor de las 16:30 horas, Frank, ganador en varias ocasiones del campeonato de Baleares en su categor\u00eda y muy conocido en la isla, estaba entrenando por parejas junto a otros ciclistas. Al parecer, una<strong> barrera rota con un hierro que sobresal\u00eda hacia la pista<\/strong> ha sido la causante del accidente. El primer corredor ha podido esquivarla, pero no as\u00ed el ciclista de 59 a\u00f1os, que ha impactado de lleno, clav\u00e1ndose el hierro <strong>en la ingle <\/strong>y creando una gran alarma entre los presentes.<\/p>\n<p class=\"ft-text\">Una herida grave y muy aparatosa que ha requerido la presencia del <strong>061<\/strong>, que, tras atender en primer lugar al herido, reclamaron la presencia de los <strong>Bomberos de Palma<\/strong>, ya que han considerado que quiz\u00e1 conven\u00eda cortar el hierro y no retirarlo de la pierna para evitar males mayores. Finalmente,<strong> <\/strong>esta opci\u00f3n no ha sido necesaria y ha sido trasladado<strong> a un hospital de Palma, donde le han intervenido quir\u00farjicamente con final satisfactorio.<\/strong><\/p>\n","protected":false},"excerpt":{"rendered":"Susto enorme en el vel\u00f3dromo de Son Moix. El veterano ciclista Fran\u00e7ois Xavier Brunot Pozo, m\u00e1s conocido como&hellip;\n","protected":false},"author":2,"featured_media":102547,"comment_status":"","ping_status":"","sticky":false,"template":"","format":"standard","meta":{"footnotes":""},"categories":[273],"tags":[35974,4205,35973,313,28090,1757,312,168,25,24,1820,10270,2553,23016,23,167,8943],"class_list":{"0":"post-102546","1":"post","2":"type-post","3":"status-publish","4":"format-standard","5":"has-post-thumbnail","7":"category-ciclismo","8":"tag-35974","9":"tag-accidente","10":"tag-brunot","11":"tag-ciclismo","12":"tag-ciclismo-en-pista","13":"tag-ciclista","14":"tag-cycling","15":"tag-deportes","16":"tag-es","17":"tag-espana","18":"tag-frances","19":"tag-francois","20":"tag-palma","21":"tag-son-moix","22":"tag-spain","23":"tag-sports","24":"tag-xavier"},"share_on_mastodon":{"url":"","error":""},"_links":{"self":[{"href":"https:\/\/www.europesays.com\/es\/wp-json\/wp\/v2\/posts\/102546","targetHints":{"allow":["GET"]}}],"collection":[{"href":"https:\/\/www.europesays.com\/es\/wp-json\/wp\/v2\/posts"}],"about":[{"href":"https:\/\/www.europesays.com\/es\/wp-json\/wp\/v2\/types\/post"}],"author":[{"embeddable":true,"href":"https:\/\/www.europesays.com\/es\/wp-json\/wp\/v2\/users\/2"}],"replies":[{"embeddable":true,"href":"https:\/\/www.europesays.com\/es\/wp-json\/wp\/v2\/comments?post=102546"}],"version-history":[{"count":0,"href":"https:\/\/www.europesays.com\/es\/wp-json\/wp\/v2\/posts\/102546\/revisions"}],"wp:featuredmedia":[{"embeddable":true,"href":"https:\/\/www.europesays.com\/es\/wp-json\/wp\/v2\/media\/102547"}],"wp:attachment":[{"href":"https:\/\/www.europesays.com\/es\/wp-json\/wp\/v2\/media?parent=102546"}],"wp:term":[{"taxonomy":"category","embeddable":true,"href":"https:\/\/www.europesays.com\/es\/wp-json\/wp\/v2\/categories?post=102546"},{"taxonomy":"post_tag","embeddable":true,"href":"https:\/\/www.europesays.com\/es\/wp-json\/wp\/v2\/tags?post=102546"}],"curies":[{"name":"wp","href":"https:\/\/api.w.org\/{rel}","templated":true}]}}