{"id":102550,"date":"2025-09-09T03:38:07","date_gmt":"2025-09-09T03:38:07","guid":{"rendered":"https:\/\/www.europesays.com\/es\/102550\/"},"modified":"2025-09-09T03:38:07","modified_gmt":"2025-09-09T03:38:07","slug":"estreno-de-pista-en-el-roig-arena-en-la-vuelta-de-los-internacionales-espanoles-del-valencia-basket","status":"publish","type":"post","link":"https:\/\/www.europesays.com\/es\/102550\/","title":{"rendered":"Estreno de pista en el Roig Arena en la vuelta de los internacionales espa\u00f1oles del Valencia Basket"},"content":{"rendered":"<p class=\"ft-text\">Ahora s\u00ed. <strong>El Roig Arena toma el relevo definitivo a La Fonteta hasta en los entrenamientos del primer equipo<\/strong>, ya que despu\u00e9s de una <a class=\"ft-link ft-link--decoration\" href=\"https:\/\/www.superdeporte.es\/valencia-basket\/2025\/08\/25\/valencia-basket-empezara-pretemporada-fonteta-parque-pedro-martinez-120927495.html\" rel=\"nofollow noopener\" target=\"_blank\">primera parte de la pretemporada trabajando en el antiguo pabell\u00f3n<\/a>, finalmente los de Pedro Mart\u00ednez han podido estrenar este lunes la pista de entrenamiento del Roig Arena, coincidiendo con el <a class=\"ft-link ft-link--decoration\" href=\"https:\/\/www.superdeporte.es\/valencia-basket\/2025\/09\/08\/larrea-jaime-pradilla-mejores-taronja-eurobasket-con-espana-scariolo-121351192.html\" rel=\"nofollow noopener\" target=\"_blank\">regreso de los internacionales espa\u00f1oles<\/a> tras el Eurobasket.<\/p>\n<p class=\"ft-text\"><strong>La idea inicial del club pasaba por trasladar el parqu\u00e9 de La Fonteta a la pista secundaria del Roig Arena<\/strong>, pero finalmente se decidi\u00f3 instalar uno nuevo y hacer unas mejoras respecto a los planes con la pista de entrenamientos del nuevo pabell\u00f3n, lo que llev\u00f3 a retrasar el traslado al Roig Arena.<\/p>\n<p><img decoding=\"async\" src=\"https:\/\/www.europesays.com\/es\/wp-content\/uploads\/2025\/09\/620ed618-3c72-4870-9c68-8211a91d1637_alta-libre-aspect-ratio_default_0.jpg\" width=\"1200\" height=\"809\" alt=\"De Larrea, junto a Xavi Albert en la nueva pista de entrenamiento del Roig Arena.\" class=\"ft-helper-img-rd\" loading=\"lazy\" hasdataaida=\"true\"\/><\/p>\n<p class=\"ft-helper-fontColor-quaternary ft-helper-fontSize-body-S ft-helper-spacer-t-xxs\">De Larrea, junto a Xavi Albert en la nueva pista de entrenamiento del Roig Arena.  \/ VBC<\/p>\n<p class=\"ft-text\"><a class=\"ft-link ft-link--decoration\" href=\"https:\/\/www.superdeporte.es\/valencia-basket\/2025\/08\/20\/valencia-basket-ruben-burgos-estrena-120786497.html\" rel=\"nofollow noopener\" target=\"_blank\"><strong>Solo el equipo femenino hab\u00eda hecho una sesi\u00f3n en la pista central del Roig Arena<\/strong><\/a>, aunque se trat\u00f3 de un hecho aislado y como prueba de la nueva pista, ya que habitualmente trabajar\u00e1n en la de entrenamiento que ya est\u00e1 terminada.<\/p>\n<p>Pista con tres canastas<\/p>\n<p class=\"ft-text\"><strong>Otra de las novedades que han incluido en esta nueva pista es la instalaci\u00f3n de una tercera canasta<\/strong> con la que ayudar a hacer diferentes ejercicios y sesiones de tiro al margen de los entrenamientos de grupo. Una instalaci\u00f3n fija para los primeros equipos, que permitir\u00e1 que se pueda trabajar paralelamente en el pabell\u00f3n en el montaje y desmontaje del parqu\u00e9 en funci\u00f3n del resto de eventos que haya programados, como el <a class=\"ft-link ft-link--decoration\" href=\"https:\/\/www.superdeporte.es\/valencia-basket\/2025\/09\/06\/roig-arena-levanta-telon-primer-concierto-nino-bravo-121311272.html\" rel=\"nofollow noopener\" target=\"_blank\">concierto del pasado s\u00e1bado en homenaje a Nino Bravo<\/a>.<\/p>\n<p><img decoding=\"async\" src=\"https:\/\/www.europesays.com\/es\/wp-content\/uploads\/2025\/09\/ddbbd60d-be0b-46ae-a5b8-3081e8684665_alta-libre-aspect-ratio_default_0.jpg\" width=\"1200\" height=\"1553\" alt=\"Jaime Pradilla, lanzando a canasta en su primer entrenamiento de pretemporada.\" class=\"ft-helper-img-rd\" loading=\"lazy\" hasdataaida=\"true\"\/><\/p>\n<p class=\"ft-helper-fontColor-quaternary ft-helper-fontSize-body-S ft-helper-spacer-t-xxs\">Jaime Pradilla, lanzando a canasta en su primer entrenamiento de pretemporada.  \/ VBC<\/p>\n<p>A la espera de Darius<\/p>\n<p class=\"ft-text\">El \u00fanico jugador que falta por unirse a los entrenamientos de pretemporada es uno de los fichajes de este verano,<strong> un Darius Thompson que fue eliminado del Eurobasket el domingo en la <\/strong><a class=\"ft-link ft-link--decoration\" href=\"https:\/\/www.fiba.basketball\/en\/events\/fiba-eurobasket-2025\/games\/123020-ITA-SLO\" rel=\"nofollow noopener\" target=\"_blank\"><strong>derrota de Italia ante la Eslovenia de Luka Doncic<\/strong><\/a>. Y todo con la vista ya puesta en el segundo amistoso de la temporada, que <a class=\"ft-link ft-link--decoration\" href=\"https:\/\/www.superdeporte.es\/valencia-basket\/2025\/07\/30\/valencia-basket-traza-hoja-ruta-de-la-pretemporada-120194636.html\" rel=\"nofollow noopener\" target=\"_blank\">medir\u00e1 al Valencia Basket con el Casademont Zaragoza<\/a> el mi\u00e9rcoles 10 de septiembre a las 18:00 horas, con ocasi\u00f3n de la quinta edici\u00f3n del Memorial Pepe Lanzuela en Teruel. El primer partido de la pretemporada se sald\u00f3 con <a class=\"ft-link ft-link--decoration\" href=\"https:\/\/www.superdeporte.es\/valencia-basket\/2025\/09\/07\/valencia-basket-ucam-murcia-121325242.html\" rel=\"nofollow noopener\" target=\"_blank\">derrota ante el UCAM Murcia<\/a>, con numerosas ausencias en el equipo taronja.<\/p>\n<p><img decoding=\"async\" src=\"https:\/\/www.europesays.com\/es\/wp-content\/uploads\/2025\/09\/bc65cefb-8e8d-4886-8be3-c00130a7a512_alta-libre-aspect-ratio_default_0.jpg\" width=\"1200\" height=\"950\" alt=\"Yankuba Sima, en su primer entrenamiento con el Valencia Basket.\" class=\"ft-helper-img-rd\" loading=\"lazy\" hasdataaida=\"true\"\/><\/p>\n<p class=\"ft-helper-fontColor-quaternary ft-helper-fontSize-body-S ft-helper-spacer-t-xxs\">Yankuba Sima, en su primer entrenamiento con el Valencia Basket.  \/ VBC<\/p>\n<p class=\"ft-text\">De momento, pese a la llegada de los internacionales espa\u00f1oles, <a class=\"ft-link ft-link--decoration\" href=\"https:\/\/www.superdeporte.es\/valencia-basket\/2025\/09\/01\/cuatro-canteranos-taronja-seguiran-dinamica-primer-equipo-valencia-basket-121136199.html\" rel=\"nofollow noopener\" target=\"_blank\"><strong>Pedro Mart\u00ednez sigue contando con los j\u00f3venes de L&#8217;Alqueria en los entrenamientos<\/strong><\/a>, ya que Darius a\u00fan no se ha unido al grupo y Nate Reuvers no est\u00e1 recuperado al 100% de sus molestias en el tobillo.<\/p>\n","protected":false},"excerpt":{"rendered":"Ahora s\u00ed. El Roig Arena toma el relevo definitivo a La Fonteta hasta en los entrenamientos del primer&hellip;\n","protected":false},"author":2,"featured_media":102551,"comment_status":"","ping_status":"","sticky":false,"template":"","format":"standard","meta":{"footnotes":""},"categories":[269],"tags":[3334,299,1918,298,168,8346,25,24,1055,301,2661,28467,795,12326,5839,961,3333,2915,23,167,235,2916,1357],"class_list":{"0":"post-102550","1":"post","2":"type-post","3":"status-publish","4":"format-standard","5":"has-post-thumbnail","7":"category-baloncesto","8":"tag-arena","9":"tag-baloncesto","10":"tag-basket","11":"tag-basketball","12":"tag-deportes","13":"tag-entrenamiento","14":"tag-es","15":"tag-espana","16":"tag-estreno","17":"tag-eurobasket","18":"tag-internacionales","19":"tag-la-fonteta","20":"tag-nueva","21":"tag-pedro-martinez","22":"tag-pista","23":"tag-pretemporada","24":"tag-roig","25":"tag-roig-arena","26":"tag-spain","27":"tag-sports","28":"tag-valencia","29":"tag-valencia-basket","30":"tag-vuelta"},"share_on_mastodon":{"url":"","error":""},"_links":{"self":[{"href":"https:\/\/www.europesays.com\/es\/wp-json\/wp\/v2\/posts\/102550","targetHints":{"allow":["GET"]}}],"collection":[{"href":"https:\/\/www.europesays.com\/es\/wp-json\/wp\/v2\/posts"}],"about":[{"href":"https:\/\/www.europesays.com\/es\/wp-json\/wp\/v2\/types\/post"}],"author":[{"embeddable":true,"href":"https:\/\/www.europesays.com\/es\/wp-json\/wp\/v2\/users\/2"}],"replies":[{"embeddable":true,"href":"https:\/\/www.europesays.com\/es\/wp-json\/wp\/v2\/comments?post=102550"}],"version-history":[{"count":0,"href":"https:\/\/www.europesays.com\/es\/wp-json\/wp\/v2\/posts\/102550\/revisions"}],"wp:featuredmedia":[{"embeddable":true,"href":"https:\/\/www.europesays.com\/es\/wp-json\/wp\/v2\/media\/102551"}],"wp:attachment":[{"href":"https:\/\/www.europesays.com\/es\/wp-json\/wp\/v2\/media?parent=102550"}],"wp:term":[{"taxonomy":"category","embeddable":true,"href":"https:\/\/www.europesays.com\/es\/wp-json\/wp\/v2\/categories?post=102550"},{"taxonomy":"post_tag","embeddable":true,"href":"https:\/\/www.europesays.com\/es\/wp-json\/wp\/v2\/tags?post=102550"}],"curies":[{"name":"wp","href":"https:\/\/api.w.org\/{rel}","templated":true}]}}