{"id":102560,"date":"2025-09-09T03:44:10","date_gmt":"2025-09-09T03:44:10","guid":{"rendered":"https:\/\/www.europesays.com\/es\/102560\/"},"modified":"2025-09-09T03:44:10","modified_gmt":"2025-09-09T03:44:10","slug":"publican-material-inedito-de-mecano-en-digital-y-se-completa-su-legado-historico","status":"publish","type":"post","link":"https:\/\/www.europesays.com\/es\/102560\/","title":{"rendered":"Publican material in\u00e9dito de Mecano en digital y se completa su legado hist\u00f3rico"},"content":{"rendered":"<p class=\"c-paragraph\">El 7 de septiembre volvi\u00f3 a ser el d\u00eda de <a href=\"https:\/\/www.20minutos.es\/tags\/personas\/mecano.html\" title=\"Mecano\" rel=\"nofollow noopener\" target=\"_blank\">Mecano<\/a>. Este domingo, BMG celebr\u00f3 una de las fechas m\u00e1s ic\u00f3nicas del pop espa\u00f1ol con un lanzamiento hist\u00f3rico: <b>la publicaci\u00f3n en plataformas digitales de obras \u00fanicas -y poco accesibles- de Mecano, que hasta ahora solo pod\u00edan escucharse en vinilo<\/b>.\u00a0<\/p>\n<p class=\"c-paragraph\">Entre ellas, <b>tres joyas<\/b> que marcan diferentes etapas del grupo: el maxisingle de El 7 de Septiembre, el compilatorio Lo \u00daltimo de Mecano y el maxi Let&#8217;s Dance Jap\u00f3n, con la participaci\u00f3n del oscarizado Hans Zimmer en la producci\u00f3n.\u00a0<\/p>\n<p class=\"c-paragraph\">Se trata de un <b>rescate cultural sin precedentes<\/b>, que pone a disposici\u00f3n del p\u00fablico versiones alternativas, temas in\u00e9ditos y grabaciones en directo que revelan la faceta m\u00e1s experimental, \u00edntima y atrevida de la banda. Piezas que <b>no formaron parte de sus \u00e1lbumes oficiales<\/b> y que, en su d\u00eda, solo conocieron los seguidores m\u00e1s fieles.<\/p>\n<p class=\"c-paragraph\">El <b>7 de septiembre es la fecha simb\u00f3lica de Mecano<\/b> y, adem\u00e1s, este a\u00f1o coincid\u00eda con un eclipse total de luna, un hito que hist\u00f3ricamente reactiva el consumo de Hijo de la luna y que aporta un elemento narrativo perfecto para celebrar esta recuperaci\u00f3n.\u00a0<\/p>\n<p class=\"c-paragraph\">La campa\u00f1a se integra en el plan de BMG para revitalizar el cat\u00e1logo del grupo: tras la gran acogida en 2023 de las reediciones en vinilo de sus seis \u00e1lbumes de estudio (agotados durante d\u00e9cadas), se da ahora el siguiente paso l\u00f3gico: completar el cat\u00e1logo en streaming e incorporar contenido audiovisual restaurado \u2014incluidas versiones de videoclips en franc\u00e9s e italiano\u2014 en el canal oficial de YouTube de Mecano.<\/p>\n<p class=\"c-paragraph\">Durante su trayectoria, Mecano utiliz\u00f3 maxis y caras B como laboratorio creativo: terreno para arriesgar sonidos, letras y formatos fuera de los LP principales.<b> Su llegada al streaming democratiza ese archivo, conserva patrimonio y ampl\u00eda el relato de una de las bandas m\u00e1s influyentes del pop en espa\u00f1ol<\/b>. Arranca as\u00ed una campa\u00f1a que pondr\u00e1 por primera vez en digital 37 canciones a lo largo de los pr\u00f3ximos meses, con nuevos maxis y caras B por anunciar.<\/p>\n","protected":false},"excerpt":{"rendered":"El 7 de septiembre volvi\u00f3 a ser el d\u00eda de Mecano. Este domingo, BMG celebr\u00f3 una de las&hellip;\n","protected":false},"author":2,"featured_media":102561,"comment_status":"","ping_status":"","sticky":false,"template":"","format":"standard","meta":{"footnotes":""},"categories":[170],"tags":[1639,146,147,25,24,26994,15468,27610,184,185,8020,23],"class_list":{"0":"post-102560","1":"post","2":"type-post","3":"status-publish","4":"format-standard","5":"has-post-thumbnail","7":"category-musica","8":"tag-digital","9":"tag-entertainment","10":"tag-entretenimiento","11":"tag-es","12":"tag-espana","13":"tag-inedito","14":"tag-material","15":"tag-mecano","16":"tag-music","17":"tag-musica","18":"tag-publican","19":"tag-spain"},"share_on_mastodon":{"url":"","error":""},"_links":{"self":[{"href":"https:\/\/www.europesays.com\/es\/wp-json\/wp\/v2\/posts\/102560","targetHints":{"allow":["GET"]}}],"collection":[{"href":"https:\/\/www.europesays.com\/es\/wp-json\/wp\/v2\/posts"}],"about":[{"href":"https:\/\/www.europesays.com\/es\/wp-json\/wp\/v2\/types\/post"}],"author":[{"embeddable":true,"href":"https:\/\/www.europesays.com\/es\/wp-json\/wp\/v2\/users\/2"}],"replies":[{"embeddable":true,"href":"https:\/\/www.europesays.com\/es\/wp-json\/wp\/v2\/comments?post=102560"}],"version-history":[{"count":0,"href":"https:\/\/www.europesays.com\/es\/wp-json\/wp\/v2\/posts\/102560\/revisions"}],"wp:featuredmedia":[{"embeddable":true,"href":"https:\/\/www.europesays.com\/es\/wp-json\/wp\/v2\/media\/102561"}],"wp:attachment":[{"href":"https:\/\/www.europesays.com\/es\/wp-json\/wp\/v2\/media?parent=102560"}],"wp:term":[{"taxonomy":"category","embeddable":true,"href":"https:\/\/www.europesays.com\/es\/wp-json\/wp\/v2\/categories?post=102560"},{"taxonomy":"post_tag","embeddable":true,"href":"https:\/\/www.europesays.com\/es\/wp-json\/wp\/v2\/tags?post=102560"}],"curies":[{"name":"wp","href":"https:\/\/api.w.org\/{rel}","templated":true}]}}