{"id":102568,"date":"2025-09-09T03:52:07","date_gmt":"2025-09-09T03:52:07","guid":{"rendered":"https:\/\/www.europesays.com\/es\/102568\/"},"modified":"2025-09-09T03:52:07","modified_gmt":"2025-09-09T03:52:07","slug":"nacho-cano-denuncia-por-tercera-vez-a-la-jueza-del-caso-malinche-por-prevaricacion","status":"publish","type":"post","link":"https:\/\/www.europesays.com\/es\/102568\/","title":{"rendered":"Nacho Cano denuncia por tercera vez a la jueza del caso &#8216;Malinche&#8217; por prevaricaci\u00f3n"},"content":{"rendered":"<p class=\"article-text\">\n        <a href=\"https:\/\/www.eldiario.es\/cultura\/musical-judicial-malinche-detencion-nacho-cano-archivo-causa-becarios_1_12247098.html\" data-mrf-recirculation=\"links-noticia\" class=\"link\" rel=\"nofollow noopener\" target=\"_blank\">Nacho Cano<\/a> ha denunciado por tercera vez por prevaricaci\u00f3n a la jueza del caso <a href=\"https:\/\/www.eldiario.es\/cultura\/musical-judicial-malinche-detencion-nacho-cano-archivo-causa-becarios_1_12247098.html\" data-mrf-recirculation=\"links-noticia\" class=\"link\" rel=\"nofollow noopener\" target=\"_blank\">Malinche<\/a>. Seg\u00fan ha avanzado <a href=\"https:\/\/www.elmundo.es\/cultura\/musica\/2025\/09\/08\/68be707fe9cf4a20608b4589.html\" target=\"_blank\" data-mrf-recirculation=\"links-noticia\" class=\"link\" rel=\"nofollow noopener\">El Mundo<\/a>, el exmiembro de <a href=\"https:\/\/www.eldiario.es\/cultura\/nacho-cano-declarar-juicio-malinche-mensaje-pedro-sanchez-vas-no-caer_1_11960175.html\" data-mrf-recirculation=\"links-noticia\" class=\"link\" rel=\"nofollow noopener\" target=\"_blank\">Mecano<\/a> ha vuelto a querellarse contra la magistrada por una instrucci\u00f3n que ha definido como \u201cdescabellada y desquiciada\u201d. La investigaci\u00f3n contra el productor musical fue archivada por la <a href=\"https:\/\/www.eldiario.es\/cultura\/justicia-archiva-causa-nacho-cano-becarios-musical-malinche_1_12246947.html\" data-mrf-recirculation=\"links-noticia\" class=\"link\" rel=\"nofollow noopener\" target=\"_blank\">Audiencia Provincial<\/a> de Madrid el pasado mes de abril.\n    <\/p>\n<p>    <a href=\"https:\/\/www.eldiario.es\/cultura\/musical-judicial-malinche-detencion-nacho-cano-archivo-causa-becarios_1_12247098.html\" data-mrf-recirculation=\"saber-mas\" data-dl-event=\"saber-mas\" rel=\"nofollow noopener\" target=\"_blank\"><\/p>\n<p class=\"know-more__title\">El musical judicial de Malinche: de la detenci\u00f3n de Nacho Cano al archivo de la causa de sus becarios<\/p>\n<p>            <img decoding=\"async\" class=\"lazy\" loading=\"lazy\" data-src=\"https:\/\/static.eldiario.es\/clip\/c6611dd3-d503-41eb-8687-65c3c270ae5d_16-9-aspect-ratio_default_0_x4802y1736.jpg\" src=\"data:image\/svg+xml,%3Csvg xmlns=\" http:=\"\" viewbox=\"0 0 880 495\" alt=\"El musical judicial de Malinche: de la detenci\u00f3n de Nacho Cano al archivo de la causa de sus becarios\"\/><\/p>\n<p>                        <\/a><\/p>\n<p class=\"article-text\">\n        El m\u00fasico defiende en el texto que la jueza abri\u00f3 el procedimiento judicial bas\u00e1ndose en \u201cpremisas err\u00f3neas\u201d, en concreto, un atestado policial \u201cplagado de irregularidades\u201d; que provoc\u00f3 su detenci\u00f3n y posterior investigaci\u00f3n durante meses. Los abogados del m\u00fasico denuncian que la magistrada extendi\u00f3 de manera injustificada un caso que deber\u00eda haber sido archivado \u201cdesde el inicio\u201d.\n    <\/p>\n<p class=\"article-text\">\n        Nacho Cano estuvo meses imputado por un juzgado de Plaza de Castilla por la magistrada que investigaba si \u00e9l y sus colaboradores trajeron a Espa\u00f1a a casi dos decenas de aspirantes a bailarines para formarse y trabajar en su musical\u00a0Malinche\u00a0en Madrid. Finalmente, los jueces corrigieron a la responsable del caso, ya que entendieron que el empresario no introdujo a los becarios camuflados\u00a0<a href=\"https:\/\/www.eldiario.es\/cultura\/jueza-llama-declarar-nacho-cano-imputado-caso-musical-malinche_1_11889247.html\" target=\"_blank\" data-mrf-recirculation=\"links-noticia\" class=\"link\" rel=\"nofollow noopener\">como turistas<\/a>\u00a0para trabajar en la funci\u00f3n.\n    <\/p>\n<p class=\"article-text\">\n        Un informe de\u00a0<a href=\"https:\/\/www.eldiario.es\/cultura\/musica\/inspeccion-trabajo-vuelve-dar-razon-nacho-cano-ratifica-becarios-malinche-no-trabajadores_1_12241742.html\" target=\"_blank\" data-mrf-recirculation=\"links-noticia\" class=\"link\" rel=\"nofollow noopener\">la Inspecci\u00f3n de Trabajo<\/a>\u00a0exculp\u00f3 tambi\u00e9n al productor musical al no encontrar irregularidades en la relaci\u00f3n laboral de los becarios. \u201cEl \u00fanico problema es que no gust\u00f3 o no conven\u00eda el resultado del informe, que determinaba que no exist\u00edan ning\u00fan tipo de relaci\u00f3n laboral encubierta y que los estudiantes realizaron pr\u00e1cticas de naturaleza no laboral ajustadas perfectamente a la normativa, sin que fuera preceptiva su alta en el R\u00e9gimen General de la Seguridad Social\u201d, recuerdan en la querella.\n    <\/p>\n<p>    <a href=\"https:\/\/www.eldiario.es\/illes-balears\/sociedad\/toponimo-codician-batalla-ibiza-evitar-nacho-cano-explote-nombre-proximo-show-madrileno_1_12557769.html\" data-mrf-recirculation=\"saber-mas-abajo\" data-dl-event=\"saber-mas-abajo\" rel=\"nofollow noopener\" target=\"_blank\"><\/p>\n<p class=\"know-more__title\">El top\u00f3nimo que todos codician: la batalla de Ibiza para evitar que Nacho Cano explote su nombre en su pr\u00f3ximo show madrile\u00f1o\n<\/p>\n<p>            <img decoding=\"async\" class=\"lazy\" loading=\"lazy\" data-src=\"https:\/\/static.eldiario.es\/clip\/38623217-a23a-4537-9f65-120246cae48f_16-9-aspect-ratio_default_0.jpg\" src=\"data:image\/svg+xml,%3Csvg xmlns=\" http:=\"\" viewbox=\"0 0 880 495\" alt=\"El top\u00f3nimo que todos codician: la batalla de Ibiza para evitar que Nacho Cano explote su nombre en su pr\u00f3ximo show madrile\u00f1o\"\/><\/p>\n<p>                        <\/a><\/p>\n<p class=\"article-text\">\n        Seg\u00fan Nacho Cano, la magistrada \u201cdesoy\u00f3 esas pruebas\u201d y posteriormente solicit\u00f3 informes adicionales \u201csin fundamento jur\u00eddico\u201d y mantuvo \u201cvivas\u201d unas \u201cdiligencias que carec\u00edan de base legal\u201d. Para los abogados, el hecho de que la Audiencia Provincial archivara la causa \u201cdej\u00f3 en evidencia que todo el caso se sustentaba en una denuncia falsa de una exbecaria que previamente hab\u00eda intentado someter a chantaje al artista\u201d.\n    <\/p>\n","protected":false},"excerpt":{"rendered":"Nacho Cano ha denunciado por tercera vez por prevaricaci\u00f3n a la jueza del caso Malinche. Seg\u00fan ha avanzado&hellip;\n","protected":false},"author":2,"featured_media":102569,"comment_status":"","ping_status":"","sticky":false,"template":"","format":"standard","meta":{"footnotes":""},"categories":[8],"tags":[17,18,15377,6985,6775,25,24,13,14,11,9864,19,20,35978,3300,9,10,15,16,34401,23,2393,12,21,22,1079],"class_list":{"0":"post-102568","1":"post","2":"type-post","3":"status-publish","4":"format-standard","5":"has-post-thumbnail","7":"category-espana","8":"tag-breaking-news","9":"tag-breakingnews","10":"tag-cano","11":"tag-caso","12":"tag-denuncia","13":"tag-es","14":"tag-espana","15":"tag-featured-news","16":"tag-featurednews","17":"tag-headlines","18":"tag-jueza","19":"tag-latest-news","20":"tag-latestnews","21":"tag-malinche","22":"tag-nacho","23":"tag-news","24":"tag-noticias","25":"tag-noticias-destacadas","26":"tag-noticiasdestacadas","27":"tag-prevaricacion","28":"tag-spain","29":"tag-tercera","30":"tag-titulares","31":"tag-ultimas-noticias","32":"tag-ultimasnoticias","33":"tag-vez"},"share_on_mastodon":{"url":"","error":""},"_links":{"self":[{"href":"https:\/\/www.europesays.com\/es\/wp-json\/wp\/v2\/posts\/102568","targetHints":{"allow":["GET"]}}],"collection":[{"href":"https:\/\/www.europesays.com\/es\/wp-json\/wp\/v2\/posts"}],"about":[{"href":"https:\/\/www.europesays.com\/es\/wp-json\/wp\/v2\/types\/post"}],"author":[{"embeddable":true,"href":"https:\/\/www.europesays.com\/es\/wp-json\/wp\/v2\/users\/2"}],"replies":[{"embeddable":true,"href":"https:\/\/www.europesays.com\/es\/wp-json\/wp\/v2\/comments?post=102568"}],"version-history":[{"count":0,"href":"https:\/\/www.europesays.com\/es\/wp-json\/wp\/v2\/posts\/102568\/revisions"}],"wp:featuredmedia":[{"embeddable":true,"href":"https:\/\/www.europesays.com\/es\/wp-json\/wp\/v2\/media\/102569"}],"wp:attachment":[{"href":"https:\/\/www.europesays.com\/es\/wp-json\/wp\/v2\/media?parent=102568"}],"wp:term":[{"taxonomy":"category","embeddable":true,"href":"https:\/\/www.europesays.com\/es\/wp-json\/wp\/v2\/categories?post=102568"},{"taxonomy":"post_tag","embeddable":true,"href":"https:\/\/www.europesays.com\/es\/wp-json\/wp\/v2\/tags?post=102568"}],"curies":[{"name":"wp","href":"https:\/\/api.w.org\/{rel}","templated":true}]}}