{"id":102582,"date":"2025-09-09T04:01:13","date_gmt":"2025-09-09T04:01:13","guid":{"rendered":"https:\/\/www.europesays.com\/es\/102582\/"},"modified":"2025-09-09T04:01:13","modified_gmt":"2025-09-09T04:01:13","slug":"unicaja-i-chris-duarte-debuto-con-el-unicaja-contra-el-real-madrid-en-la-final-del-torneo-costa-del-sol","status":"publish","type":"post","link":"https:\/\/www.europesays.com\/es\/102582\/","title":{"rendered":"UNICAJA I Chris Duarte debut\u00f3 con el Unicaja contra el Real Madrid, en la final del Torneo Costa del Sol"},"content":{"rendered":"<p class=\"ft-text\"><strong>Chris Duarte debut\u00f3, por fin, con la camiseta del Unicaja<\/strong>. Fue este pasado domingo, en la final\u00edsima del Torneo Costa del Sol, disputada en un Palacio Mart\u00edn Carpena abarrotado, en el qu<a class=\"ft-link ft-link--decoration\" href=\"https:\/\/www.laopiniondemalaga.es\/unicaja\/2025\/09\/07\/unicaja-real-madrid-torneo-costa-del-sol-121328169.html\" rel=\"nofollow noopener\" target=\"_blank\">e el Unicaja perdi\u00f3 contra el Real Madrid por 82-89.<\/a><\/p>\n<p class=\"ft-text\">Duarte, el fichaje que m\u00e1s ilusi\u00f3n ha generado en el mercado estival a los aficionados cajistas, <strong>se lesion\u00f3 el 3 de agosto cuando disputaba la final de la Liga de Puerto Rico<\/strong> con el que entonces era su equipo, Vaqueros de Bayam\u00f3n. <a class=\"ft-link ft-link--decoration\" href=\"https:\/\/www.laopiniondemalaga.es\/unicaja\/2025\/08\/06\/unicaja-republica-dominicana-puerto-rico-duarte-120398464.html\" rel=\"nofollow noopener\" target=\"_blank\">El alero dominicano se lastim\u00f3 la espalda <\/a>y ya no volvi\u00f3 a jugar en la serie final del BSN puertorrique\u00f1o ni tampoco estuvo presente con la selecci\u00f3n de Rep\u00fablica Dominicana en el AmeriCup, celebrado las dos \u00faltimas semanas del pasado mes de agosto.<\/p>\n<p class=\"ft-text\"><strong>D\u00edas despu\u00e9s de su lesi\u00f3n, viaj\u00f3 a M\u00e1laga para comenzar con su recuperaci\u00f3n<\/strong>. Este domingo, ante el Real Madrid, Duarte al fin se pudo estrenar con la camiseta verde y morada. Y su estreno no defraud\u00f3 a nadie.<\/p>\n<p><img decoding=\"async\" src=\"https:\/\/www.europesays.com\/es\/wp-content\/uploads\/2025\/09\/266ec9b5-4ef4-45d7-8fb7-690e1615cd67_alta-libre-aspect-ratio_default_0.jpg\" width=\"1200\" height=\"800\" alt=\"As\u00ed ha sido el Unicaja - Real Madrid en el Mart\u00edn Carpena en la final del Torneo Costa del Sol este domingo\" class=\"ft-helper-img-rd\" loading=\"lazy\" hasdataaida=\"true\"\/><\/p>\n<p class=\"ft-helper-fontColor-quaternary ft-helper-fontSize-body-S ft-helper-spacer-t-xxs\">Chris Duarte habla con uno de los \u00e1rbitros.  \/ Gregorio Marrero<\/p>\n<p>Estreno triunfal<\/p>\n<p class=\"ft-text\">Se puede decir que Duarte ha ca\u00eddo de pie en el Carpena. <strong>Le bastaron 12 minutos largos para poner en pie a la \u00abmarea verde\u00bb, que incluso le cant\u00f3 eso de \u00abMVP, MVP, MVP\u00bb<\/strong>, tras un triple sobre la bocina, en una jugada del tercer cuarto. Duarte jug\u00f3 3.51 minutos en el primer cuarto, 2.27 en el segundo cuarto, 3.25 en el tercero y 2.53 en el \u00faltimo cuarto. En total, 12.50 minutos, <strong>el que menos tiempo estuvo en pista del equipo, sin contar a los canteranos Trujillo y Butajevas.<\/strong><\/p>\n<p class=\"ft-text\">Le sobr\u00f3 ese ratillo sobre el parqu\u00e9 para anotar <strong>14 puntos, con 2\/3 en tiros de 2, 2 \/4 en lanzamientos triples y un pleno de 4\/4 en tiros libres<\/strong>. Una gran tarjeta para su puesta en escena.<\/p>\n<p><img decoding=\"async\" src=\"https:\/\/www.europesays.com\/es\/wp-content\/uploads\/2025\/09\/45997fc7-6c2c-49f1-a712-4d3fcf03ee95_alta-libre-aspect-ratio_default_0.jpg\" width=\"1200\" height=\"800\" alt=\"Cjhris Duarte debut\u00f3 con el Unicaja.\" class=\"ft-helper-img-rd\" loading=\"lazy\" hasdataaida=\"true\"\/><\/p>\n<p class=\"ft-helper-fontColor-quaternary ft-helper-fontSize-body-S ft-helper-spacer-t-xxs\">Cjhris Duarte debut\u00f3 con el Unicaja.  \/ Gregorio Marrero<\/p>\n<p>Polivalencia<\/p>\n<p class=\"ft-text\">Duarte dej\u00f3 algunos destellos de lo que puede darle al equipo esta pr\u00f3xima temporada, sobre todo en ataque, con un talento para anotar fuera de lo normal. <strong>Puede jugar de escolta y de alero, sabe jugar sin bal\u00f3n, tiene visi\u00f3n de juego y una envergadura que ayudar\u00e1 a sus compa\u00f1eros<\/strong> tambi\u00e9n bajo canasta, aunque en este primer partido no captur\u00f3 ning\u00fan rebote.<\/p>\n<p class=\"ft-text\">La grada lo recibi\u00f3 con honores y le demostr\u00f3 desde el primer d\u00eda, a \u00e9l, a Sulejmanovic y a Webb III, los otros dos fichajes que se estrenaron en el Carpena este domingo, que la \u00abmarea verde\u00bb les va a apoyar de principio a fin.<a class=\"ft-link ft-link--decoration\" href=\"https:\/\/www.laopiniondemalaga.es\/unicaja\/2025\/09\/05\/castaneda-jugo-alba-proceso-virico-unicaja-trofeo-velez-121288176.html\" rel=\"nofollow noopener\" target=\"_blank\"> En esta ocasi\u00f3n fue baja el otro refuerzo del mercado veraniego, Xavier Casta\u00f1eda, que est\u00e1 pasando por un proceso v\u00edrico.<\/a><\/p>\n<p><img decoding=\"async\" src=\"https:\/\/www.europesays.com\/es\/wp-content\/uploads\/2025\/09\/268df570-dc90-4d4c-ab07-ea06a90bff32_alta-libre-aspect-ratio_default_0.jpg\" width=\"1200\" height=\"800\" alt=\"As\u00ed ha sido el Unicaja - Real Madrid en el Mart\u00edn Carpena en la final del Torneo Costa del Sol este domingo\" class=\"ft-helper-img-rd\" loading=\"lazy\" hasdataaida=\"true\"\/><\/p>\n<p class=\"ft-helper-fontColor-quaternary ft-helper-fontSize-body-S ft-helper-spacer-t-xxs\">Ibon Navarro habla con Duarte.  \/ Gregorio Marrero<\/p>\n<p>La opini\u00f3n de Ibon Navarro<\/p>\n<p class=\"ft-text\"><a class=\"ft-link ft-link--decoration\" href=\"https:\/\/www.laopiniondemalaga.es\/unicaja\/2025\/09\/07\/ibon-navarro-he-visto-cosas-real-madrid-costa-del-sol-pretemporada-121333607.html\" rel=\"nofollow noopener\" target=\"_blank\">Ibon Navarro, en la rueda de prensa, dio su opini\u00f3n sobre el debut de Chris Duarte con el equipo<\/a>: \u00abCreo que ha entrado bien. Ha tenido buenas sensaciones, no se ha resentido nada, eso es lo m\u00e1s positivo. Evidentemente, en su primera entrada ha ido muy asfixiado.<strong> Nos hab\u00edamos puesto un l\u00edmite de 3:30\/4:00 minutos seguidos en el campo para que no entrara en fatiga. Positivo. Su \u00faltima entrada era simplemente para intentar dar un relevo a Tyler Kalinoski<\/strong>. Los roles\u2026 hasta que no estemos todo es muy complicado. Vamos a ver si podemos esta semana meter a Chris en el equipo al 100%\u00bb.<\/p>\n<p>Palabras de agradecimiento de Duarte<\/p>\n<p class=\"ft-text\">El jugador dominicano utiliz\u00f3 sus redes sociales este lunes para explicar c\u00f3mo se sinti\u00f3 en su estreno como jugador cajista: \u00ab<strong>Ayer tuve la oportunidad de debutar con este gran equipo, Unicaja, y hacerlo frente a una afici\u00f3n hermosa que me hizo sentir en casa<\/strong>. Me siento muy feliz de volver a la cancha y hacer lo que m\u00e1s amo: jugar baloncesto. Gracias a mi familia, compa\u00f1eros, coaches y cuerpo t\u00e9cnico por su apoyo constante y por ayudarme a que todo el proceso sea m\u00e1s llevadero. El camino apenas comienza y estoy con mucha ilusi\u00f3n por todo lo que viene. #vamos Unicaja\u00bb<\/p>\n","protected":false},"excerpt":{"rendered":"Chris Duarte debut\u00f3, por fin, con la camiseta del Unicaja. Fue este pasado domingo, en la final\u00edsima del&hellip;\n","protected":false},"author":2,"featured_media":102583,"comment_status":"","ping_status":"","sticky":false,"template":"","format":"standard","meta":{"footnotes":""},"categories":[269],"tags":[299,298,10722,6841,2242,5437,168,2243,25,24,34705,24242,1925,12082,3048,23,167,2246],"class_list":{"0":"post-102582","1":"post","2":"type-post","3":"status-publish","4":"format-standard","5":"has-post-thumbnail","7":"category-baloncesto","8":"tag-baloncesto","9":"tag-basketball","10":"tag-cae","11":"tag-carpena","12":"tag-chris","13":"tag-debut","14":"tag-deportes","15":"tag-duarte","16":"tag-es","17":"tag-espana","18":"tag-ibon-navarro","19":"tag-mvp","20":"tag-opinion","21":"tag-pie","22":"tag-real-madrid","23":"tag-spain","24":"tag-sports","25":"tag-unicaja"},"share_on_mastodon":{"url":"","error":""},"_links":{"self":[{"href":"https:\/\/www.europesays.com\/es\/wp-json\/wp\/v2\/posts\/102582","targetHints":{"allow":["GET"]}}],"collection":[{"href":"https:\/\/www.europesays.com\/es\/wp-json\/wp\/v2\/posts"}],"about":[{"href":"https:\/\/www.europesays.com\/es\/wp-json\/wp\/v2\/types\/post"}],"author":[{"embeddable":true,"href":"https:\/\/www.europesays.com\/es\/wp-json\/wp\/v2\/users\/2"}],"replies":[{"embeddable":true,"href":"https:\/\/www.europesays.com\/es\/wp-json\/wp\/v2\/comments?post=102582"}],"version-history":[{"count":0,"href":"https:\/\/www.europesays.com\/es\/wp-json\/wp\/v2\/posts\/102582\/revisions"}],"wp:featuredmedia":[{"embeddable":true,"href":"https:\/\/www.europesays.com\/es\/wp-json\/wp\/v2\/media\/102583"}],"wp:attachment":[{"href":"https:\/\/www.europesays.com\/es\/wp-json\/wp\/v2\/media?parent=102582"}],"wp:term":[{"taxonomy":"category","embeddable":true,"href":"https:\/\/www.europesays.com\/es\/wp-json\/wp\/v2\/categories?post=102582"},{"taxonomy":"post_tag","embeddable":true,"href":"https:\/\/www.europesays.com\/es\/wp-json\/wp\/v2\/tags?post=102582"}],"curies":[{"name":"wp","href":"https:\/\/api.w.org\/{rel}","templated":true}]}}