{"id":102584,"date":"2025-09-09T04:02:05","date_gmt":"2025-09-09T04:02:05","guid":{"rendered":"https:\/\/www.europesays.com\/es\/102584\/"},"modified":"2025-09-09T04:02:05","modified_gmt":"2025-09-09T04:02:05","slug":"partido-completo-para-ricardo-rodriguez-en-la-victoria-de-suiza","status":"publish","type":"post","link":"https:\/\/www.europesays.com\/es\/102584\/","title":{"rendered":"Partido completo para Ricardo Rodr\u00edguez en la victoria de Suiza"},"content":{"rendered":"<p>El futbolista verdiblanco parti\u00f3 como lateral izquierdo en el triunfo ante Eslovenia<\/p>\n<p><img fetchpriority=\"high\" class=\"voc-img\" src=\"https:\/\/www.europesays.com\/es\/wp-content\/uploads\/2025\/09\/1500571370-RcDcOa9SjtxdzCqZvcYMBSN-1200x840@diario_abc.jpg\" loading=\"eager\" decoding=\"async\" alt=\"Ricardo Rodr\u00edguez disputa el bal\u00f3n con el esloveno Elsnik\" width=\"1200\" height=\"840\"\/><\/p>\n<p>Ricardo Rodr\u00edguez disputa el bal\u00f3n con el esloveno Elsnik    efe  <\/p>\n<p><img decoding=\"async\" class=\"voc-author__img\" src=\"https:\/\/www.europesays.com\/es\/wp-content\/uploads\/2025\/09\/autor-7261-foto-1.jpeg\" alt=\"Samuel Silva\"\/><\/p>\n<p>08\/09\/2025<br \/>\n<br \/><strong><br \/>\nActualizado a las 23:16h.<br \/>\n<\/strong><\/p>\n<p class=\"voc-p\" style=\"\">Indiscutible en la selecci\u00f3n de Suiza, <strong>Ricardo Rodr\u00edguez<\/strong> acumul\u00f3 un encuentro m\u00e1s como internacional en la victoria ante Eslovenia, que consolida al combinado helv\u00e9tico como l\u00edder del grupo B en la clasificaci\u00f3n para el Mundial 2026. El futbolista del Betis disput\u00f3 el <strong>partido completo como lateral izquierdo<\/strong>, la posici\u00f3n en la que tambi\u00e9n act\u00faa con Manuel Pellegrini en el equipo verdiblanco.<\/p>\n<p class=\"voc-p\" style=\"\"><strong>130 encuentros con el combinado suizo suma Ricardo Rodr\u00edguez<\/strong>, un futbolista de plena confianza de Marat Yakin, el seleccionador del combinado helv\u00e9tico. Ante Eslovenia, el lateral volvi\u00f3 a tirar de su experiencia para darle solidez al engranaje defensivo y conseguir un triunfo en ese camino hacia el Mundial, uno de los objetivos de Ricardo para esta temporada.<\/p>\n<p class=\"voc-p\" style=\"\"><strong>Suiza pas\u00f3 por encima de Eslovenia<\/strong>, gracias a un brillante primer tiempo que le permiti\u00f3 marcharse al intermedio con tres tantos de ventaja. Elvedi, a la salida de un saque de esquina botado por el sevillista Vargas, Embolo y Ndoye fueron los autores de los goles que sentenciaron el duelo para el equipo suizo antes del descanso.<\/p>\n<p class=\"voc-p\" style=\"\">Despu\u00e9s de que Amrabat participase con Marruecos en la victoria ante Zambia (0-2), <strong>este martes entrar\u00e1 en acci\u00f3n otros jugadores b\u00e9ticos<\/strong> como Bakambu, que jugar\u00e1 ante Senegal, Junior Firpo, que se medir\u00e1 a Jordania en un amistoso, Pablo Garc\u00eda y Ortiz, que jugar\u00e1n con la Sub 21 ante Kosovo y Lo Celso, que lo har\u00e1 ya de madrugada con Argentina ante Ecuador.<\/p>\n<p>Reportar un error<\/p>\n","protected":false},"excerpt":{"rendered":"El futbolista verdiblanco parti\u00f3 como lateral izquierdo en el triunfo ante Eslovenia Ricardo Rodr\u00edguez disputa el bal\u00f3n con&hellip;\n","protected":false},"author":2,"featured_media":102585,"comment_status":"","ping_status":"","sticky":false,"template":"","format":"standard","meta":{"footnotes":""},"categories":[268],"tags":[4399,168,25,24,280,282,1045,4764,416,281,23,167,6679,1261],"class_list":{"0":"post-102584","1":"post","2":"type-post","3":"status-publish","4":"format-standard","5":"has-post-thumbnail","7":"category-futbol","8":"tag-completo","9":"tag-deportes","10":"tag-es","11":"tag-espana","12":"tag-football","13":"tag-futbol","14":"tag-partido","15":"tag-ricardo","16":"tag-rodriguez","17":"tag-soccer","18":"tag-spain","19":"tag-sports","20":"tag-suiza","21":"tag-victoria"},"share_on_mastodon":{"url":"","error":""},"_links":{"self":[{"href":"https:\/\/www.europesays.com\/es\/wp-json\/wp\/v2\/posts\/102584","targetHints":{"allow":["GET"]}}],"collection":[{"href":"https:\/\/www.europesays.com\/es\/wp-json\/wp\/v2\/posts"}],"about":[{"href":"https:\/\/www.europesays.com\/es\/wp-json\/wp\/v2\/types\/post"}],"author":[{"embeddable":true,"href":"https:\/\/www.europesays.com\/es\/wp-json\/wp\/v2\/users\/2"}],"replies":[{"embeddable":true,"href":"https:\/\/www.europesays.com\/es\/wp-json\/wp\/v2\/comments?post=102584"}],"version-history":[{"count":0,"href":"https:\/\/www.europesays.com\/es\/wp-json\/wp\/v2\/posts\/102584\/revisions"}],"wp:featuredmedia":[{"embeddable":true,"href":"https:\/\/www.europesays.com\/es\/wp-json\/wp\/v2\/media\/102585"}],"wp:attachment":[{"href":"https:\/\/www.europesays.com\/es\/wp-json\/wp\/v2\/media?parent=102584"}],"wp:term":[{"taxonomy":"category","embeddable":true,"href":"https:\/\/www.europesays.com\/es\/wp-json\/wp\/v2\/categories?post=102584"},{"taxonomy":"post_tag","embeddable":true,"href":"https:\/\/www.europesays.com\/es\/wp-json\/wp\/v2\/tags?post=102584"}],"curies":[{"name":"wp","href":"https:\/\/api.w.org\/{rel}","templated":true}]}}