{"id":102594,"date":"2025-09-09T04:11:23","date_gmt":"2025-09-09T04:11:23","guid":{"rendered":"https:\/\/www.europesays.com\/es\/102594\/"},"modified":"2025-09-09T04:11:23","modified_gmt":"2025-09-09T04:11:23","slug":"enrique-de-inglaterra-regresa-al-reino-unido-en-su-visita-mas-larga-desde-la-muerte-de-la-reina-isabel-ii-gente","status":"publish","type":"post","link":"https:\/\/www.europesays.com\/es\/102594\/","title":{"rendered":"Enrique de Inglaterra regresa al Reino Unido en su visita m\u00e1s larga desde la muerte de la reina Isabel II | Gente"},"content":{"rendered":"<p class=\"\">El pr\u00edncipe Enrique est\u00e1 de regreso en el Reino Unido. Y lo hace en una fecha especial para la familia real brit\u00e1nica: este 8 de septiembre se cumplen tres a\u00f1os <a href=\"https:\/\/elpais.com\/internacional\/2022-09-08\/muere-la-reina-isabel-ii-de-inglaterra-referente-de-la-monarquia-europea.html\" target=\"_blank\" rel=\"noreferrer nofollow noopener\" title=\"https:\/\/elpais.com\/internacional\/2022-09-08\/muere-la-reina-isabel-ii-de-inglaterra-referente-de-la-monarquia-europea.html\">del fallecimiento de la reina Isabel II<\/a>. El hijo peque\u00f1o del monarca ha vuelto a su pa\u00eds natal para asistir a los WellChild Awards, una gala ben\u00e9fica para ni\u00f1os enfermos y de la que es padrino desde hace 17 a\u00f1os. Adem\u00e1s de su agenda de compromisos, los medios brit\u00e1nicos apuntan que, aprovechando la visita \u2014la m\u00e1s larga desde que falleciera su abuela\u2014, se reunir\u00e1 con su padre, el rey Carlos III. <a href=\"https:\/\/elpais.com\/gente\/2024-02-06\/el-principe-enrique-se-reencuentra-con-su-padre-en-clarence-house.html\" target=\"_blank\" rel=\"noreferrer nofollow noopener\" title=\"https:\/\/elpais.com\/gente\/2024-02-06\/el-principe-enrique-se-reencuentra-con-su-padre-en-clarence-house.html\">No le ve desde febrero de 2024, cuando el rey hizo p\u00fablica la noticia de su diagn\u00f3stico de c\u00e1ncer<\/a>, del que siguen sin conocerse detalles. <\/p>\n<p class=\"\">Nada m\u00e1s aterrizar en Londres, <a href=\"https:\/\/www.dailymail.co.uk\/news\/article-15076817\/Prince-Harry-gets-police-protection-UK-Duke-escorted-serving-Met-officer-arrives-WellChild-awards-brother-William-attends-official-engagement-just-20-miles-away.html\" target=\"_blank\" rel=\"noreferrer nofollow noopener\" title=\"https:\/\/www.dailymail.co.uk\/news\/article-15076817\/Prince-Harry-gets-police-protection-UK-Duke-escorted-serving-Met-officer-arrives-WellChild-awards-brother-William-attends-official-engagement-just-20-miles-away.html\">tal y como confirma el tabloide Daily Mail<\/a>, el pr\u00edncipe Enrique se ha trasladado hasta el castillo de Windsor y la capilla de San Jorge para visitar la tumba de la reina Isabel II, coincidiendo con el aniversario de su muerte. Adem\u00e1s, aseguran que el duque fue recogido en el aeropuerto de Heathrow por un coche oficial en servicio de la polic\u00eda Metropolitana del Escuadr\u00f3n de Protecci\u00f3n de la Realeza y Especialistas. Un movimiento que sugiere que, en esta ocasi\u00f3n, s\u00ed que est\u00e1 recibiendo protecci\u00f3n policial a medida.<\/p>\n<p>M\u00e1s informaci\u00f3n<\/p>\n<p class=\"\">Su llegada al hotel Royal Lancaster, donde se celebran los Well Child Awards, se ha mostrado sonriente y feliz de poder formar parte de esta cita que tiene como objetivo ayudar a ni\u00f1os enfermos. En otra de las im\u00e1genes, ya en el interior del recinto, se ha mostrado cercano con los peque\u00f1os e incluso ha iniciado un duelo de espadas hechas con globos. Tambi\u00e9n se ha reunido con algunos de los invitados a la gala. <\/p>\n<p><img alt=\"El pr\u00edncipe Enrique a su llegada a Londres, el 8 de septiembre de 2025.\" decoding=\"auto\" class=\"_re lazyload a_m-h\" height=\"277\"  width=\"414\"  src=\"https:\/\/www.europesays.com\/es\/wp-content\/uploads\/2025\/09\/IERUOFNRWNOCDEWZPFJBWJ7AKM.jpg\" loading=\"lazy\"\/>El pr\u00edncipe Enrique a su llegada a Londres, el 8 de septiembre de 2025.TOLGA AKMEN (EFE)<\/p>\n<p class=\"\">Esta apunta a que ser\u00e1 una visita diferente a las dem\u00e1s. Desde hace meses, el pr\u00edncipe Enrique ha pulsado el bot\u00f3n de reinicio en busca de una reconciliaci\u00f3n con su padre que parec\u00eda imposible despu\u00e9s de todos sus movimientos tras decidir abandonar la familia real brit\u00e1nica en 2020. Y m\u00e1s despu\u00e9s de la controvertida entrevista que dio a la BBC el pasado mes de mayo <a href=\"https:\/\/elpais.com\/gente\/2025-05-02\/el-principe-enrique-pierde-la-batalla-legal-contra-el-gobierno-britanico-por-rebajar-su-nivel-de-seguridad-en-el-reino-unido.html\" target=\"_blank\" rel=\"noreferrer nofollow noopener\" title=\"https:\/\/elpais.com\/gente\/2025-05-02\/el-principe-enrique-pierde-la-batalla-legal-contra-el-gobierno-britanico-por-rebajar-su-nivel-de-seguridad-en-el-reino-unido.html\">tras perder la batalla legal contra el Gobierno brit\u00e1nico por su seguridad<\/a>, la de Meghan Markle y la de sus dos hijos cuando visitan el pa\u00eds. \u201cNo me imagino un mundo en el que pueda traer a mi esposa e hijos de vuelta al Reino Unido en este momento\u201d, declar\u00f3 en una entrevista. Afirm\u00f3 sentirse \u201cdevastado\u201d y se\u00f1al\u00f3 a su padre por la situaci\u00f3n que atravesaba: \u201cNo s\u00e9 cu\u00e1nto tiempo m\u00e1s le queda a mi padre. No me habla por este asunto de la seguridad. Algunos miembros de mi familia nunca me perdonar\u00e1n por escribir un libro\u201d.<\/p>\n<p class=\"\">Pero el pasado mes de julio representantes del monarca y del duque de Sussex se reunieron en Londres para tender puentes entre padre e hijo. Todo ello despu\u00e9s de que el cuarto en la l\u00ednea de sucesi\u00f3n al trono brit\u00e1nico reconociese sus deseos de reconciliarse con su familia. \u201cNo tiene sentido seguir peleando\u201d, afirm\u00f3 en la citada entrevista con la televisi\u00f3n brit\u00e1nica. Aunque los medios brit\u00e1nicos apuntan a que la reuni\u00f3n entre ellos s\u00ed que se producir\u00e1 durante los cuatro d\u00edas que Enrique estar\u00e1 en el Reino Unido, para ello el pr\u00edncipe tendr\u00eda que viajar hasta la residencia en Balmoral, donde Carlos III pasa los veranos. O que su encuentro coincida con el d\u00eda en el que viaja a Londres para recibir tu tratamiento contra el c\u00e1ncer. No se espera que se vea con su hermano, el pr\u00edncipe Guillermo de Gales, con quien mantiene una tensa relaci\u00f3n y a quien no ve desde agosto de 2024, <a href=\"https:\/\/elpais.com\/gente\/2024-08-30\/los-principes-guillermo-y-enrique-de-inglaterra-mantienen-las-distancias-en-el-funeral-de-su-tio-robert-fellowes.html\" target=\"_blank\" rel=\"noreferrer nofollow noopener\" title=\"https:\/\/elpais.com\/gente\/2024-08-30\/los-principes-guillermo-y-enrique-de-inglaterra-mantienen-las-distancias-en-el-funeral-de-su-tio-robert-fellowes.html\">cuando ambos coincidieron en el funeral de su t\u00edo Robert Fellowes<\/a>. Estuvieron en el mismo lugar, pero no se dirigieron ninguna palabra y mantuvieron las distancias para evitar una foto de los dos juntos. <\/p>\n<p><img alt=\"El rey Carlos III y el pr\u00edncipe Enrique de Inglaterra en el funeral de la reina Isabel II, el 19 de septiembre de 2022, en Londres. \" decoding=\"auto\" class=\"_re lazyload a_m-h\" height=\"287\"  width=\"414\"  src=\"https:\/\/www.europesays.com\/es\/wp-content\/uploads\/2025\/09\/KTXAO3XEPZFE5PDW7S6VXU2V7U.jpg\" loading=\"lazy\"\/>El rey Carlos III y el pr\u00edncipe Enrique de Inglaterra en el funeral de la reina Isabel II, el 19 de septiembre de 2022, en Londres. Hannah McKay (Pool\/Getty Images)<\/p>\n<p class=\"\">Esta visita de cuatro d\u00edas a Londres est\u00e1 cargada de citas, pero todas ellas desde un perfil discreto e intentando no generar pol\u00e9micas que puedan romper <a href=\"https:\/\/elpais.com\/gente\/2025-07-14\/tregua-entre-el-rey-carlos-iii-y-el-principe-enrique-la-reunion-que-confirma-un-acercamiento-tras-anos-de-tension.html\" target=\"_blank\" rel=\"noreferrer nofollow noopener\" title=\"https:\/\/elpais.com\/gente\/2025-07-14\/tregua-entre-el-rey-carlos-iii-y-el-principe-enrique-la-reunion-que-confirma-un-acercamiento-tras-anos-de-tension.html\">la tan ansiada tregua<\/a>. Este martes 9 de septiembre, el pr\u00edncipe Enrique tambi\u00e9n estar\u00e1 en Nottingham para un evento centrado en ayudar a j\u00f3venes afectados por la violencia y donde anunciar\u00e1 una donaci\u00f3n a la ONG Children in Need para programas de j\u00f3venes vulnerables; tambi\u00e9n visitar\u00e1 el Community Recording Studio, entidad de formaci\u00f3n en m\u00fasica y cine a la que ya acudi\u00f3 en 2019. El mi\u00e9rcoles y el jueves asistir\u00e1 a recepciones privadas y reuniones con la mayor\u00eda de las organizaciones ben\u00e9ficas y patrocinadores con los que colabora desde la distancia: <a href=\"https:\/\/elpais.com\/gente\/2024-05-07\/el-principe-enrique-celebra-los-10-anos-de-los-juegos-invictus-en-londres-pero-no-se-vera-con-su-padre.html\" target=\"_blank\" rel=\"noreferrer nofollow noopener\" title=\"https:\/\/elpais.com\/gente\/2024-05-07\/el-principe-enrique-celebra-los-10-anos-de-los-juegos-invictus-en-londres-pero-no-se-vera-con-su-padre.html\">la Fundaci\u00f3n Invictus<\/a>, los premios Diana de Gales y Scotty\u2019s Little Soldiers, la fundaci\u00f3n focalizada en los ni\u00f1os militares en duelo. <\/p>\n<p class=\"\">Las intenciones del pr\u00edncipe son claras, pero no todo es tan f\u00e1cil como se espera. Si ya era complicado encontrar un hueco en la apretada agenda de padre e hijo, <a href=\"https:\/\/elpais.com\/gente\/2025-09-05\/muere-la-duquesa-catalina-de-kent-a-los-92-anos.html\" target=\"_blank\" rel=\"noreferrer nofollow noopener\" title=\"https:\/\/elpais.com\/gente\/2025-09-05\/muere-la-duquesa-catalina-de-kent-a-los-92-anos.html\">tras el fallecimiento de la duquesa de Kent el pasado jueves<\/a> todo se ha complicado. Fue el rey Carlos III quien decret\u00f3 el luto oficial en la familia real brit\u00e1nica, pudiendo cambiar as\u00ed los compromisos ya confirmados de los Windsor. Ser\u00e1 el pr\u00f3ximo 15 de septiembre cuando sus restos mortales se trasladen mediante un coche f\u00fanebre a la catedral de Westminster; y el 16 de septiembre tendr\u00e1 lugar el funeral. No est\u00e1 previsto que el pr\u00edncipe Enrique acuda a ninguno de los dos actos. <\/p>\n<p class=\"\"><a href=\"https:\/\/elpais.com\/gente\/2025-06-23\/enrique-de-inglaterra-extiende-una-rama-de-olivo-a-carlos-iii-y-el-principe-guillermo-invitandoles-a-los-juegos-invictus-de-2027.html\" target=\"_blank\" rel=\"noreferrer nofollow noopener\" title=\"https:\/\/elpais.com\/gente\/2025-06-23\/enrique-de-inglaterra-extiende-una-rama-de-olivo-a-carlos-iii-y-el-principe-guillermo-invitandoles-a-los-juegos-invictus-de-2027.html\">En el horizonte hay una fecha clave: julio de 2027<\/a>. Ser\u00e1 entonces cuando los Juegos Invictus, fundados por el duque de Sussex en 2014, se celebren en Birmingham. Su deseo es contar con el apoyo familiar en esta se\u00f1alada cita, pero mucho tiene que cambiar la situaci\u00f3n para que se repitan las im\u00e1genes que protagonizaron el a\u00f1o de su inauguraci\u00f3n en Londres, donde estuvo flanqueado por su padre y su hermano. Solo el tiempo dir\u00e1 si lo que parec\u00eda imposible hace unos meses acaba convirti\u00e9ndose en una realidad en dos a\u00f1os. Al menos, entre padre e hijo.<\/p>\n","protected":false},"excerpt":{"rendered":"El pr\u00edncipe Enrique est\u00e1 de regreso en el Reino Unido. Y lo hace en una fecha especial para&hellip;\n","protected":false},"author":2,"featured_media":102595,"comment_status":"","ping_status":"","sticky":false,"template":"","format":"standard","meta":{"footnotes":""},"categories":[91],"tags":[21944,3065,146,147,25,24,260,6585,3066,6041,1027,2444,23],"class_list":{"0":"post-102594","1":"post","2":"type-post","3":"status-publish","4":"format-standard","5":"has-post-thumbnail","7":"category-entretenimiento","8":"tag-carlos-iii-de-inglaterra","9":"tag-enrique-de-inglaterra","10":"tag-entertainment","11":"tag-entretenimiento","12":"tag-es","13":"tag-espana","14":"tag-gente","15":"tag-guillermo-de-inglaterra","16":"tag-meghan-markle","17":"tag-monarquia","18":"tag-realeza","19":"tag-reino-unido","20":"tag-spain"},"share_on_mastodon":{"url":"","error":""},"_links":{"self":[{"href":"https:\/\/www.europesays.com\/es\/wp-json\/wp\/v2\/posts\/102594","targetHints":{"allow":["GET"]}}],"collection":[{"href":"https:\/\/www.europesays.com\/es\/wp-json\/wp\/v2\/posts"}],"about":[{"href":"https:\/\/www.europesays.com\/es\/wp-json\/wp\/v2\/types\/post"}],"author":[{"embeddable":true,"href":"https:\/\/www.europesays.com\/es\/wp-json\/wp\/v2\/users\/2"}],"replies":[{"embeddable":true,"href":"https:\/\/www.europesays.com\/es\/wp-json\/wp\/v2\/comments?post=102594"}],"version-history":[{"count":0,"href":"https:\/\/www.europesays.com\/es\/wp-json\/wp\/v2\/posts\/102594\/revisions"}],"wp:featuredmedia":[{"embeddable":true,"href":"https:\/\/www.europesays.com\/es\/wp-json\/wp\/v2\/media\/102595"}],"wp:attachment":[{"href":"https:\/\/www.europesays.com\/es\/wp-json\/wp\/v2\/media?parent=102594"}],"wp:term":[{"taxonomy":"category","embeddable":true,"href":"https:\/\/www.europesays.com\/es\/wp-json\/wp\/v2\/categories?post=102594"},{"taxonomy":"post_tag","embeddable":true,"href":"https:\/\/www.europesays.com\/es\/wp-json\/wp\/v2\/tags?post=102594"}],"curies":[{"name":"wp","href":"https:\/\/api.w.org\/{rel}","templated":true}]}}