{"id":102611,"date":"2025-09-09T04:24:15","date_gmt":"2025-09-09T04:24:15","guid":{"rendered":"https:\/\/www.europesays.com\/es\/102611\/"},"modified":"2025-09-09T04:24:15","modified_gmt":"2025-09-09T04:24:15","slug":"mumbru-no-dirigira-a-alemania-en-lo-que-resta-de-eurobasket-no-estoy-fisicamente-preparado","status":"publish","type":"post","link":"https:\/\/www.europesays.com\/es\/102611\/","title":{"rendered":"Mumbr\u00fa no dirigir\u00e1 a Alemania en lo que resta de Eurobasket: \u00abNo estoy f\u00edsicamente preparado\u00bb"},"content":{"rendered":"<p><img fetchpriority=\"high\" class=\"v-a-img\" src=\"https:\/\/www.europesays.com\/es\/wp-content\/uploads\/2025\/09\/mumbru-ky4-U2302862922804n4F-1200x840@El Correo.jpg\" loading=\"eager\" decoding=\"async\" alt=\"El seleccionador de Alemania, \u00c1lex Mumbru, durante el partido de octavos de final frente a Portugal.\"  width=\"1200\" height=\"840\"\/><\/p>\n<p>El seleccionador de Alemania, \u00c1lex Mumbru, durante el partido de octavos de final frente a Portugal.          EFE        <\/p>\n<p>El entrenador espa\u00f1ol, que sufri\u00f3 una pancreatitis un d\u00eda antes de comenzar la competici\u00f3n, delegar\u00e1 en Alan Ibrahimagic la direcci\u00f3n durante los encuentros restantes<\/p>\n<p><a class=\"v-mdl-ath__fig-a\" href=\"https:\/\/www.elcorreo.com\/autor\/leire-moro-6877.html\" title=\"Leire Moro\" rel=\"nofollow noopener\" target=\"_blank\"><br \/>\n<img decoding=\"async\" class=\"v-mdl-ath__img\" src=\"https:\/\/www.europesays.com\/es\/wp-content\/uploads\/2025\/09\/autor-6877-foto-2.jpeg\" alt=\"Leire Moro\"\/><br \/>\n<\/a><\/p>\n<p class=\"v-mdl-ath__p v-mdl-ath__p--6\">\nLunes, 8 de septiembre 2025, 14:39<\/p>\n<p>| Actualizado 14:47h.<\/p>\n<p class=\"v-p\">\u00c1lex Mumbr\u00fa, exentrenador del Bilbao Basket y actual seleccionador de Alemania, ha anunciado que no se sentar\u00e1 en el banquillo durante los partidos que les queden en el Eurobasket porque \u00abno se siente f\u00edsicamente preparado\u00bb. El catal\u00e1n<a href=\"https:\/\/www.elcorreo.com\/bilbaobasket\/alex-mumbru-exentrenador-bilbao-basket-hospitalizado-finlandia-20250826134044-nt.html\" target=\"_blank\" title=\"www.elcorreo.com\" data-voc-vtm-id=\"in-text-traffic\" data-mrf-link=\"www.elcorreo.com\" rel=\"nofollow noopener\"> sufri\u00f3 una pancreatitis aguda <\/a>por la que tuvo que ser hospitalizado en Finlandia un d\u00eda antes de comenzar la competici\u00f3n. A pesar de que su <a href=\"https:\/\/new22-www.elcorreo.com\/deportes\/baloncesto\/alex-mumbru-evoluciona-favorablemente-perdera-debut-alemania-20250827135820-nt.html\" target=\"_blank\" title=\"new22-www.elcorreo.com\" data-voc-vtm-id=\"in-text-traffic\" data-mrf-link=\"new22-www.elcorreo.com\" rel=\"nofollow noopener\">evoluci\u00f3n fue favorable<\/a> y de que se esperara que estuviera en la fase final, en Riga ha decidido delegar en su asistente Alan Ibrahimagic la direcci\u00f3n durante los encuentros. <\/p>\n<p class=\"v-p\">\u00c9l mismo ha sido el encargado de comunicar al equipo su decisi\u00f3n durante una reuni\u00f3n. \u00abEn los \u00faltimos d\u00edas, me he dado cuenta de que no estoy f\u00edsicamente preparado para dirigir al equipo desde la banda durante los partidos\u00bb, dijo Mumbr\u00fa, al que se le apreciaba f\u00edsicamente que no est\u00e1 totalmente recuperado. <\/p>\n<p class=\"v-p\">\u00abHe decidido ajustar las funciones del cuerpo t\u00e9cnico y darle a Alan la responsabilidad de entrenador principal durante los partidos\u00bb, explic\u00f3 Mumbr\u00fa, que seguir\u00e1 en el banquillo, \u00abapoyando al equipo y seguiremos trabajando en estrecha colaboraci\u00f3n. Creo que esta es la mejor manera de ayudar al equipo a alcanzar el \u00e9xito\u00bb.<\/p>\n<p class=\"v-p\">La noticia de su ingreso la dio a conocer la Federaci\u00f3n Alemana de Baloncesto (DBB) con un comunicado en redes sociales: \u00abLa selecci\u00f3n masculina alemana no contar\u00e1 con su seleccionador, \u00c1lex Mumbr\u00fa, para la primera jornada del EuroBasket. El seleccionador sufre una infecci\u00f3n aguda y fue trasladado ayer lunes a un hospital de Tampere (Finlandia) por precauci\u00f3n. Est\u00e1 recibiendo tratamiento hospitalario y se encuentra notablemente mejor\u00bb. Tras permanecer cinco d\u00edas ingresado, fue dado de alta. <\/p>\n<p class=\"v-p\">\u00abMe complace que el equipo haya tenido un rendimiento tan bueno hasta ahora y estoy en contacto directo con el cuerpo t\u00e9cnico, en quien tengo plena confianza. Tengo muchas ganas de estar con el equipo en Riga\u00bb, asegur\u00f3 Mumbr\u00fa en otro comunicado emitido por la Federaci\u00f3n Alemana anunciando la buena noticia. \u00abMe encuentro much\u00edsimo mejor\u00bb, asegur\u00f3 el t\u00e9cnico. Pero finalmente no se ha recuperado lo suficiente para seguir a pleno rendimiento el resto de la competici\u00f3n. <\/p>\n<p>Comenta<\/p>\n<p>Reporta un error<\/p>\n","protected":false},"excerpt":{"rendered":"El seleccionador de Alemania, \u00c1lex Mumbru, durante el partido de octavos de final frente a Portugal. EFE El&hellip;\n","protected":false},"author":2,"featured_media":102612,"comment_status":"","ping_status":"","sticky":false,"template":"","format":"standard","meta":{"footnotes":""},"categories":[269],"tags":[1660,299,298,168,11914,25,24,301,35950,25164,9976,35949,23,167],"class_list":{"0":"post-102611","1":"post","2":"type-post","3":"status-publish","4":"format-standard","5":"has-post-thumbnail","7":"category-baloncesto","8":"tag-alemania","9":"tag-baloncesto","10":"tag-basketball","11":"tag-deportes","12":"tag-dirigira","13":"tag-es","14":"tag-espana","15":"tag-eurobasket","16":"tag-fisicamente","17":"tag-mumbru","18":"tag-preparado","19":"tag-resta","20":"tag-spain","21":"tag-sports"},"share_on_mastodon":{"url":"","error":""},"_links":{"self":[{"href":"https:\/\/www.europesays.com\/es\/wp-json\/wp\/v2\/posts\/102611","targetHints":{"allow":["GET"]}}],"collection":[{"href":"https:\/\/www.europesays.com\/es\/wp-json\/wp\/v2\/posts"}],"about":[{"href":"https:\/\/www.europesays.com\/es\/wp-json\/wp\/v2\/types\/post"}],"author":[{"embeddable":true,"href":"https:\/\/www.europesays.com\/es\/wp-json\/wp\/v2\/users\/2"}],"replies":[{"embeddable":true,"href":"https:\/\/www.europesays.com\/es\/wp-json\/wp\/v2\/comments?post=102611"}],"version-history":[{"count":0,"href":"https:\/\/www.europesays.com\/es\/wp-json\/wp\/v2\/posts\/102611\/revisions"}],"wp:featuredmedia":[{"embeddable":true,"href":"https:\/\/www.europesays.com\/es\/wp-json\/wp\/v2\/media\/102612"}],"wp:attachment":[{"href":"https:\/\/www.europesays.com\/es\/wp-json\/wp\/v2\/media?parent=102611"}],"wp:term":[{"taxonomy":"category","embeddable":true,"href":"https:\/\/www.europesays.com\/es\/wp-json\/wp\/v2\/categories?post=102611"},{"taxonomy":"post_tag","embeddable":true,"href":"https:\/\/www.europesays.com\/es\/wp-json\/wp\/v2\/tags?post=102611"}],"curies":[{"name":"wp","href":"https:\/\/api.w.org\/{rel}","templated":true}]}}