{"id":102619,"date":"2025-09-09T04:32:04","date_gmt":"2025-09-09T04:32:04","guid":{"rendered":"https:\/\/www.europesays.com\/es\/102619\/"},"modified":"2025-09-09T04:32:04","modified_gmt":"2025-09-09T04:32:04","slug":"galicia-un-grupo-de-activistas-se-manifiesta-en-vigo-frente-al-hotel-donde-se-concentra-el-equipo-israeli-de-la-vuelta-el-salto","status":"publish","type":"post","link":"https:\/\/www.europesays.com\/es\/102619\/","title":{"rendered":"Galicia | Un grupo de activistas se manifiesta en Vigo frente al hotel donde se concentra el equipo israel\u00ed de La Vuelta &#8211; El Salto"},"content":{"rendered":"<p>Algo m\u00e1s de un centenar de personas se ha manifestado la tarde de este lunes en Vigo frente al Hotel Coia, ubicado en el barrio obrero hom\u00f3nimo. Dentro del edificio se aloja el equipo Israel Premier-Tech, participante en <a href=\"https:\/\/www.elsaltodiario.com\/palestina\/detenidas-protestas-genocidio-vuelta-asturias-galicia\" target=\"_blank\" rel=\"nofollow noopener\">La Vuelta a Espa\u00f1a<\/a> y se\u00f1alado por los y las activistas como \u201cc\u00f3mplice\u201d del genocidio que <a href=\"https:\/\/www.elsaltodiario.com\/ocupacion-israeli\/colaborar-israel-territorios-ocupados-se-convierte-un-mal-negocio-empresas-espanolas\" target=\"_blank\" rel=\"nofollow noopener\">el Estado de Israel<\/a> est\u00e1 cometiendo en Palestina.<\/p>\n<p>Convocados de forma espor\u00e1dica a trav\u00e9s de las redes sociales a las 17h, las banderas palestinas y los c\u00e1nticos contra la masacre sionista en Gaza y Cisjordania, el grupo de personas se mantuvo en pie a las puertas del hotel durante m\u00e1s de dos horas y media.<\/p>\n<p>Tras la concentraci\u00f3n, una parte de los manifestantes se han desplazado al centro de la ciudad, en la conexi\u00f3n de las calles Urzaiz y Col\u00f3n, donde les esperaba una concentraci\u00f3n todav\u00eda m\u00e1s grande pero con un mismo objetivo: seguir escalando la presi\u00f3n sobre el gobierno ultraderechista de Benjamin Netanyahu.<\/p>\n<p>Ambas concentraciones han tenido lugar durante la jornada de descanso de los ciclistas antes de la decimosexta etapa de La Vuelta, que arrancar\u00e1 este martes. El recorrido, <a href=\"https:\/\/www.lavuelta.es\/es\/etapa-16\" target=\"_blank\" rel=\"nofollow noopener\">accesible en la web<\/a> de la organizaci\u00f3n y divulgado por los movimientos sociales de apoyo a Palestina, arrancar\u00e1 en Poio, se dirigir\u00e1 a Tui y acabar\u00e1 en Herville tras pasar por el Baixo Mi\u00f1o.<\/p>\n<p>Desde el movimiento para el boicot, la desinversi\u00f3n y la sanciones contra Israel (BDS Galiza) llaman a participar en las protestas que se llevar\u00e1n a cabo desde las 13h hasta las 17.30h a lo largo de todo el recorrido por el sur de la provincia de Pontevedra.<\/p>\n","protected":false},"excerpt":{"rendered":"Algo m\u00e1s de un centenar de personas se ha manifestado la tarde de este lunes en Vigo frente&hellip;\n","protected":false},"author":2,"featured_media":102620,"comment_status":"","ping_status":"","sticky":false,"template":"","format":"standard","meta":{"footnotes":""},"categories":[93],"tags":[517,313,168,25,24,74,24263,76,23,167],"class_list":{"0":"post-102619","1":"post","2":"type-post","3":"status-publish","4":"format-standard","5":"has-post-thumbnail","7":"category-deportes","8":"tag-actualidad","9":"tag-ciclismo","10":"tag-deportes","11":"tag-es","12":"tag-espana","13":"tag-israel","14":"tag-ocupacion-israeli","15":"tag-palestina","16":"tag-spain","17":"tag-sports"},"share_on_mastodon":{"url":"","error":""},"_links":{"self":[{"href":"https:\/\/www.europesays.com\/es\/wp-json\/wp\/v2\/posts\/102619","targetHints":{"allow":["GET"]}}],"collection":[{"href":"https:\/\/www.europesays.com\/es\/wp-json\/wp\/v2\/posts"}],"about":[{"href":"https:\/\/www.europesays.com\/es\/wp-json\/wp\/v2\/types\/post"}],"author":[{"embeddable":true,"href":"https:\/\/www.europesays.com\/es\/wp-json\/wp\/v2\/users\/2"}],"replies":[{"embeddable":true,"href":"https:\/\/www.europesays.com\/es\/wp-json\/wp\/v2\/comments?post=102619"}],"version-history":[{"count":0,"href":"https:\/\/www.europesays.com\/es\/wp-json\/wp\/v2\/posts\/102619\/revisions"}],"wp:featuredmedia":[{"embeddable":true,"href":"https:\/\/www.europesays.com\/es\/wp-json\/wp\/v2\/media\/102620"}],"wp:attachment":[{"href":"https:\/\/www.europesays.com\/es\/wp-json\/wp\/v2\/media?parent=102619"}],"wp:term":[{"taxonomy":"category","embeddable":true,"href":"https:\/\/www.europesays.com\/es\/wp-json\/wp\/v2\/categories?post=102619"},{"taxonomy":"post_tag","embeddable":true,"href":"https:\/\/www.europesays.com\/es\/wp-json\/wp\/v2\/tags?post=102619"}],"curies":[{"name":"wp","href":"https:\/\/api.w.org\/{rel}","templated":true}]}}