{"id":102627,"date":"2025-09-09T04:37:03","date_gmt":"2025-09-09T04:37:03","guid":{"rendered":"https:\/\/www.europesays.com\/es\/102627\/"},"modified":"2025-09-09T04:37:03","modified_gmt":"2025-09-09T04:37:03","slug":"un-dron-ataca-el-barco-de-la-flotilla-con-ayuda-para-gaza-en-el-que-viaja-greta-thunberg-y-provoca-un-incendio-en-la-cubierta-internacional","status":"publish","type":"post","link":"https:\/\/www.europesays.com\/es\/102627\/","title":{"rendered":"Un dron ataca el barco de la flotilla con ayuda para Gaza en el que viaja Greta Thunberg y provoca un incendio en la cubierta | Internacional"},"content":{"rendered":"<p class=\"\">Un dron ha atacado la madrugada de este martes al principal barco de la Global Sumud Flotilla, tambi\u00e9n conocida como <a href=\"https:\/\/elpais.com\/internacional\/2025-09-02\/la-mala-mar-se-interpone-de-nuevo-en-la-travesia-de-la-flotilla-con-ayuda-para-gaza.html\" target=\"_blank\" rel=\"noreferrer nofollow noopener\" title=\"https:\/\/elpais.com\/internacional\/2025-09-02\/la-mala-mar-se-interpone-de-nuevo-en-la-travesia-de-la-flotilla-con-ayuda-para-gaza.html\">Flotilla de la Libertad, <\/a>provocando un incendio en la cubierta. El alcance de los da\u00f1os no es grave, indican fuentes de la organizaci\u00f3n. La investigaci\u00f3n apunta a que el dron ha lanzado un proyectil y ha desencadenado las llamas, que han sido sofocadas minutos despu\u00e9s. La embarcaci\u00f3n se encontraba en el puerto de T\u00fanez, donde lleg\u00f3 el domingo en medio un gran recibimiento con centenares de personas. A bordo en el momento del ataque se encontraban seis personas de la tripulaci\u00f3n que hac\u00edan guardia para evitar posibles sabotajes, pero ninguno se encuentra herido. Se trata del Family, un barco con bandera de Portugal en el que viaja el comit\u00e9 de direcci\u00f3n de la organizaci\u00f3n y la vez las caras visibles de la misi\u00f3n, entre ellos <a href=\"https:\/\/elpais.com\/espana\/catalunya\/2025-09-07\/la-flotilla-a-gaza-y-lo-woke.html\" target=\"_blank\" rel=\"noreferrer nofollow noopener\" title=\"https:\/\/elpais.com\/espana\/catalunya\/2025-09-07\/la-flotilla-a-gaza-y-lo-woke.html\">Greta Thunberg<\/a> o Thiago \u00c1vila. <\/p>\n<p class=\"\">\u201cUn dron ha atacado el barco Family esta noche. El dron ha sobrevolado la embarcaci\u00f3n, ha soltado una bomba y poco despu\u00e9s ha explotado, provocando un incendio\u201d, ha se\u00f1alado en sus redes sociales Yasmine Acar, activista y miembro del comit\u00e9 de direcci\u00f3n de la flotilla. \u201cEste es el barco en el que viaj\u00e1bamos los mismos que \u00edbamos <a href=\"https:\/\/elpais.com\/internacional\/2025-06-09\/israel-intercepta-la-flotilla-de-la-libertad-que-se-dirigia-en-barco-a-gaza-con-ayuda.html\" target=\"_blank\" rel=\"noreferrer nofollow noopener\" title=\"https:\/\/elpais.com\/internacional\/2025-06-09\/israel-intercepta-la-flotilla-de-la-libertad-que-se-dirigia-en-barco-a-gaza-con-ayuda.html\">a bordo del Madleen\u201d, <\/a>ha a\u00f1adido, en referencia al barco con medicamentos esenciales que se dirig\u00eda a Gaza en junio y fue interceptado por militares israel\u00edes en aguas internacionales. Todos los tripulantes, entre ellos Thunberg, fueron detenidos y deportados desde Tel Aviv.<\/p>\n<p class=\"\">La Global Sumud Flotilla ha dado orden de evacuar a todos los barcos de la misi\u00f3n, que tambi\u00e9n estaban siendo custodiados por miembros de la tripulaci\u00f3n y voluntarios de diversos pa\u00edses, mayormente tunecinos, ante el temor a nuevos ataques. Sin embargo, varios grupos de personas han decidido organizarse para tratar de proteger las embarcaciones. En el puerto se encuentran actualmente decenas de personas con este prop\u00f3sito. Las autoridades locales tambi\u00e9n han acudido para supervisar el puerto.<\/p>\n<p class=\"\">\u201cLos actos de agresi\u00f3n destinados a intimidar y descarrilar nuestra misi\u00f3n no disuadir\u00e1n\u201d, se\u00f1alan desde el comit\u00e9 de direcci\u00f3n. Acto seguido, a\u00f1aden que la misi\u00f3n pac\u00edfica de romper el bloqueo en Gaza, llevar ayuda humanitaria para su poblaci\u00f3n y crear un corredor operativo \u201ccontin\u00faa con determinaci\u00f3n\u201d.<\/p>\n<p class=\"\">Alrededor de 15 embarcaciones llegaron este domingo por la tarde al puerto de T\u00fanez. Salieron de Barcelona y, tras una semana navegando por el Mediterr\u00e1neo con diversas dificultades, fueron recibidos por centenares de personas que gritaban \u201cFree Palestine\u201d (Palestina libre) mientras ondeaban las banderas del pa\u00eds. <\/p>\n<p class=\"\">La previsi\u00f3n antes de este ataque era reagrupar a la flotilla en el puerto tunecino, ya que hay al menos siete embarcaciones que tienen previsto llegar este martes debido a varias aver\u00edas, para zarpar el mi\u00e9rcoles junto la Flotilla africana. En total, se estima que alrededor de 40 barcos podr\u00edan salir <a href=\"https:\/\/pa-desde-barcelona-con-el-objetivo-de-romper-el-bloqueo-israeli-y-llevar-ayuda-humanitaria-a-gaza.html\" target=\"_self\" rel=\"nofollow noopener\" title=\"https:\/\/pa-desde-barcelona-con-el-objetivo-de-romper-el-bloqueo-israeli-y-llevar-ayuda-humanitaria-a-gaza.html\">rumbo a Gaza.<\/a> Adem\u00e1s, tanto en Italia como en Grecia hay alrededor de una decena de barcos preparados para unirse en alta mar a la Flotilla, por lo que casi 60 embarcaciones intentar\u00e1n llegar a Palestina para romper el bloqueo israel\u00ed. <\/p>\n<p class=\"\"><a href=\"https:\/\/elpais.com\/america-colombia\/2025-07-18\/francesca-albanese-relatora-de-la-onu-las-tecnicas-de-intimidacion-de-estados-unidos-son-de-un-estilo-mafioso.html\" target=\"_blank\" rel=\"noreferrer nofollow noopener\" title=\"https:\/\/elpais.com\/america-colombia\/2025-07-18\/francesca-albanese-relatora-de-la-onu-las-tecnicas-de-intimidacion-de-estados-unidos-son-de-un-estilo-mafioso.html\">Francesa Albanese, <\/a>relatora de la ONU para los territorios palestinos, ha denunciado lo sucedido en sus redes sociales y ha pedido \u201cprotecci\u00f3n\u201d de las autoridades locales a los dos barcos de la flotilla que tienen previsto llegar a lo largo de la madrugada. Albanese se encuentra en T\u00fanez y ha acudido este lunes a varios actos en apoyo a la Flotilla, en los que tambi\u00e9n estaba presente la exalcaldesa de Barcelona, Ada Colau, a bordo de uno de los barcos.<\/p>\n<p class=\"\">La activista Greta Thunberg, a su llegada al puerto de T\u00fanez, pidi\u00f3 a todos los que le escuchaban que \u201cmantuvieran sus ojos en Gaza\u201d: \u201cSe est\u00e1 cometiendo un genocidio que est\u00e1 siendo permitido y apoyado por gobiernos e instituciones que nosotros hemos votado y que supuestamente nos representan. Que termine ya esta complicidad\u201d, a\u00f1adi\u00f3. <\/p>\n<p>Dificultades de todo tipo<\/p>\n<p class=\"\">Las dificultades de las diversas embarcaciones de la flotilla para cumplir su objetivo de llegar a Gaza est\u00e1n siendo grandes. Las condiciones meteorol\u00f3gicas impidieron la salida de los barcos desde Barcelona, retras\u00e1ndola al lunes. Una tormenta azot\u00f3 el litoral catal\u00e1n y provoc\u00f3 una divisi\u00f3n de la flotilla, que decidi\u00f3 parar en las costas baleares para reagruparse.<\/p>\n<p class=\"\">En paralelo, los problemas mec\u00e1nicos y el\u00e9ctricos se fueron sucediendo. La mala mar precipit\u00f3 los fallos en los motores, como sucedi\u00f3 en el Marinette, el velero en el que va a bordo EL PA\u00cdS. Tras perder el motor, sufri\u00f3 las consecuencias de un notable descenso del viento, dejando el barco a la deriva por momentos y poniendo a prueba los \u00e1nimos de las seis personas a bordo. Finalmente, con muchas dificultades, pudo llegar a un puerto cercano a T\u00fanez para ser revisado por un mec\u00e1nico y evaluar el estado de la embarcaci\u00f3n.<\/p>\n<p class=\"\">Los barcos en los que viajan m\u00e1s de 250 personas de 44 pa\u00edses diferentes son de tama\u00f1os muy diversos, ya que algunos son veleros de alrededor de 12 metros de eslora con seis o siete personas a bordo, mientras que otros barcos pesqueros y recreativos superan los 20 metros y pueden albergar a m\u00e1s de 25 personas. Todos cuentan con caracter\u00edsticas muy diferentes, lo que, en ocasiones, complica el ritmo de navegaci\u00f3n como flotilla unida. Sin embargo, cuando varios de los diversos participantes en la misi\u00f3n son preguntados por c\u00f3mo afrontan estas complejidades, la respuesta es la misma: \u201cNo pod\u00eda quedarme en casa y mirar para otro lado ante el genocidio en Gaza. Estamos en el lado correcto de la historia\u201d.<\/p>\n","protected":false},"excerpt":{"rendered":"Un dron ha atacado la madrugada de este martes al principal barco de la Global Sumud Flotilla, tambi\u00e9n&hellip;\n","protected":false},"author":2,"featured_media":102628,"comment_status":"","ping_status":"","sticky":false,"template":"","format":"standard","meta":{"footnotes":""},"categories":[42],"tags":[17,18,68,13,14,32256,73,19250,11,61,62,63,64,74,19,20,9,10,15,16,12,17026,21,22,65,66,67],"class_list":{"0":"post-102627","1":"post","2":"type-post","3":"status-publish","4":"format-standard","5":"has-post-thumbnail","7":"category-internacional","8":"tag-breaking-news","9":"tag-breakingnews","10":"tag-conflicto-arabe-israeli","11":"tag-featured-news","12":"tag-featurednews","13":"tag-flotilla-de-la-libertad","14":"tag-franja-gaza","15":"tag-greta-thunberg","16":"tag-headlines","17":"tag-internacional","18":"tag-international","19":"tag-international-news","20":"tag-internationalnews","21":"tag-israel","22":"tag-latest-news","23":"tag-latestnews","24":"tag-news","25":"tag-noticias","26":"tag-noticias-destacadas","27":"tag-noticiasdestacadas","28":"tag-titulares","29":"tag-tunez","30":"tag-ultimas-noticias","31":"tag-ultimasnoticias","32":"tag-world","33":"tag-world-news","34":"tag-worldnews"},"share_on_mastodon":{"url":"","error":""},"_links":{"self":[{"href":"https:\/\/www.europesays.com\/es\/wp-json\/wp\/v2\/posts\/102627","targetHints":{"allow":["GET"]}}],"collection":[{"href":"https:\/\/www.europesays.com\/es\/wp-json\/wp\/v2\/posts"}],"about":[{"href":"https:\/\/www.europesays.com\/es\/wp-json\/wp\/v2\/types\/post"}],"author":[{"embeddable":true,"href":"https:\/\/www.europesays.com\/es\/wp-json\/wp\/v2\/users\/2"}],"replies":[{"embeddable":true,"href":"https:\/\/www.europesays.com\/es\/wp-json\/wp\/v2\/comments?post=102627"}],"version-history":[{"count":0,"href":"https:\/\/www.europesays.com\/es\/wp-json\/wp\/v2\/posts\/102627\/revisions"}],"wp:featuredmedia":[{"embeddable":true,"href":"https:\/\/www.europesays.com\/es\/wp-json\/wp\/v2\/media\/102628"}],"wp:attachment":[{"href":"https:\/\/www.europesays.com\/es\/wp-json\/wp\/v2\/media?parent=102627"}],"wp:term":[{"taxonomy":"category","embeddable":true,"href":"https:\/\/www.europesays.com\/es\/wp-json\/wp\/v2\/categories?post=102627"},{"taxonomy":"post_tag","embeddable":true,"href":"https:\/\/www.europesays.com\/es\/wp-json\/wp\/v2\/tags?post=102627"}],"curies":[{"name":"wp","href":"https:\/\/api.w.org\/{rel}","templated":true}]}}