{"id":102629,"date":"2025-09-09T04:38:15","date_gmt":"2025-09-09T04:38:15","guid":{"rendered":"https:\/\/www.europesays.com\/es\/102629\/"},"modified":"2025-09-09T04:38:15","modified_gmt":"2025-09-09T04:38:15","slug":"almeida-culpa-a-la-infame-ley-trans-de-que-falten-126-bomberos-en-madrid-pese-a-su-incorporacion-tardia-por-otros-motivos","status":"publish","type":"post","link":"https:\/\/www.europesays.com\/es\/102629\/","title":{"rendered":"Almeida culpa a la \u00abinfame Ley Trans\u00bb de que falten 126 bomberos en Madrid pese a su incorporaci\u00f3n tard\u00eda por otros motivos"},"content":{"rendered":"<p class=\"article-text\">\n        Despu\u00e9s de un verano marcado por los incendios y por las reclamaciones laborales de los bomberos madrile\u00f1os, el alcalde Jos\u00e9 Luis Mart\u00ednez-Almeida ha abordado el tema en el Debate sobre el Estado de la Ciudad celebrado este lunes (donde ha dejado una controvertida frase: <a href=\"https:\/\/www.eldiario.es\/madrid\/somos\/almeida-posiciona-invasion-palestina-israel-no-hay-genocidio-gaza_1_12585808.html\" target=\"_blank\" data-mrf-recirculation=\"links-noticia\" class=\"link\" rel=\"nofollow noopener\">\u201cpara m\u00ed, no hay un genocidio en Gaza\u201d<\/a>). El primer edil ha encarado las cr\u00edticas del cuerpo que lucha por la extinci\u00f3n de incendios desde una perspectiva inesperada, al responsabilizar a \u201cla infame Ley Trans\u201d del retraso en la incoporaci\u00f3n de 126 efectivos a plantilla municipal.\n    <\/p>\n<p>    <a href=\"https:\/\/www.eldiario.es\/madrid\/ayuso-modifica-leyes-trans-lgtbi-madrid-esquivar-recursos-gobierno-constitucional_1_11726609.html\" data-mrf-recirculation=\"saber-mas\" data-dl-event=\"saber-mas\" rel=\"nofollow noopener\" target=\"_blank\"><\/p>\n<p class=\"know-more__title\">Ayuso modifica las leyes trans y LGTBI de Madrid para esquivar los recursos del Gobierno ante el Constitucional<\/p>\n<p>            <img decoding=\"async\" class=\"lazy\" loading=\"lazy\" data-src=\"https:\/\/static.eldiario.es\/clip\/2a3ce582-9ce3-4919-9295-140f1bc284d4_16-9-aspect-ratio_default_0.jpg\" src=\"data:image\/svg+xml,%3Csvg xmlns=\" http:=\"\" viewbox=\"0 0 880 495\" alt=\"Ayuso modifica las leyes trans y LGTBI de Madrid para esquivar los recursos del Gobierno ante el Constitucional\"\/><\/p>\n<p>                        <\/a><\/p>\n<p class=\"article-text\">\n        \u201cVamos a llegar al compromiso en ese convenio colectivo que hemos firmado con el cuerpo de bomberos y con las secciones sindicales del Ayuntamiento de Madrid de alcanzar los 1.750 efectivos, y hemos convocado m\u00e1s de 500 plazas desde que estamos en el Gobierno municipal\u201d, expuso Almeida. \u201cNo hay en estos momentos 126 bomberos y 60 conductores especialistas en las calles de Madrid por la\u00a0infame\u00a0Ley Trans que ustedes aprobaron en el Congreso de los Diputados. Ninguna ley en democracia ha hecho tanto da\u00f1o a las mujeres como la del\u00a0solo s\u00ed es s\u00ed\u00a0y la Ley Trans\u201d, afirm\u00f3 despu\u00e9s.\n    <\/p>\n<p class=\"article-text\">\n        Almeida alude a un supuesto retraso producido por el infructuoso intento de un candidato, David L.Y. (vinculado a grupos antifeministas y supremacista blanco, <a href=\"https:\/\/www.abc.es\/espana\/madrid\/bombero-trans-madrid-apologia-grupo-antifeminista-supremacista-20241210041451-nt.html\" target=\"_blank\" rel=\"nofollow noopener\" data-mrf-recirculation=\"links-noticia\" class=\"link\">tal como public\u00f3 ABC<\/a>), de obtener una plaza mediante el uso fradulento de la Ley Trans. La fallida aspiraci\u00f3n del opositor para obtener una plaza con la Ley Trans cop\u00f3 titulares y portadas cuando parec\u00eda avanzar, aunque su trascendencia medi\u00e1tica fue menor cuando acab\u00f3 naufragando.\n    <\/p>\n<blockquote class=\"twitter-tweet\" data-lang=\"es\"><p><a href=\"https:\/\/twitter.com\/X\/status\/1964969684757029046?ref_src=twsrc%5Etfw\" rel=\"nofollow noopener\" target=\"_blank\"><\/p><\/blockquote>\n<p class=\"article-text\">\n        Todo se remonta a la relaci\u00f3n provisional de aspirantes que hab\u00edan superado la segunda prueba de la fase de oposici\u00f3n (publicada el 8 de octubre de 2024), donde David L.Y. aparec\u00eda exclu\u00eddo. Luego readmitido aludiendo que se hab\u00eda declarado mujer en el Registro Civil ya antes de la apertura del proceso y se le deb\u00eda aplicar el baremo femenino en las pruebas f\u00edsicas. Fue en una segunda resoluci\u00f3n del 2 de diciembre.\n    <\/p>\n<p class=\"article-text\">\n        Tres meses y un control antidopaje despu\u00e9s, el 3 de marzo, el Tribunal de Selecci\u00f3n publicaba la expulsi\u00f3n de su candidatura debido a que no hab\u00eda superado los controles m\u00e9dicos. Su nivel de testosterona no se ajustaba al que se aplica en las pruebas femeninas, marcadas por las directrices de las correspondientes federaciones internacionales deportivas de atletismo y nataci\u00f3n. En ellas,\u00a0las mujeres pueden dar un m\u00e1ximo de 2,5 nanomoles en la medici\u00f3n de testosterona, frente a los 25 que puede alcanzar un hombre.\u00a0Al analizar esas m\u00e9tricas en el control antidopaje, David dio unos niveles de hormona muy superiores a lo permitido, por lo que su candidatura fue descartada.\n    <\/p>\n<p>    Un retraso de \u201cun par de meses\u201d que no queda registrado documentalmente<\/p>\n<p class=\"article-text\">\n        As\u00ed, el alcalde se refiere a esos meses de demora para responsabilizar a la Ley Trans. Sin embargo, seg\u00fan puede comprobarse en el <a href=\"https:\/\/www.madrid.es\/portales\/munimadrid\/es\/Inicio\/Educacion-y-empleo\/Empleo\/Oposiciones\/Buscador-de-oposiciones\/Bombero-a-Especialista-del-Cuerpo-de-Bomberos-del-Ayuntamiento-de-Madrid-Turno-libre-2023-\/?vgnextfmt=default&amp;vgnextoid=38199b969fc5c810VgnVCM2000001f4a900aRCRD&amp;vgnextchannel=4ac5c5dee78fe410VgnVCM1000000b205a0aRCRD\" target=\"_blank\" rel=\"nofollow noopener\" data-mrf-recirculation=\"links-noticia\" class=\"link\">seguimiento del proceso que recoge el propio portal municipal<\/a>, no hubo ning\u00fan procedimiento dedicado exclusivamente a este caso. Cuando David present\u00f3 sus alegaciones aludiendo que era una mujer, a la postre tomadas en cuenta, otras cinco personas presentaron las suyas por distintas circunstancias (una de las cuales fue tambi\u00e9n estimada, en ese caso parcialmente). Los dos meses entre el primer listado original y el que inclu\u00eda su nombre se dedicaron tambi\u00e9n a estudiar el resto de alegaciones.\n    <\/p>\n<p class=\"article-text\">\n        Posteriormente el acuerdo del Tribunal de Selecci\u00f3n para la expulsi\u00f3n de aspirantes despu\u00e9s del reconocimiento m\u00e9dico y el control antidopaje, con la consiguiente modificaci\u00f3n de opositores que hab\u00edan superado esa fase, incluy\u00f3 a otro candidato eliminado. Es decir, dicha revisi\u00f3n se habr\u00eda tenido que llevar a cabo de igual manera sin el intento de David L.Y. para utilizar la Ley Trans. \u201cLos motivos de la exclusi\u00f3n ser\u00e1n notificados de forma individual a las personas interesadas\u201d, <a href=\"https:\/\/www.madrid.es\/UnidadWeb\/Contenidos\/Oposiciones\/BomberoEspecialista2023\/Ficheros\/126plaBomberosAnuncioAcuerdoExpulsion2oposiyNuevaRelacion.pdf\" target=\"_blank\" rel=\"nofollow noopener\" data-mrf-recirculation=\"links-noticia\" class=\"link\">recoge el acuerdo<\/a> del 28 de febrero, que no especifica por qu\u00e9 se descart\u00f3 a ninguno de los dos aspirantes.\n    <\/p>\n<p class=\"article-text\">\n        Fuentes del \u00e1rea de Seguridad y Emergencias del Ayuntamiento de Madrid aseguran sin embargo que \u201cel retraso solo se debi\u00f3 a la aplicaci\u00f3n de la Ley Trans, puesto que el segundo de los casos tuvo lugar de manera ordinaria\u201d. Indican que en esa otra expulsi\u00f3n \u201cse sac\u00f3 de la lista al candidato por incumplir uno de los requisitos exigidos en las bases de la convocatoria, pero no retras\u00f3 el proceso selectivo\u201d. El acuerdo del Tribunal de Selecci\u00f3n precisa por contra que ninguno de los dos expulsados cumpl\u00eda con dichos requisitos, sin documentar espec\u00edficamente el caso de David. Desde el Consistorio comunican a este peri\u00f3dico que el plan original era empezar la formaci\u00f3n \u201chace un par de meses\u201d. Finalmente arrancar\u00e1 el pr\u00f3ximo lunes 15 de septiembre.\n    <\/p>\n<p>    Contra la Ley Trans sin referencias a las reivindicaciones laborales de la plantilla<\/p>\n<p class=\"article-text\">\n        Almeida recurre al ataque a la Ley Trans despu\u00e9s mucho m\u00e1s de dos meses repletos de enfrentamientos con los bomberos a cuenta de su nuevo convenio colectivo. El cuerpo protagoniz\u00f3 diversas campa\u00f1as pegando carteles o desplegando carteles en sus parques. Mensajes como \u201cMadrid en peligro, bomberos bajo m\u00ednimos\u201d o \u201cAlmeida da la cara, apoya a los bomberos\u201d proliferaron durante 2023 y 2024 por las dotaciones de estos efectivos.\n    <\/p>\n<p class=\"article-text\">\n        \u201cLas horas extraordinarias ahora se est\u00e1n utilizando para cubrir lo ordinario, lo normal\u201d, <a href=\"https:\/\/www.eldiario.es\/madrid\/somos\/bomberos-madrid-rebelan-horas-extra-agravio-ayuntamiento-riesgo_1_11318651.html\" target=\"_blank\" data-mrf-recirculation=\"links-noticia\" class=\"link\" rel=\"nofollow noopener\">denunciaba hace a\u00f1o y medio un trabajador en declaraciones a este peri\u00f3dico<\/a>. \u201cLa administraci\u00f3n no ha querido convocar las plazas extraordinarias o urgentes cuando pod\u00eda hacerlo y paliar as\u00ed un menoscabo en el servicio, como s\u00ed ha hecho con los agentes de Polic\u00eda municipales\u201d, criticaba. El Ayuntamiento hab\u00eda venido aplicando durante a\u00f1os \u00fanicamente la tasa de reposici\u00f3n por jubilaci\u00f3n, aunque entre la nueva convocatoria de 126 plazas un porcentaje de ellas s\u00ed tienen car\u00e1cter extraordinario.\n    <\/p>\n<p>    <a href=\"https:\/\/www.eldiario.es\/madrid\/somos\/blogs\/cocidito\/guerra-carteles-almeida-parques-bomberos-madrilenos_132_11310012.html\" data-mrf-recirculation=\"saber-mas-abajo\" data-dl-event=\"saber-mas-abajo\" rel=\"nofollow noopener\" target=\"_blank\"><\/p>\n<p class=\"know-more__title\">Guerra de carteles con Almeida en los parques de bomberos madrile\u00f1os<\/p>\n<p>            <img decoding=\"async\" class=\"lazy\" loading=\"lazy\" data-src=\"https:\/\/static.eldiario.es\/clip\/3953dae5-c4cb-4731-98c1-e3a3a9b85b8d_16-9-aspect-ratio_default_0.jpg\" src=\"data:image\/svg+xml,%3Csvg xmlns=\" http:=\"\" viewbox=\"0 0 880 495\" alt=\"Guerra de carteles con Almeida en los parques de bomberos madrile\u00f1os\"\/><\/p>\n<p>                        <\/a><\/p>\n<p class=\"article-text\">\n        El regidor se zafa sin embargo en el fracasado intento del opositor para responsabilizar de la situaci\u00f3n del cuerpo a la Ley Trans, sin mencionar las reclamaciones que los bomberos han venido pregonando durante meses. Una estrategia que ya ha despertado la oposici\u00f3n de figuras como la senadora de M\u00e1s Madrid Carla Antonelli, primera mujer trans en ocupar un asiento de la C\u00e1mara Alta. \u201cYa solo les falta culparnos de los incendios\u201d, ha denunciado en <a href=\"https:\/\/x.com\/CarlaAntonelli\/status\/1964986292288336109\" target=\"_blank\" rel=\"nofollow\" data-mrf-recirculation=\"links-noticia\" class=\"link\">un mensaje de X donde tacha a Almeida de \u201cincompetente\u201d<\/a>.\n    <\/p>\n<p>                                    <script async src=\"https:\/\/platform.twitter.com\/widgets.js\" charset=\"utf-8\"><\/script><\/p>\n","protected":false},"excerpt":{"rendered":"Despu\u00e9s de un verano marcado por los incendios y por las reclamaciones laborales de los bomberos madrile\u00f1os, el&hellip;\n","protected":false},"author":2,"featured_media":102630,"comment_status":"","ping_status":"","sticky":false,"template":"","format":"standard","meta":{"footnotes":""},"categories":[8],"tags":[35986,6776,4343,17,18,16395,25,24,35985,13,14,11,13058,35984,19,20,1464,205,12408,9,10,15,16,5007,23,35987,12,30919,21,22],"class_list":{"0":"post-102629","1":"post","2":"type-post","3":"status-publish","4":"format-standard","5":"has-post-thumbnail","7":"category-espana","8":"tag-35986","9":"tag-almeida","10":"tag-bomberos","11":"tag-breaking-news","12":"tag-breakingnews","13":"tag-culpa","14":"tag-es","15":"tag-espana","16":"tag-falten","17":"tag-featured-news","18":"tag-featurednews","19":"tag-headlines","20":"tag-incorporacion","21":"tag-infame","22":"tag-latest-news","23":"tag-latestnews","24":"tag-ley","25":"tag-madrid","26":"tag-motivos","27":"tag-news","28":"tag-noticias","29":"tag-noticias-destacadas","30":"tag-noticiasdestacadas","31":"tag-pese","32":"tag-spain","33":"tag-tardia","34":"tag-titulares","35":"tag-trans","36":"tag-ultimas-noticias","37":"tag-ultimasnoticias"},"share_on_mastodon":{"url":"","error":""},"_links":{"self":[{"href":"https:\/\/www.europesays.com\/es\/wp-json\/wp\/v2\/posts\/102629","targetHints":{"allow":["GET"]}}],"collection":[{"href":"https:\/\/www.europesays.com\/es\/wp-json\/wp\/v2\/posts"}],"about":[{"href":"https:\/\/www.europesays.com\/es\/wp-json\/wp\/v2\/types\/post"}],"author":[{"embeddable":true,"href":"https:\/\/www.europesays.com\/es\/wp-json\/wp\/v2\/users\/2"}],"replies":[{"embeddable":true,"href":"https:\/\/www.europesays.com\/es\/wp-json\/wp\/v2\/comments?post=102629"}],"version-history":[{"count":0,"href":"https:\/\/www.europesays.com\/es\/wp-json\/wp\/v2\/posts\/102629\/revisions"}],"wp:featuredmedia":[{"embeddable":true,"href":"https:\/\/www.europesays.com\/es\/wp-json\/wp\/v2\/media\/102630"}],"wp:attachment":[{"href":"https:\/\/www.europesays.com\/es\/wp-json\/wp\/v2\/media?parent=102629"}],"wp:term":[{"taxonomy":"category","embeddable":true,"href":"https:\/\/www.europesays.com\/es\/wp-json\/wp\/v2\/categories?post=102629"},{"taxonomy":"post_tag","embeddable":true,"href":"https:\/\/www.europesays.com\/es\/wp-json\/wp\/v2\/tags?post=102629"}],"curies":[{"name":"wp","href":"https:\/\/api.w.org\/{rel}","templated":true}]}}