{"id":102635,"date":"2025-09-09T04:44:05","date_gmt":"2025-09-09T04:44:05","guid":{"rendered":"https:\/\/www.europesays.com\/es\/102635\/"},"modified":"2025-09-09T04:44:05","modified_gmt":"2025-09-09T04:44:05","slug":"copa-davis-2025-alcaraz-se-baja-de-la-eliminatoria-ante-dinamarca-por-fatiga-muscular-y-mental-y-volvera-en-la-laver-cup","status":"publish","type":"post","link":"https:\/\/www.europesays.com\/es\/102635\/","title":{"rendered":"Copa Davis 2025 | Alcaraz se baja de la eliminatoria ante Dinamarca por \u00abfatiga muscular y mental\u00bb y volver\u00e1 en la Laver Cup"},"content":{"rendered":"<p>Ante estas bajas completar\u00e1n la selecci\u00f3n <b data-testid=\"body-text-bold\">Jaume Munar<\/b>, <b data-testid=\"body-text-bold\">Roberto Carball\u00e9s<\/b> y <b data-testid=\"body-text-bold\">Pablo Carre\u00f1o<\/b>, que se unen a los tambi\u00e9n inicialmente convocados <b data-testid=\"body-text-bold\">Pedro Mart\u00ednez<\/b> y <b data-testid=\"body-text-bold\">Marcel Granollers<\/b>. Alcaraz, que logr\u00f3 el sexto torneo del Grand Slam y el segundo en Nueva York de su carrera, al imponerse este domingo al italiano <b data-testid=\"body-text-bold\">Jannik Sinner<\/b>, ha justificado \u00ab<b data-testid=\"body-text-bold\">fatiga muscular y mental<\/b>\u00bb para esta decisi\u00f3n, en tanto que <b data-testid=\"body-text-bold\">Davidovich <\/b>ha aducido \u00abcansancio\u00bb a causa de un <b data-testid=\"body-text-bold\">calendario <\/b>muy cargado, precisa la RFET.<\/p>\n<p>As\u00ed, <b data-testid=\"body-text-bold\">Munar <\/b>ser\u00e1 de partida el que lidere el equipo que capitanea <b data-testid=\"body-text-bold\">David Ferre<\/b>r en la confrontaci\u00f3n en la que Espa\u00f1a tratar\u00e1 de obtener el <b data-testid=\"body-text-bold\">billete <\/b>para la <b data-testid=\"body-text-bold\">fase final <\/b>que se disputar\u00e1 en noviembre en <b data-testid=\"body-text-bold\">Bolonia <\/b>(Italia).<\/p>\n<p>Munar, de 28 a\u00f1os, llega a esta eliminatoria despu\u00e9s de haber alcanzado por primera vez los <b data-testid=\"body-text-bold\">octavos de final <\/b>en un grande y situarse en el puesto 37 de la clasificaci\u00f3n mundial, y estar\u00e1 acompa\u00f1ado por Pedro Mart\u00ednez, que fue incluido en la primera citaci\u00f3n, y <b data-testid=\"body-text-bold\">Carball\u00e9s<\/b>, con los que ya integr\u00f3 el equipo nacional que super\u00f3 la primera ronda ante <b data-testid=\"body-text-bold\">Suiza <\/b>en febrero en Biel, donde tampoco estuvieron <b data-testid=\"body-text-bold\">Alcaraz <\/b>y <b data-testid=\"body-text-bold\">Davidovich<\/b>.<\/p>\n<p><b data-testid=\"body-text-bold\">Pablo Carre\u00f1o<\/b>, medallista ol\u00edmpico, regresa tambi\u00e9n a la selecci\u00f3n nacional que completar\u00e1 Marcel Granollers, campe\u00f3n del Abierto estadounidense junto al argentino Horacio Zeballos.<\/p>\n","protected":false},"excerpt":{"rendered":"Ante estas bajas completar\u00e1n la selecci\u00f3n Jaume Munar, Roberto Carball\u00e9s y Pablo Carre\u00f1o, que se unen a los&hellip;\n","protected":false},"author":2,"featured_media":102636,"comment_status":"","ping_status":"","sticky":false,"template":"","format":"standard","meta":{"footnotes":""},"categories":[274],"tags":[21955,168,25,24,23,167,327,326],"class_list":{"0":"post-102635","1":"post","2":"type-post","3":"status-publish","4":"format-standard","5":"has-post-thumbnail","7":"category-tenis","8":"tag-davis-cup","9":"tag-deportes","10":"tag-es","11":"tag-espana","12":"tag-spain","13":"tag-sports","14":"tag-tenis","15":"tag-tennis"},"share_on_mastodon":{"url":"","error":""},"_links":{"self":[{"href":"https:\/\/www.europesays.com\/es\/wp-json\/wp\/v2\/posts\/102635","targetHints":{"allow":["GET"]}}],"collection":[{"href":"https:\/\/www.europesays.com\/es\/wp-json\/wp\/v2\/posts"}],"about":[{"href":"https:\/\/www.europesays.com\/es\/wp-json\/wp\/v2\/types\/post"}],"author":[{"embeddable":true,"href":"https:\/\/www.europesays.com\/es\/wp-json\/wp\/v2\/users\/2"}],"replies":[{"embeddable":true,"href":"https:\/\/www.europesays.com\/es\/wp-json\/wp\/v2\/comments?post=102635"}],"version-history":[{"count":0,"href":"https:\/\/www.europesays.com\/es\/wp-json\/wp\/v2\/posts\/102635\/revisions"}],"wp:featuredmedia":[{"embeddable":true,"href":"https:\/\/www.europesays.com\/es\/wp-json\/wp\/v2\/media\/102636"}],"wp:attachment":[{"href":"https:\/\/www.europesays.com\/es\/wp-json\/wp\/v2\/media?parent=102635"}],"wp:term":[{"taxonomy":"category","embeddable":true,"href":"https:\/\/www.europesays.com\/es\/wp-json\/wp\/v2\/categories?post=102635"},{"taxonomy":"post_tag","embeddable":true,"href":"https:\/\/www.europesays.com\/es\/wp-json\/wp\/v2\/tags?post=102635"}],"curies":[{"name":"wp","href":"https:\/\/api.w.org\/{rel}","templated":true}]}}