{"id":102637,"date":"2025-09-09T04:45:04","date_gmt":"2025-09-09T04:45:04","guid":{"rendered":"https:\/\/www.europesays.com\/es\/102637\/"},"modified":"2025-09-09T04:45:04","modified_gmt":"2025-09-09T04:45:04","slug":"30-anos-de-debate-entre-abril-y-septiembre-de-los-fuertes-reproches-a-indurain-al-empeno-de-froome","status":"publish","type":"post","link":"https:\/\/www.europesays.com\/es\/102637\/","title":{"rendered":"30 a\u00f1os de debate entre abril y septiembre: de los fuertes reproches a Indur\u00e1in al empe\u00f1o de Froome"},"content":{"rendered":"<p>El Tour de Francia es muy f\u00e1cil de ubicar. Calor, vacaciones, evasi\u00f3n de rutinas, chiringuito, Pirineos, siestas de empapar la almohada. Siempre julio. La Vuelta  &#8230; es el final de verano, la vuelta al cole, la rebequita, tonos amarillentos. No siempre fue as\u00ed. Antes, la mayor parte de su historia, fue lluvia, fr\u00edo, polen, alergias, el hit de &#8216;Me estoy volviendo loco&#8217;, Serranillos, Perico, Kelly, la eclosi\u00f3n colombiana&#8230; Todo aquello es ahora nostalgia. Porque la ronda espa\u00f1ola arriesg\u00f3. Cambi\u00f3 de fechas.De abril-mayo a septiembre. Y fue como la muda de piel de los reptiles y anfibios. Sacrificar parte de la esencia para crecer y lograr una nueva.<\/p>\n<p><a href=\"http:\/\/www.elcorreo.com\/deportes\/ciclismo\/vuelta-espana\/orluis-aular-avion-venezolano-movistar-despego-osaka-rapartidor-madrid-la-vuelta-20250908224607-nt.html#vtm_modulosEngag=mod-rel:deportes:noticia:1:cmp:1-not\" class=\"v-a-link\" aria-label=\"Imagen\" rel=\"nofollow noopener\" target=\"_blank\"><\/p>\n<p><img decoding=\"async\" loading=\"lazy\" src=\"https:\/\/www.europesays.com\/es\/wp-content\/uploads\/2025\/09\/orluis-aular1.jpg\" class=\"v-a-img\" width=\"258\" height=\"180\" alt=\"\" data-voc-vtm-id=\"in-text-traffic\"\/><\/p>\n<p><\/a><\/p>\n<p class=\"v-p\">El director general de Unipublic entonces era Enrique Franco. Inteligente, inconformista y de lengua afilada, cogi\u00f3 el testigo de EL CORREO en 1979 para organizar una carrera que agonizaba entre protestas pol\u00edticas. Hab\u00eda conseguido modernizar la prueba con la llegada de la televisi\u00f3n y la inclusi\u00f3n de puertos nuevos como los Lagos de Covadonga cuando Espa\u00f1a empez\u00f3 a mostrar una imagen vanguardista y cosmopolita tras los Juegos Ol\u00edmpicos de Barcelona. Entonces, quiso sumarse a la ola y persegui\u00f3 su expansi\u00f3n internacional. El paso definitivo. Para darlo, contaba con un hombre de buena zancada: Miguel Indur\u00e1in. Al menos eso cre\u00eda.<\/p>\n<p class=\"v-p\">El a\u00f1o previo al anunciado cambio de fechas en 1995, Franco hab\u00eda firmado un acuerdo con su equipo, el Banesto (no con Indur\u00e1in) por el que el conjunto bancario pod\u00eda llevar a los ciclistas que quisiera en el 94 si el navarro corr\u00eda la que ser\u00eda la primera Vuelta de septiembre (la segunda tras la espor\u00e1dica de 1950). \u00abPeor participaci\u00f3n que la de este a\u00f1o no vamos a tener en el 95\u00bb, dijo entonces el director t\u00e9cnico Alberto Gadea. Pero en los d\u00edas previos al estreno, Miguel\u00f3n manifestar\u00eda que no ten\u00eda \u00abni ganas ni ilusi\u00f3n\u00bb por correrla y se centrar\u00eda en el Mundial de Duitama (Colombia). El dirigente estall\u00f3. \u00abEn otro sitio, p\u00fablico, pol\u00edticos y medios de comunicaci\u00f3n, no hubieran consentido su ausencia\u00bb. <\/p>\n<p class=\"v-p\">Su enfado fue desmesurado. Clamaba venganza porque el \u00eddolo de masas le daba calabazas por cuarta vez consecutiva. Indur\u00e1in no corri\u00f3 ninguna Vuelta entre su primer y su quinto Tour. En abril ten\u00eda alergia y sufr\u00eda con el fr\u00edo. Septiembre pod\u00eda venirle mejor, pero hab\u00eda que tener ganas. \u00abMiguel es un &#8216;best seller&#8217; cerrado que nunca podr\u00e9 leer, porque no s\u00e9 franc\u00e9s\u00bb, prosigui\u00f3. \u00abA lo mejor con garrota podremos verle alg\u00fan d\u00eda en la Vuelta\u00bb. As\u00ed fue en el 96, forzado tras no ganar el sexto en Par\u00eds. La cosa no acab\u00f3 bien, con el desangelado abandono en el hotel Capit\u00e1n de Cangas de On\u00eds y su posterior retirada comunicada en 370 palabras.<\/p>\n<p>La rev\u00e1lida<\/p>\n<p class=\"v-p\">La Vuelta ech\u00f3 a andar el 2 de septiembre de 1995 en Zaragoza sin Indur\u00e1in, Rominger (ganador de las tres ediciones anteriores) y Escart\u00edn, \u00eddolo aragon\u00e9s, apartado por el Mapei por su salida al Kelme. Por contra, estaban Zulle, Riis, Mauri, Virenque, Pantani, Ullrich y Jalabert: \u00abLas nuevas fechas trajeron nombres, pero no hombres con ganas\u00bb, valor\u00f3 a\u00f1os despu\u00e9s en El Confidencial el franc\u00e9s, absoluto dominador de la edici\u00f3n. Cinco etapas, general, monta\u00f1a y regularidad.<\/p>\n<p class=\"v-p\">Para colmo, los principales directores de equipo tampoco estaban contentos con el traslado a septiembre. La ronda desprend\u00eda un aroma a rev\u00e1lida, incrementado por la c\u00e9lebre frase de Jos\u00e9 Miguel Ech\u00e1varri. \u00abQuien no apruebe en el Tour, que vaya a septiembre\u00bb. La segunda oportunidad sab\u00eda a segundo plato. Porque habr\u00eda buenos ciclistas, pero no el m\u00e1s aclamado. El ganador del Tour. En la Vuelta de primavera ganaron Anquetil, Merckx e Hinault; a final del verano, salvo Ullrich, ninguno hab\u00eda triunfado tambi\u00e9n en Par\u00eds hasta el 2005, cuando Franco deja la direcci\u00f3n de la Vuelta. <\/p>\n<p>El Chava, el clavo al que agarrarse<\/p>\n<p class=\"v-p\">Con el cambio de propiedad (V\u00edctor Cordero), se tante\u00f3 volver a abril. Hab\u00eda consenso porque a los ciclistas se les hac\u00eda largo septiembre, y muchas de las estrellas, ciclistas como Boonen, Bettini o Freire, acud\u00edan a La Vuelta con el \u00fanico objetivo de preparar el Mundial y se retiraban antes de tiempo. Pero ya no hab\u00eda espacio en abril con las grandes cl\u00e1sicas y el p\u00fablico no hab\u00eda perdido el inter\u00e9s gracias a los duelos del Chava o la inclusi\u00f3n de puertos nuevos como el Angliru o el Alto de Aitana. <\/p>\n<p class=\"v-p\">Con la entrada de Javier Guill\u00e9n, se adelant\u00f3 la salida a agosto, y la decisi\u00f3n estuvo espoleada por la generaci\u00f3n de oro espa\u00f1ola. Los duelos de Contador, Valverde, Purito y Samuel S\u00e1nchez pusieron en valor el prestigio de la competici\u00f3n, seguida en 190 pa\u00edses. A todos ellos se sum\u00f3 Chris Froome. Al fin, el anhelado ganador del Tour. Su empe\u00f1o por a\u00f1adir La Vuelta a su palmar\u00e9s, sus asaltos perdidos ante el pinte\u00f1o o Quintana, que en Francia sucumb\u00edan al Imperio del Sky, terminaron por consolidar la carrera en septiembre. <\/p>\n<p class=\"v-p\">Jornadas como Fuente D\u00e9, Arcal\u00eds o Aru d\u00e1ndole la vuelta a la carrera en la sierra de Madrid ante Dumoulin, el &#8216;Serranillos&#8217; de final de verano engrandecieron su historia y fueron cerrando el debate. La Vuelta se hizo fuerte. Despu\u00e9s lleg\u00f3 la eclosi\u00f3n de Pogacar y sus tres etapas y podio en 2019, la tiran\u00eda del Jumbo y Roglic y el alumbramiento de Evenepoel. Este 2025 es el a\u00f1o de Vingegaard, otro ganador del Tour, o Almeida, antes de que el genio eslovene regrese a por lo que termin\u00f3. Su leyenda. <\/p>\n<p class=\"v-p\">La porf\u00eda de las fechas, que parec\u00eda ya zanjado, recobr\u00f3 en la buc\u00f3lica edici\u00f3n del 2020 en octubre por el covid, por el que se lleg\u00f3 a abogar trasladarla a oto\u00f1o (m\u00e1s por una cuesti\u00f3n paisaj\u00edstica que deportiva). Adem\u00e1s, en 2027, se ver\u00e1 obligada a volver a retrasar sus fechas. La UCI ha programado entre el 24 de agosto y el 5 de septiembre en la Alta Saboya un Mundial que acoger\u00e1 todas las disciplinas del ciclismo. La idea es darle una semana de margen, con lo que la carrera acabar\u00eda en octubre pese a no ser los deseado por la organizaci\u00f3n. Pero su mano izquierda para modificar sus fechas una vez, la convierte la grande con el calendario m\u00e1s flexible.<\/p>\n","protected":false},"excerpt":{"rendered":"El Tour de Francia es muy f\u00e1cil de ubicar. Calor, vacaciones, evasi\u00f3n de rutinas, chiringuito, Pirineos, siestas de&hellip;\n","protected":false},"author":2,"featured_media":102638,"comment_status":"","ping_status":"","sticky":false,"template":"","format":"standard","meta":{"footnotes":""},"categories":[273],"tags":[13099,988,313,312,11559,168,35988,25,24,29994,3087,4099,6216,1971,23,167],"class_list":{"0":"post-102637","1":"post","2":"type-post","3":"status-publish","4":"format-standard","5":"has-post-thumbnail","7":"category-ciclismo","8":"tag-abril","9":"tag-anos","10":"tag-ciclismo","11":"tag-cycling","12":"tag-debate","13":"tag-deportes","14":"tag-empeno","15":"tag-es","16":"tag-espana","17":"tag-froome","18":"tag-fuertes","19":"tag-indurain","20":"tag-reproches","21":"tag-septiembre","22":"tag-spain","23":"tag-sports"},"share_on_mastodon":{"url":"","error":""},"_links":{"self":[{"href":"https:\/\/www.europesays.com\/es\/wp-json\/wp\/v2\/posts\/102637","targetHints":{"allow":["GET"]}}],"collection":[{"href":"https:\/\/www.europesays.com\/es\/wp-json\/wp\/v2\/posts"}],"about":[{"href":"https:\/\/www.europesays.com\/es\/wp-json\/wp\/v2\/types\/post"}],"author":[{"embeddable":true,"href":"https:\/\/www.europesays.com\/es\/wp-json\/wp\/v2\/users\/2"}],"replies":[{"embeddable":true,"href":"https:\/\/www.europesays.com\/es\/wp-json\/wp\/v2\/comments?post=102637"}],"version-history":[{"count":0,"href":"https:\/\/www.europesays.com\/es\/wp-json\/wp\/v2\/posts\/102637\/revisions"}],"wp:featuredmedia":[{"embeddable":true,"href":"https:\/\/www.europesays.com\/es\/wp-json\/wp\/v2\/media\/102638"}],"wp:attachment":[{"href":"https:\/\/www.europesays.com\/es\/wp-json\/wp\/v2\/media?parent=102637"}],"wp:term":[{"taxonomy":"category","embeddable":true,"href":"https:\/\/www.europesays.com\/es\/wp-json\/wp\/v2\/categories?post=102637"},{"taxonomy":"post_tag","embeddable":true,"href":"https:\/\/www.europesays.com\/es\/wp-json\/wp\/v2\/tags?post=102637"}],"curies":[{"name":"wp","href":"https:\/\/api.w.org\/{rel}","templated":true}]}}