{"id":102652,"date":"2025-09-09T04:57:07","date_gmt":"2025-09-09T04:57:07","guid":{"rendered":"https:\/\/www.europesays.com\/es\/102652\/"},"modified":"2025-09-09T04:57:07","modified_gmt":"2025-09-09T04:57:07","slug":"mar-flores-rompe-su-silencio-en-el-hormiguero-lo-cuento-porque-cuantas-mujeres-han-pasado-por-algo-similar","status":"publish","type":"post","link":"https:\/\/www.europesays.com\/es\/102652\/","title":{"rendered":"Mar Flores rompe su silencio en &#8216;El Hormiguero&#8217;: \u00abLo cuento porque cu\u00e1ntas mujeres han pasado por algo similar\u00bb"},"content":{"rendered":"<p class=\"v-mdl-ath__p v-mdl-ath__p--6\">\nLunes, 8 de septiembre 2025, 22:55<\/p>\n<p class=\"v-p\">Nueva semana para &#8216;El Hormiguero&#8217;. El espacio de Antena 3 presentado por Pablo Motos volvi\u00f3 de vacaciones el pasado lunes 1 de septiembre. Los datos de audiencia cosechados durante los primeros siete d\u00edas fueron muy buenos. De hecho, fue su mejor semana de todo el a\u00f1o con una media de espectadores de 2 millones y un share de 18,6%. Hay que recalcar que &#8216;La Revuelta&#8217;, su gran competidor en el &#8216;prime time&#8217;, <a href=\"https:\/\/www.lasprovincias.es\/culturas\/tv\/revuelta-vuelve-enfrentarse-hormiguero-lunes-despues-obtener-20250907001928-nt.html\" title=\"www.lasprovincias.es\" data-voc-vtm-id=\"in-text-traffic\" data-mrf-link=\"www.lasprovincias.es\" rel=\"nofollow noopener\" target=\"_blank\">todav\u00eda no hab\u00eda regresado de su descanso veraniego<\/a>.<\/p>\n<p class=\"v-p\">Despu\u00e9s de que la semana pasada visitaran el programa personalidades tan ilustres como Bert\u00edn Osborne, Sergio Ramos, Arturo P\u00e9rez-Reverte o Joaqu\u00edn S\u00e1nchez, el espacio producido por 7 y Acci\u00f3n <a href=\"https:\/\/www.lasprovincias.es\/culturas\/tv\/invitados-semana-hormiguero-reconocida-actriz-dos-figuras-20250907001947-nt.html\" title=\"www.lasprovincias.es\" data-voc-vtm-id=\"in-text-traffic\" data-mrf-link=\"www.lasprovincias.es\" rel=\"nofollow noopener\" target=\"_blank\">contar\u00e1 esta semana con invitados de lujo<\/a>. Este lunes se ha sentado junto a Pablo Motos la modelo, actriz y presentadora Mar Flores. Pese a que tiene un contrato firmado con TVE para participar junto a su hijo Carlo Constanzia en &#8216;DecoMasters&#8217; (el nuevo programa de la cadena p\u00fablica que se estrenar\u00e1 pr\u00f3ximamente), la madrile\u00f1a acude al espacio de Antena 3 para presentar su autobiograf\u00eda titulada &#8216;Mar en calma&#8217;.<\/p>\n<p class=\"v-p\">La modelo ha comenzado explicando al presentador y a la audiencia por qu\u00e9 ha decidido lanzar ahora sus memorias: \u00abMi historia la han contado siempre otros. He callado, no ten\u00eda fuerza. El silencio fue una estrategia para protegerme. Creo que ha sido el momento paa contar la verdad\u00bb. \u00abEn Espa\u00f1a no hay derecho al olvido. No lo hubiera escrito si no hubiera visto que pasan 20 a\u00f1os, 30 a\u00f1os&#8230; y siguen contando mi vida. No quiero que mis ni\u00f1os peque\u00f1os sufran lo que pas\u00f3 el mayor con 32 a\u00f1os. Voy a contar mi historia y si alguno de los ni\u00f1os se meten con ellos, le voy a mandar una copia a sus padres\u00bb, ha a\u00f1adido.<\/p>\n<p class=\"v-p\">Ha asegurado que ha necesitado tiempo y ha reflexionado mucho sobre lanzarse a publicar su autobiograf\u00eda. Adem\u00e1s, ha dejado claro que no lo hace por dinero: \u00abNo me estoy lucrando de ello como ciertas personas cre\u00edan que lo iba a hacer. Lo he hecho de una forma elegante. He pasado de puntillas por cap\u00edtulos que muchos saben. Hay otras que no he contado, pero no por qui\u00e9n sale en ellas. En mi vida han pasado muchas cosas\u00bb.<\/p>\n<p class=\"v-p\">Mar Flores tambi\u00e9n se ha abierto como nunca y ha contado uno de los episodios m\u00e1s tristes de su vida: cuando su ex mario, se llev\u00f3 a su hijo Carlo de la guarder\u00eda. \u00abFue un d\u00eda complicado, duro. Hoy en d\u00eda, en un colegio no pasan estas cosas. En ese momento, a principio de los 90, pues nos conoc\u00edan a los dos. Empezamos a separarnos, pero, claro, necesit\u00e1bamos dos a\u00f1os para separarnos. En esos dos a\u00f1os pasaron cosas terribles\u00bb, ha relatado para poner en contexto.<\/p>\n<p class=\"v-p\">\u00abUn d\u00eda fui a recoger a mi hijo, que viv\u00eda conmigo y ten\u00eda la custodia, y no est\u00e1. Se lo hab\u00eda llegado su padre, que viv\u00eda en Italia. Por mi cabeza pasaron muchas cosas porque sab\u00eda que no iba a ser cosa de un fin de semana\u00bb, ha asegurado. Lo ha contado porque \u00abcreo que Carlo hijo no lo sabe\u00bb. \u00abLo cuento porque cu\u00e1ntas mujeres han pasado por algo similar&#8230; Desapareci\u00f3 muchas semanas y ten\u00eda que ir a Telecinco a ponerme mi minifalda y presentar como si no pasara nada\u00bb, ha zanjado.<\/p>\n<p>Comenta<\/p>\n<p>Reporta un error<\/p>\n","protected":false},"excerpt":{"rendered":"Lunes, 8 de septiembre 2025, 22:55 Nueva semana para &#8216;El Hormiguero&#8217;. El espacio de Antena 3 presentado por&hellip;\n","protected":false},"author":2,"featured_media":102653,"comment_status":"","ping_status":"","sticky":false,"template":"","format":"standard","meta":{"footnotes":""},"categories":[91],"tags":[35998,3831,146,147,25,24,9646,17775,195,4044,5101,105,2807,31918,23],"class_list":{"0":"post-102652","1":"post","2":"type-post","3":"status-publish","4":"format-standard","5":"has-post-thumbnail","7":"category-entretenimiento","8":"tag-cuantas","9":"tag-cuento","10":"tag-entertainment","11":"tag-entretenimiento","12":"tag-es","13":"tag-espana","14":"tag-flores","15":"tag-hormiguero","16":"tag-mar","17":"tag-mujeres","18":"tag-pasado","19":"tag-rompe","20":"tag-silencio","21":"tag-similar","22":"tag-spain"},"share_on_mastodon":{"url":"","error":""},"_links":{"self":[{"href":"https:\/\/www.europesays.com\/es\/wp-json\/wp\/v2\/posts\/102652","targetHints":{"allow":["GET"]}}],"collection":[{"href":"https:\/\/www.europesays.com\/es\/wp-json\/wp\/v2\/posts"}],"about":[{"href":"https:\/\/www.europesays.com\/es\/wp-json\/wp\/v2\/types\/post"}],"author":[{"embeddable":true,"href":"https:\/\/www.europesays.com\/es\/wp-json\/wp\/v2\/users\/2"}],"replies":[{"embeddable":true,"href":"https:\/\/www.europesays.com\/es\/wp-json\/wp\/v2\/comments?post=102652"}],"version-history":[{"count":0,"href":"https:\/\/www.europesays.com\/es\/wp-json\/wp\/v2\/posts\/102652\/revisions"}],"wp:featuredmedia":[{"embeddable":true,"href":"https:\/\/www.europesays.com\/es\/wp-json\/wp\/v2\/media\/102653"}],"wp:attachment":[{"href":"https:\/\/www.europesays.com\/es\/wp-json\/wp\/v2\/media?parent=102652"}],"wp:term":[{"taxonomy":"category","embeddable":true,"href":"https:\/\/www.europesays.com\/es\/wp-json\/wp\/v2\/categories?post=102652"},{"taxonomy":"post_tag","embeddable":true,"href":"https:\/\/www.europesays.com\/es\/wp-json\/wp\/v2\/tags?post=102652"}],"curies":[{"name":"wp","href":"https:\/\/api.w.org\/{rel}","templated":true}]}}