{"id":102658,"date":"2025-09-09T05:00:04","date_gmt":"2025-09-09T05:00:04","guid":{"rendered":"https:\/\/www.europesays.com\/es\/102658\/"},"modified":"2025-09-09T05:00:04","modified_gmt":"2025-09-09T05:00:04","slug":"los-escenarios-que-se-abren-tras-la-caida-del-gobierno-frances-primer-ministro-de-consenso-o-volver-a-las-urnas-internacional","status":"publish","type":"post","link":"https:\/\/www.europesays.com\/es\/102658\/","title":{"rendered":"Los escenarios que se abren tras la ca\u00edda del Gobierno franc\u00e9s: primer ministro de consenso o volver a las urnas | Internacional"},"content":{"rendered":"<p class=\"\">La ca\u00edda telegrafiada del Gobierno del primer ministro franc\u00e9s, Fran\u00e7ois Bayrou, que perdi\u00f3 este lunes la moci\u00f3n de confianza en la Asamblea, pon\u00eda a Emmanuel Macron ante la disyuntiva de nombrar a un nuevo jefe de Gobierno o convocar elecciones legislativas. Con la Asamblea profundamente dividida y sin mayor\u00edas, es dif\u00edcil que alguno de los escenarios posibles aporte estabilidad pol\u00edtica. As\u00ed que la idea era optar por la opci\u00f3n menos mala. El presidente ha elegido la primera.<\/p>\n<p class=\"\">\u201cEl presidente toma nota del voto de los diputados\u201d y \u201cnombrar\u00e1 primer ministro en los pr\u00f3ximos d\u00edas\u201d, anunci\u00f3 el El\u00edseo en un comunicado. El de Bayrou es el segundo Ejecutivo en caer en solo un a\u00f1o. En el limbo quedan, adem\u00e1s, los recortes presupuestarios de 44.000 millones que este consideraba urgentes para atajar el endeudamiento en el pa\u00eds, \u201cla mayor amenaza\u201d para su futuro, seg\u00fan afirm\u00f3 en su intervenci\u00f3n ante la Asamblea. La deuda p\u00fablica francesa supone el 113% del PIB y el d\u00e9ficit es del 5,4%, muy por encima del 3% que exige Bruselas.<\/p>\n<p class=\"\">Bayrou presentar\u00e1 este martes su dimisi\u00f3n al presidente y su Gobierno seguir\u00e1 en funciones hasta el nombramiento de su sucesor, que ser\u00e1 el quinto en el cargo desde que Macron fue reelegido en 2022. Su intenci\u00f3n es nominarlo cuanto antes, para evitar prolongar la incertidumbre actual. Le apremia el calendario: los presupuestos deber\u00edan debatirse en octubre en el Parlamento para ser promulgados en diciembre.<\/p>\n<p class=\"\">La ca\u00edda de Bayrou era m\u00e1s que esperada, as\u00ed que Macron ha tenido dos semanas para afilar su casting. Se trata de buscar un candidato de consenso, que aguante lo que queda de legislatura o lo m\u00e1ximo posible. Algo complicado, dada la fragmentaci\u00f3n parlamentaria. Podr\u00eda salir de las filas de los partidos aliados del presidente (los centristas Modem, Horizons o Renacimiento, su formaci\u00f3n) o de Los Republicanos, el partido conservador al que pertenec\u00eda Michel Barnier, predecesor de Bayrou, que dur\u00f3 apenas tres meses al frente del Ejecutivo.<\/p>\n<p class=\"\">La izquierda reivindica su turno, pues su bloque, bautizado como Nuevo Frente Popular (socialistas, ecologistas, comunistas y La Francia Insumisa), fue el m\u00e1s votado en las elecciones legislativas anticipadas celebradas hace un a\u00f1o. \u201cEstamos listos para gobernar\u201d, se\u00f1al\u00f3 el diputado socialista Boris Vallaud, el primero en intervenir en la Asamblea tras la declaraci\u00f3n de Bayrou.<\/p>\n<p class=\"\">En los \u00faltimos d\u00edas hab\u00eda cobrado fuerza esta opci\u00f3n, pero esto implicar\u00eda certificar la ruptura del bloque, pues la Francia Insumisa de Jean-Luc M\u00e9lenchon se niega a formar parte de un Gobierno que no sea solo de izquierdas. En el plano econ\u00f3mico, los socialistas plantean recortes muy inferiores a los que Bayrou considera necesarios para reconducir la deuda.<\/p>\n<p class=\"\">La idea de un primer ministro socialista divide a Los Republicanos, formaci\u00f3n a la que pertenece casi la mitad de los ministros del Gobierno de Bayrou. \u201cNo aceptaremos nunca un Gobierno con miembros de La Francia Insumisa o que se aplique el funesto plan del Nuevo Frente Popular\u201d, advirti\u00f3 en su turno de palabra Laurent Wauquiez, presidente del grupo en la Asamblea. Una quincena de diputados se abstuvo en la votaci\u00f3n del lunes, lo que da una idea de la inestabilidad de este apoyo.<\/p>\n<p class=\"\">La alternativa a nombrar nuevo Ejecutivo era disolver la Asamblea y volver a convocar elecciones legislativas. Esta opci\u00f3n queda de momento descartada, pero, si se atasca la nominaci\u00f3n de un nuevo primer ministro, todo es posible.<\/p>\n<p class=\"\">Los franceses acudir\u00edan otra vez a las urnas, con poca probabilidad de que alguno de los bloques vaya a conseguir una mayor\u00eda absoluta, o m\u00e1s amplia que la actual. El \u00fanico que tiene opciones es Reagrupamiento Nacional, el partido de Marine Le Pen. Fue el partido m\u00e1s votado en las legislativas de hace un a\u00f1o, aunque no logr\u00f3 ganar la segunda vuelta electoral gracias a la alianza del resto de formaciones para evitar ese resultado. Le Pen pidi\u00f3 volver a las urnas: \u201cEs Macron el que bloquea el pa\u00eds\u201d, dijo en su turno de palabra. \u201cLa disoluci\u00f3n no es una opci\u00f3n, sino una obligaci\u00f3n\u201d.<\/p>\n<p class=\"\">Si ocurriera, perder\u00eda su esca\u00f1o, pues fue inhabilitada hace unos meses por un caso de malversaci\u00f3n de fondos y no podr\u00eda presentarse a los comicios. Recurri\u00f3 la decisi\u00f3n y el nuevo juicio se celebrar\u00e1 el pr\u00f3ximo mes de enero. Si la rehabilitan, s\u00ed podr\u00eda ir a las presidenciales de 2027.<\/p>\n<p class=\"\">Macron tendr\u00e1 que tomar su decisi\u00f3n r\u00e1pido para evitar que se agrave el impacto econ\u00f3mico de la inestabilidad pol\u00edtica. Seg\u00fan un an\u00e1lisis de Natixis IM, \u201cel riesgo de la nueva disoluci\u00f3n de la Asamblea es el m\u00e1s elevado\u201d, el que generar\u00eda m\u00e1s inquietud entre los inversores, pues supondr\u00eda dilatar los tiempos hasta encontrar un nuevo equipo de Gobierno.<\/p>\n<p class=\"\">Este viernes, Fitch, una de las tres grandes agencias de calificaci\u00f3n financiera del mundo, podr\u00eda bajar la nota que otorga a Francia, la que mide la capacidad que tiene un pa\u00eds para pagar su deuda sin dificultades. Una degradaci\u00f3n de la misma podr\u00eda frenar las inversiones o aumentar las tasas de inter\u00e9s que el pa\u00eds paga por financiarse en los mercados. El oto\u00f1o pasado, la agencia advirti\u00f3 que bajar\u00eda la nota francesa en caso de \u201cincapacidad para aplicar un plan cre\u00edble de consolidaci\u00f3n presupuestaria\u201d. El nuevo primer ministro tendr\u00e1 que asumir la confecci\u00f3n de unas nuevas cuentas en el plazo estimado. El Gobierno de Bayrou ha durado ocho meses; el de Michel Barnier, tres. La duda, cuando Macron lo anuncie, es cu\u00e1nto durar\u00e1 el siguiente.<\/p>\n","protected":false},"excerpt":{"rendered":"La ca\u00edda telegrafiada del Gobierno del primer ministro franc\u00e9s, Fran\u00e7ois Bayrou, que perdi\u00f3 este lunes la moci\u00f3n de&hellip;\n","protected":false},"author":2,"featured_media":102659,"comment_status":"","ping_status":"","sticky":false,"template":"","format":"standard","meta":{"footnotes":""},"categories":[42],"tags":[17,18,730,13,14,317,32277,582,11,61,62,63,64,19,20,32280,9,10,15,16,952,12,21,22,14424,23217,65,66,67],"class_list":{"0":"post-102658","1":"post","2":"type-post","3":"status-publish","4":"format-standard","5":"has-post-thumbnail","7":"category-internacional","8":"tag-breaking-news","9":"tag-breakingnews","10":"tag-emmanuel-macron","11":"tag-featured-news","12":"tag-featurednews","13":"tag-francia","14":"tag-francois-bayrou","15":"tag-gobierno","16":"tag-headlines","17":"tag-internacional","18":"tag-international","19":"tag-international-news","20":"tag-internationalnews","21":"tag-latest-news","22":"tag-latestnews","23":"tag-mociones-confianza","24":"tag-news","25":"tag-noticias","26":"tag-noticias-destacadas","27":"tag-noticiasdestacadas","28":"tag-politica","29":"tag-titulares","30":"tag-ultimas-noticias","31":"tag-ultimasnoticias","32":"tag-votacion-parlamentaria","33":"tag-votaciones","34":"tag-world","35":"tag-world-news","36":"tag-worldnews"},"share_on_mastodon":{"url":"","error":""},"_links":{"self":[{"href":"https:\/\/www.europesays.com\/es\/wp-json\/wp\/v2\/posts\/102658","targetHints":{"allow":["GET"]}}],"collection":[{"href":"https:\/\/www.europesays.com\/es\/wp-json\/wp\/v2\/posts"}],"about":[{"href":"https:\/\/www.europesays.com\/es\/wp-json\/wp\/v2\/types\/post"}],"author":[{"embeddable":true,"href":"https:\/\/www.europesays.com\/es\/wp-json\/wp\/v2\/users\/2"}],"replies":[{"embeddable":true,"href":"https:\/\/www.europesays.com\/es\/wp-json\/wp\/v2\/comments?post=102658"}],"version-history":[{"count":0,"href":"https:\/\/www.europesays.com\/es\/wp-json\/wp\/v2\/posts\/102658\/revisions"}],"wp:featuredmedia":[{"embeddable":true,"href":"https:\/\/www.europesays.com\/es\/wp-json\/wp\/v2\/media\/102659"}],"wp:attachment":[{"href":"https:\/\/www.europesays.com\/es\/wp-json\/wp\/v2\/media?parent=102658"}],"wp:term":[{"taxonomy":"category","embeddable":true,"href":"https:\/\/www.europesays.com\/es\/wp-json\/wp\/v2\/categories?post=102658"},{"taxonomy":"post_tag","embeddable":true,"href":"https:\/\/www.europesays.com\/es\/wp-json\/wp\/v2\/tags?post=102658"}],"curies":[{"name":"wp","href":"https:\/\/api.w.org\/{rel}","templated":true}]}}