{"id":102660,"date":"2025-09-09T05:01:19","date_gmt":"2025-09-09T05:01:19","guid":{"rendered":"https:\/\/www.europesays.com\/es\/102660\/"},"modified":"2025-09-09T05:01:19","modified_gmt":"2025-09-09T05:01:19","slug":"maria-del-monte-pide-28-anos-y-medio-de-carcel-para-su-sobrino-antonio-tejado-por-el-robo-en-su-casa-gente","status":"publish","type":"post","link":"https:\/\/www.europesays.com\/es\/102660\/","title":{"rendered":"Mar\u00eda del Monte pide 28 a\u00f1os y medio de c\u00e1rcel para su sobrino, Antonio Tejado, por el robo en su casa | Gente"},"content":{"rendered":"<p class=\"\">El pasado 25 de agosto se cumpli\u00f3 el segundo aniversario <a href=\"https:\/\/elpais.com\/gente\/2023-08-29\/inmaculada-casal-mujer-de-maria-del-monte-da-mas-detalles-sobre-el-robo-en-su-casa-estamos-en-shock-horrorizadas-no-dormimos.html\" target=\"_blank\" rel=\"noreferrer nofollow noopener\" title=\"https:\/\/elpais.com\/gente\/2023-08-29\/inmaculada-casal-mujer-de-maria-del-monte-da-mas-detalles-sobre-el-robo-en-su-casa-estamos-en-shock-horrorizadas-no-dormimos.html\">del violento atraco que sufrieron<\/a> Mar\u00eda del Monte (Sevilla, 63 a\u00f1os) e Inmaculada Casal (Barcelona, 61 a\u00f1os) en su domicilio de Gines (Sevilla), en el que fueron <a href=\"https:\/\/elpais.com\/gente\/2023-08-27\/un-grupo-de-encapuchados-asalta-la-casa-de-maria-del-monte-en-gines.html\" target=\"_blank\" rel=\"noreferrer nofollow noopener\" title=\"https:\/\/elpais.com\/gente\/2023-08-27\/un-grupo-de-encapuchados-asalta-la-casa-de-maria-del-monte-en-gines.html\">amordazadas, agredidas y amenazadas de muerte<\/a>, y en el que adem\u00e1s se les sustrajo una importante cantidad de dinero en efectivo, sus joyas m\u00e1s valiosas y su colecci\u00f3n de relojes de alta gama. Un asalto que rondar\u00eda el mill\u00f3n de euros y por el que el sobrino de la artista, Antonio Tejado (Sevilla, 38 a\u00f1os), <a href=\"https:\/\/elpais.com\/gente\/2024-02-12\/antonio-tejado-sobrino-de-maria-del-monte-esta-considerado-como-autor-intelectual-del-robo-en-la-vivienda-de-su-tia.html\" target=\"_blank\" rel=\"noreferrer nofollow noopener\" title=\"https:\/\/elpais.com\/gente\/2024-02-12\/antonio-tejado-sobrino-de-maria-del-monte-esta-considerado-como-autor-intelectual-del-robo-en-la-vivienda-de-su-tia.html\">fue detenido como presunto autor intelectual<\/a> en febrero de 2024. Tras pasar tres meses en prisi\u00f3n, Tejado <a href=\"https:\/\/elpais.com\/gente\/2024-05-20\/antonio-tejado-sobrino-de-maria-del-monte-en-libertad-provisional-sin-fianza-junto-a-los-otros-acusados-de-robar-en-el-chale-de-la-artista.html\" target=\"_blank\" rel=\"noreferrer nofollow noopener\" title=\"https:\/\/elpais.com\/gente\/2024-05-20\/antonio-tejado-sobrino-de-maria-del-monte-en-libertad-provisional-sin-fianza-junto-a-los-otros-acusados-de-robar-en-el-chale-de-la-artista.html\">fue puesto en libertad provisional<\/a> con medidas cautelares \u2014como la retirada del pasaporte o la obligaci\u00f3n de acudir a firmar al juzgado cada 15 d\u00edas\u2014 a la espera de juicio, y han sido numerosas las ocasiones en las que su abogado, Fernando Velo,<b> <\/b>ha insistido en la inocencia de su cliente, mientras este guarda silencio desde que abandon\u00f3 la c\u00e1rcel.<\/p>\n<p class=\"\">Despu\u00e9s de un periodo de instrucci\u00f3n que se ha alargado m\u00e1s de un a\u00f1o, el pasado mayo el juez encargado del caso <a href=\"https:\/\/elpais.com\/gente\/2025-05-23\/antonio-tejado-sobrino-de-maria-del-monte-procesado-por-el-robo-con-violencia-en-la-vivienda-de-la-cantante.html\" target=\"_blank\" rel=\"noreferrer nofollow noopener\" title=\"https:\/\/elpais.com\/gente\/2025-05-23\/antonio-tejado-sobrino-de-maria-del-monte-procesado-por-el-robo-con-violencia-en-la-vivienda-de-la-cantante.html\">emiti\u00f3 el auto de procesamiento<\/a> en el que se atribuye a Tejado cuatro delitos como \u201cautor intelectual\u201d del robo: robo con violencia e intimidaci\u00f3n en casa habitada y uso de instrumento peligroso, pertenencia a organizaci\u00f3n criminal, detenci\u00f3n ilegal y lesiones a las v\u00edctimas. Y ha sido ahora cuando ha salido a la luz que la defensa de Mar\u00eda del Monte y su mujer pide 28 a\u00f1os y medio de prisi\u00f3n para el sobrino de la cantante por el asalto a su vivienda, acus\u00e1ndolo de ser el \u201ccerebro\u201d del mismo. <\/p>\n<p>M\u00e1s informaci\u00f3n<\/p>\n<p class=\"\">Tal y como adelantaba en primicia <a href=\"https:\/\/www.diariodesevilla.es\/juzgado_de_guardia\/secreto_de_sumario\/maria-monte-pide-28-anos-carcel-sobrino-antonio-tejado_0_2004706166.html\" target=\"_blank\" rel=\"noreferrer nofollow noopener\" title=\"https:\/\/www.diariodesevilla.es\/juzgado_de_guardia\/secreto_de_sumario\/maria-monte-pide-28-anos-carcel-sobrino-antonio-tejado_0_2004706166.html\">El Diario de Sevilla<\/a> este s\u00e1bado 6 de septiembre, la abogada de la pareja, Emilia del R\u00edo, present\u00f3 en julio un escrito formal al Juzgado de Instrucci\u00f3n n\u00famero 16 de Sevilla en el que sostiene que el atraco fue posible gracias a la informaci\u00f3n privilegiada que Tejado, hace unos a\u00f1os un <a href=\"https:\/\/elpais.com\/gente\/2024-02-17\/antonio-tejado-de-alejarse-de-la-tele-para-superar-sus-adicciones-a-terminar-en-prision-por-robar-a-su-tia-maria-del-monte.html\" target=\"_blank\" rel=\"noreferrer nofollow noopener\" title=\"https:\/\/elpais.com\/gente\/2024-02-17\/antonio-tejado-de-alejarse-de-la-tele-para-superar-sus-adicciones-a-terminar-en-prision-por-robar-a-su-tia-maria-del-monte.html\">habitual de los programas de coraz\u00f3n y los realities<\/a>, facilit\u00f3 a los ladrones, apuntando que \u201crecab\u00f3 y transmiti\u00f3 puntualmente todos los datos necesarios para que el asalto pudiera culminar con \u00e9xito\u201d. De ah\u00ed que la acusaci\u00f3n particular le atribuya los mismos delitos que a los otros 10 procesados (entre los que se encuentra el cabecilla de la banda criminal, Arseny Garibyan El Ruso): robo en casa habitada en concurso medial con detenci\u00f3n ilegal, adem\u00e1s de cuatro delitos individuales de detenci\u00f3n ilegal.<\/p>\n<p><img alt=\"Antonio Tejado saliendo de la c\u00e1rcel el 20 de mayo de 2024.\" decoding=\"auto\" class=\"_re lazyload a_m-h\" height=\"276\"  width=\"414\"  src=\"https:\/\/www.europesays.com\/es\/wp-content\/uploads\/2025\/09\/47TYR3ED2BGCDF4M3CQ2MHWNCA.jpg\" loading=\"lazy\"\/>Antonio Tejado saliendo de la c\u00e1rcel el 20 de mayo de 2024.LS\/CORDONPRESS \/ Cordon Press<\/p>\n<p class=\"\">Delitos que sumar\u00edan en el caso del sobrino de la cantante un total de 28 a\u00f1os y medio de prisi\u00f3n, adem\u00e1s de la prohibici\u00f3n de acercarse o comunicarse por ninguna v\u00eda con Mar\u00eda del Monte e Inmaculada Casal durante cinco a\u00f1os. En el escrito presentado por la abogada del matrimonio se incluye, adem\u00e1s, un agravante para Tejado por \u201cabuso de confianza\u201d, al aprovecharse del v\u00ednculo familiar que le une a la artista \u2014y retomar su relaci\u00f3n con ella semanas antes del golpe\u2014 con el \u00fanico objetivo de obtener informaci\u00f3n vital para llevar a cabo el robo con \u00e9xito.<\/p>\n<p class=\"\">En cuanto a las indemnizaciones por lo sustra\u00eddo en el atraco \u2014la aseguradora lo cifra en 267.000 euros y la acusaci\u00f3n particular en aproximadamente un mill\u00f3n de euros\u2014, la abogada de la pareja reclama una cifra millonaria: 242.361 euros para Mar\u00eda del Monte por bienes no cubiertos por el seguro y 11.600 euros por secuelas f\u00edsicas y psicol\u00f3gicas; y 500.000 euros para Casal, adem\u00e1s de 21.977 euros por lesiones.<\/p>\n<p class=\"\">Seg\u00fan revelaron el domingo en el programa Fiesta bas\u00e1ndose en testimonios de su entorno cercano, el andaluz se siente \u201croto y decepcionado con su t\u00eda\u201d. Y, aludiendo a que en el volcado de su tel\u00e9fono no se han encontrado datos como para pactar un robo, insiste en mantener su inocencia.<\/p>\n","protected":false},"excerpt":{"rendered":"El pasado 25 de agosto se cumpli\u00f3 el segundo aniversario del violento atraco que sufrieron Mar\u00eda del Monte&hellip;\n","protected":false},"author":2,"featured_media":102661,"comment_status":"","ping_status":"","sticky":false,"template":"","format":"standard","meta":{"footnotes":""},"categories":[8],"tags":[29932,17,18,3061,7232,25,24,256,13,14,260,11,19,20,35395,9,10,15,16,11989,1171,23,12,21,22],"class_list":{"0":"post-102660","1":"post","2":"type-post","3":"status-publish","4":"format-standard","5":"has-post-thumbnail","7":"category-espana","8":"tag-asaltos","9":"tag-breaking-news","10":"tag-breakingnews","11":"tag-cantantes","12":"tag-delitos","13":"tag-es","14":"tag-espana","15":"tag-famosos","16":"tag-featured-news","17":"tag-featurednews","18":"tag-gente","19":"tag-headlines","20":"tag-latest-news","21":"tag-latestnews","22":"tag-maria-del-monte","23":"tag-news","24":"tag-noticias","25":"tag-noticias-destacadas","26":"tag-noticiasdestacadas","27":"tag-robos","28":"tag-sevilla","29":"tag-spain","30":"tag-titulares","31":"tag-ultimas-noticias","32":"tag-ultimasnoticias"},"share_on_mastodon":{"url":"","error":""},"_links":{"self":[{"href":"https:\/\/www.europesays.com\/es\/wp-json\/wp\/v2\/posts\/102660","targetHints":{"allow":["GET"]}}],"collection":[{"href":"https:\/\/www.europesays.com\/es\/wp-json\/wp\/v2\/posts"}],"about":[{"href":"https:\/\/www.europesays.com\/es\/wp-json\/wp\/v2\/types\/post"}],"author":[{"embeddable":true,"href":"https:\/\/www.europesays.com\/es\/wp-json\/wp\/v2\/users\/2"}],"replies":[{"embeddable":true,"href":"https:\/\/www.europesays.com\/es\/wp-json\/wp\/v2\/comments?post=102660"}],"version-history":[{"count":0,"href":"https:\/\/www.europesays.com\/es\/wp-json\/wp\/v2\/posts\/102660\/revisions"}],"wp:featuredmedia":[{"embeddable":true,"href":"https:\/\/www.europesays.com\/es\/wp-json\/wp\/v2\/media\/102661"}],"wp:attachment":[{"href":"https:\/\/www.europesays.com\/es\/wp-json\/wp\/v2\/media?parent=102660"}],"wp:term":[{"taxonomy":"category","embeddable":true,"href":"https:\/\/www.europesays.com\/es\/wp-json\/wp\/v2\/categories?post=102660"},{"taxonomy":"post_tag","embeddable":true,"href":"https:\/\/www.europesays.com\/es\/wp-json\/wp\/v2\/tags?post=102660"}],"curies":[{"name":"wp","href":"https:\/\/api.w.org\/{rel}","templated":true}]}}