{"id":102678,"date":"2025-09-09T05:14:13","date_gmt":"2025-09-09T05:14:13","guid":{"rendered":"https:\/\/www.europesays.com\/es\/102678\/"},"modified":"2025-09-09T05:14:13","modified_gmt":"2025-09-09T05:14:13","slug":"dos-pilares-que-convertimos-en-una-gran-solucion","status":"publish","type":"post","link":"https:\/\/www.europesays.com\/es\/102678\/","title":{"rendered":"dos pilares que convertimos en una gran soluci\u00f3n\u00bb"},"content":{"rendered":"<p>En Guadalmar, una tranquila urbanizaci\u00f3n malague\u00f1a pr\u00f3xima al mar, se alza una vivienda que hasta hace poco<strong> conservaba intacto el <a href=\"https:\/\/www.revistainteriores.es\/ideas-casa\/cosas-ya-no-se-llevan-cocina-y-que-deberias-cambiar-por-alguna-estas-opciones-interioristas_11586\" rel=\"nofollow noopener\" target=\"_blank\">aire de los a\u00f1os 80<\/a><\/strong>. Sus propietarios, conscientes del potencial de esta construcci\u00f3n y de la amplitud de su parcela, decidieron darle<strong> una segunda vida y confiar el proyecto<\/strong> a la interiorista <a href=\"https:\/\/www.instagram.com\/patriciagonzalezdelara\/?hl=es\" rel=\"nofollow noopener\" target=\"_blank\">Patricia Gonz\u00e1lez de Lara<\/a>. El resultado es una reforma integral que no solo moderniza los <strong>465 metros cuadrados<\/strong> de superficie, sino que los convierte en <strong>un hogar luminoso, elegante y plenamente adaptado <\/strong>a las necesidades actuales.<\/p>\n<p>La intervenci\u00f3n ha logrado respetar la <strong>esencia de la vivienda familiar <\/strong>y, al mismo tiempo, potenciar su funcionalidad y est\u00e9tica. La arquitecta de interiores supo leer las posibilidades del espacio, ampliando conexiones con el exterior y dotando a cada estancia de un car\u00e1cter propio, sin perder la coherencia de un hilo conductor basado en<strong> la <a href=\"https:\/\/www.revistainteriores.es\/tendencias\/casas-estilo-mediterraneo-proyectos-mucha-luz-colores-claros-espacios-abiertos_10852\" rel=\"nofollow noopener\" target=\"_blank\">serenidad mediterr\u00e1nea<\/a>.<\/strong><\/p>\n<p><a href=\"https:\/\/www.revistainteriores.es\/ideas-casa\/jordan-samson-interiorista-es-error-poner-muebles-pegados-pared-salon-obstaculiza-circulacion-equilibrio-estancia_12050\" data-ga4_event=\"custom_event\" data-ga4_event_name=\"click_intext\" data-ga4_link_url=\"https:\/\/www.revistainteriores.es\/ideas-casa\/jordan-samson-interiorista-es-error-poner-muebles-pegados-pared-salon-obstaculiza-circulacion-equilibrio-estancia_12050\" data-ga4_link_text=\"jordan_samson_interiorista_es_un_error_poner_los_muebles_pegados_a_la_pared_del_salon._obstaculizan_la_circulacion_y_el_equilibrio_de_la_estancia\" data-ga4_content_type=\"photo\" data-ga4_element=\"related\" rel=\"nofollow noopener\" target=\"_blank\">&#13;&#13;<img loading=\"lazy\" decoding=\"async\" src=\"https:\/\/www.europesays.com\/es\/wp-content\/uploads\/2025\/09\/jordan-samson_2080b4ae_250908125051_600x600.webp.webp\" alt=\"Jordan Samson\" class=\"lazyload\" width=\"600\" height=\"600\" data-aspectratio=\"600\/600\"\/>&#13;&#13;<\/p>\n<p class=\"epigraph\">                    &#13;Noticia relacionada<\/p>\n<p class=\"title\">Jordan Samson, interiorista: \u00abEs un error poner los muebles pegados a la pared del sal\u00f3n. Obstaculizan la circulaci\u00f3n y el equilibrio de la estancia\u00bb<\/p>\n<p class=\"author-title\">Pablo S\u00e1nchez-Monta\u00f1\u00e9s Quintana<\/p>\n<p><\/a>Un proyecto con vocaci\u00f3n familiar&#13;<img loading=\"lazy\" decoding=\"async\"   src=\"https:\/\/www.europesays.com\/es\/wp-content\/uploads\/2025\/09\/casa-guadalmar-patricia-gonzalez-de-lara-cariacola-fotografia1_82ee9769_250908131553_1280x853.webp.webp\" alt=\"Casa Guadalmar Patricia Gonz\u00e1lez de Lara @cariacola fotografia1\" class=\"lazyload\" width=\"1280\" height=\"853\" data-aspectratio=\"1280\/853\"\/><\/p>\n<p>&#13;&#13;Foto: @cariacola_fotografia | Interiorismo: Patricia Gonz\u00e1lez de Lara&#13;<\/p>\n<p>La reforma responde a la voluntad de los due\u00f1os de contar con una casa para compartir con hijos, nietos y amigos, donde la convivencia y el disfrute estuvieran garantizados. En la planta baja se organizaron <strong>las zonas comunes<\/strong>: un amplio sal\u00f3n-comedor, la cocina con pen\u00ednsula, un aseo con papel pintado geom\u00e9trico, una sala de estar privada y un dormitorio de invitados con ba\u00f1o en suite. En la planta superior, los <strong>cinco dormitorios con ba\u00f1o propio<\/strong> aseguran la independencia de cada miembro de la familia.<\/p>\n<p>Uno de los retos fue la presencia de dos pilares en el sal\u00f3n principal. Lo que a priori parec\u00eda un obst\u00e1culo visual, acab\u00f3 convirti\u00e9ndose en<strong> recurso arquitect\u00f3nico para separar \u00e1reas de estar<\/strong> y dar ritmo al espacio. Integrados con el mobiliario, hoy forman parte de la personalidad de la estancia.<\/p>\n<p>La elegancia de lo natural&#13;<img loading=\"lazy\" decoding=\"async\"   src=\"https:\/\/www.europesays.com\/es\/wp-content\/uploads\/2025\/09\/casa-guadalmar-patricia-gonzalez-de-lara-cariacola-fotografia9_00445e09_250908132031_1280x853.webp.webp\" alt=\"Casa Guadalmar Patricia Gonz\u00e1lez de Lara @cariacola fotografia9\" class=\"lazyload\" width=\"1280\" height=\"853\" data-aspectratio=\"1280\/853\"\/><\/p>\n<p>&#13;&#13;Foto: @cariacola_fotografia | Interiorismo: Patricia Gonz\u00e1lez de Lara&#13;<\/p>\n<p>\u00a0<\/p>\n<p>El proyecto se articula alrededor de una<strong> paleta crom\u00e1tica suave<\/strong>: tonos arena, crudos y beiges, matizados con verdes y amarillos en peque\u00f1os detalles. Los materiales elegidos refuerzan esa sensaci\u00f3n de calma: algodones y linos en los textiles, alfombras de sisal y maderas naturales que conectan con el paisaje costero cercano.<\/p>\n<p>La <strong>cocina<\/strong> resume bien la filosof\u00eda del proyecto. Sus frentes lacados en blanco puro se combinan con tiradores de lat\u00f3n cepillado y detalles en roble natural. La pen\u00ednsula, con frente retroiluminado y barra de desayunos, se concibe como un espacio funcional y c\u00e1lido, pensado tanto para el d\u00eda a d\u00eda como para las reuniones familiares.<\/p>\n<p>Dormitorios con identidad propia&#13;<img loading=\"lazy\" decoding=\"async\"   src=\"https:\/\/www.europesays.com\/es\/wp-content\/uploads\/2025\/09\/casa-guadalmar-patricia-gonzalez-de-lara-cariacola-fotografia11_8614996a_250908131632_1280x832.webp.webp\" alt=\"Casa Guadalmar Patricia Gonz\u00e1lez de Lara @cariacola fotografia11\" class=\"lazyload\" width=\"1280\" height=\"832\" data-aspectratio=\"1280\/832\"\/><\/p>\n<p>&#13;&#13;Foto: @cariacola_fotografia | Interiorismo: Patricia Gonz\u00e1lez de Lara&#13;<\/p>\n<p>En la planta alta, cada dormitorio ha recibido un tratamiento singular, <strong>con papeles pintados y soluciones de paliller\u00eda <\/strong>dise\u00f1adas a medida. El dormitorio principal sorprende con un cabecero amarillo enmarcado en listones negros, acompa\u00f1ado por tejidos de KA Internacional y un papel de Casamance que le confiere sofisticaci\u00f3n. Los ba\u00f1os, revestidos en porcel\u00e1nico caliza de Porcelanosa, completan el conjunto con mobiliario dise\u00f1ado expresamente para este proyecto.<\/p>\n<p>Continuidad interior-exterior&#13;<img loading=\"lazy\" decoding=\"async\"   src=\"https:\/\/www.europesays.com\/es\/wp-content\/uploads\/2025\/09\/casa-guadalmar-patricia-gonzalez-de-lara-cariacola-fotografia21_16b0129b_250908132101_1280x853.webp.webp\" alt=\"Casa Guadalmar Patricia Gonz\u00e1lez de Lara @cariacola fotografia21\" class=\"lazyload\" width=\"1280\" height=\"853\" data-aspectratio=\"1280\/853\"\/><\/p>\n<p>&#13;&#13;Foto: @cariacola_fotografia | Interiorismo: Patricia Gonz\u00e1lez de Lara&#13;<\/p>\n<p>\u00a0<\/p>\n<p>El <strong>exterior<\/strong> es otro de los grandes logros de la reforma. La nueva piscina, el porche ampliado y el paisajismo integral convierten el jard\u00edn en un aut\u00e9ntico oasis. El pavimento de Porcelanosa, utilizado con acabado antideslizante, prolonga la est\u00e9tica interior hacia el exterior, creando una continuidad que<strong> ampl\u00eda visualmente la vivienda y refuerza la idea de fluidez espacial.<\/strong><\/p>\n<p>El respeto por los \u00e1rboles existentes se combin\u00f3 con la incorporaci\u00f3n de nuevas especies, generando un entorno natural que potencia la sensaci\u00f3n de retiro sereno. El<strong> mobiliario de exterior, c\u00f3modo y resistente<\/strong>, remata este escenario de convivencia y descanso.<\/p>\n<p>Un refugio contempor\u00e1neo<\/p>\n<p>Hoy, esta casa malague\u00f1a es mucho m\u00e1s que una vivienda reformada. Es un espacio que refleja <strong>c\u00f3mo la arquitectura interior puede transformar <\/strong>una<strong> construcci\u00f3n obsoleta en un hogar sofisticado,<\/strong> conectado con su entorno y preparado para albergar tanto la vida familiar como el descanso individual. La amplitud de los ventanales, la ligereza crom\u00e1tica y la cuidada elecci\u00f3n de materiales transmiten la calma mediterr\u00e1nea en cada rinc\u00f3n.<\/p>\n<p>La intervenci\u00f3n de Patricia Gonz\u00e1lez de Lara demuestra que las viviendas de los a\u00f1os 80, con una buena reinterpretaci\u00f3n, pueden convertirse en <a href=\"https:\/\/www.revistainteriores.es\/estilo-de-vida\/mujeres-disenadoras-20-voces-contemporaneas-que-no-puedes-perderte_11347\" rel=\"nofollow noopener\" target=\"_blank\">referentes de dise\u00f1o contempor\u00e1neo<\/a>. Este proyecto en Guadalmar no solo ha actualizado una casa familiar, sino que la ha convertido en un lugar donde <strong>la luz, la naturaleza y el confort dialogan en perfecta armon\u00eda.<\/strong><\/p>\n<p><a href=\"https:\/\/www.revistainteriores.es\/casas\/esta-casa-ensueno-situada-mallorca-convive-creatividad-inspirada-naturaleza-isla-detalles-mas-modernos_12021\" data-ga4_event=\"custom_event\" data-ga4_event_name=\"click_intext\" data-ga4_link_url=\"https:\/\/www.revistainteriores.es\/casas\/esta-casa-ensueno-situada-mallorca-convive-creatividad-inspirada-naturaleza-isla-detalles-mas-modernos_12021\" data-ga4_link_text=\"esta_casa_de_ensueno_situada_en_mallorca_convive_con_la_creatividad_inspirada_en_la_naturaleza_de_la_isla_con_los_detalles_mas_modernos\" data-ga4_content_type=\"photo\" data-ga4_element=\"related\" rel=\"nofollow noopener\" target=\"_blank\">&#13;&#13;<img loading=\"lazy\" decoding=\"async\" src=\"https:\/\/www.europesays.com\/es\/wp-content\/uploads\/2025\/09\/fachada-casa-mallorca-y-piscina_1a9e7c00_250903105708_600x600.webp.webp\" alt=\"Fachada Casa Mallorca y piscina\" class=\"lazyload\" width=\"600\" height=\"600\" data-aspectratio=\"600\/600\"\/>&#13;&#13;<\/p>\n<p class=\"epigraph\">                    &#13;Noticia relacionada<\/p>\n<p class=\"title\">Esta casa de ensue\u00f1o situada en Mallorca convive con la creatividad inspirada en la naturaleza de la isla con los detalles m\u00e1s modernos<\/p>\n<p><\/a><script async src=\"\/\/www.instagram.com\/embed.js\"><\/script><\/p>\n","protected":false},"excerpt":{"rendered":"En Guadalmar, una tranquila urbanizaci\u00f3n malague\u00f1a pr\u00f3xima al mar, se alza una vivienda que hasta hace poco conservaba&hellip;\n","protected":false},"author":2,"featured_media":102679,"comment_status":"","ping_status":"","sticky":false,"template":"","format":"standard","meta":{"footnotes":""},"categories":[173],"tags":[229,233,231,230,232,234,146,147,25,24,23],"class_list":{"0":"post-102678","1":"post","2":"type-post","3":"status-publish","4":"format-standard","5":"has-post-thumbnail","7":"category-arte-y-diseno","8":"tag-arte","9":"tag-arte-y-diseno","10":"tag-arts","11":"tag-arts-and-design","12":"tag-design","13":"tag-diseno","14":"tag-entertainment","15":"tag-entretenimiento","16":"tag-es","17":"tag-espana","18":"tag-spain"},"share_on_mastodon":{"url":"","error":""},"_links":{"self":[{"href":"https:\/\/www.europesays.com\/es\/wp-json\/wp\/v2\/posts\/102678","targetHints":{"allow":["GET"]}}],"collection":[{"href":"https:\/\/www.europesays.com\/es\/wp-json\/wp\/v2\/posts"}],"about":[{"href":"https:\/\/www.europesays.com\/es\/wp-json\/wp\/v2\/types\/post"}],"author":[{"embeddable":true,"href":"https:\/\/www.europesays.com\/es\/wp-json\/wp\/v2\/users\/2"}],"replies":[{"embeddable":true,"href":"https:\/\/www.europesays.com\/es\/wp-json\/wp\/v2\/comments?post=102678"}],"version-history":[{"count":0,"href":"https:\/\/www.europesays.com\/es\/wp-json\/wp\/v2\/posts\/102678\/revisions"}],"wp:featuredmedia":[{"embeddable":true,"href":"https:\/\/www.europesays.com\/es\/wp-json\/wp\/v2\/media\/102679"}],"wp:attachment":[{"href":"https:\/\/www.europesays.com\/es\/wp-json\/wp\/v2\/media?parent=102678"}],"wp:term":[{"taxonomy":"category","embeddable":true,"href":"https:\/\/www.europesays.com\/es\/wp-json\/wp\/v2\/categories?post=102678"},{"taxonomy":"post_tag","embeddable":true,"href":"https:\/\/www.europesays.com\/es\/wp-json\/wp\/v2\/tags?post=102678"}],"curies":[{"name":"wp","href":"https:\/\/api.w.org\/{rel}","templated":true}]}}