{"id":102694,"date":"2025-09-09T05:24:10","date_gmt":"2025-09-09T05:24:10","guid":{"rendered":"https:\/\/www.europesays.com\/es\/102694\/"},"modified":"2025-09-09T05:24:10","modified_gmt":"2025-09-09T05:24:10","slug":"no-necesitamos-galardones-para-wokes-destructivos","status":"publish","type":"post","link":"https:\/\/www.europesays.com\/es\/102694\/","title":{"rendered":"\u201cNo necesitamos galardones para &#8216;wokes&#8217; destructivos\u201d"},"content":{"rendered":"<p class=\"article-text\">\n        \u201cNo necesitamos que &#8216;wokes&#8217; destructivos reciban premios\u201d. As\u00ed ha reaccionado el presidente de EEUU, Donald Trump, a la decisi\u00f3n de la asociaci\u00f3n de ex alumnos de West Point de cancelar la entrega del premio Sylvanus Thayer al actor. Seg\u00fan el comunicado difundido este s\u00e1bado, <a href=\"https:\/\/www.washingtonpost.com\/national-security\/2025\/09\/06\/tom-hanks-west-point\/\" data-mrf-recirculation=\"links-noticia\" class=\"link\" target=\"_blank\" rel=\"nofollow noopener\">y adelantado por The Washington Post,<\/a> la cancelaci\u00f3n se produjo para \u201ccentrarse en la preparaci\u00f3n de los cadetes de la academia para el futuro\u201d.\n    <\/p>\n<p class=\"article-text\">\n        Pero este lunes el presidente de EEUU ha puesto el contexto a la cancelaci\u00f3n: \u201cNuestro gran West Point (\u00a1cada vez mejor!) ha cancelado inteligentemente la ceremonia de entrega de premios al actor Tom Hanks. \u00a1Importante decisi\u00f3n! \u00a1No necesitamos que &#8216;wokes&#8217; destructivos reciban nuestros preciados premios! Esperemos que los Premios de la Academia [que entrega los Oscar], y otras ceremonias falsas de premios revisen sus est\u00e1ndares y pr\u00e1cticas en nombre de la imparcialidad y la justicia. \u00a1Observen c\u00f3mo aumentan sus \u00edndices de audiencia!\u201d\n    <\/p>\n<p>            <img decoding=\"async\" class=\"lazy\" loading=\"lazy\" data-src=\"https:\/\/static.eldiario.es\/clip\/c9f7b83b-58b2-4320-a8d8-c79179b19ba2_source-aspect-ratio_default_0.jpg\" src=\"data:image\/svg+xml,%3Csvg xmlns=\" http:=\"\" viewbox=\"0 0 1046 502\" alt=\"Captura de pantalla 2025 09 08 a las 15.04.13\"\/><\/p>\n<p class=\"article-text\">\n        El actor Tom Hanks iba a recibir el premio Sylvanus Thayer, otorgado anualmente por la Asociaci\u00f3n de Graduados de West Point a un ciudadano estadounidense que personifique el lema de West Point: \u201cDeber, honor, patria\u201d.\n    <\/p>\n<p class=\"article-text\">\n        El premio recibe su nombre en honor a Sylvanus Thayer, oficial militar, ingeniero y educador estadounidense que se desempe\u00f1\u00f3 como quinto superintendente de la Academia Militar de los Estados Unidos en West Point entre 1817 y 1833 y considerado el padre de la academia militar.\n    <\/p>\n<p class=\"article-text\">\n        El presidente de la asociaci\u00f3n, Mark Bieger, coronel retirado del Ej\u00e9rcito de EEUU, inform\u00f3 el viernes que la academia \u201cno celebrar\u00e1 la ceremonia del premio Thayer\u201d, programada para el 25 de septiembre. \u201cEsta decisi\u00f3n permite a la Academia seguir centr\u00e1ndose en su misi\u00f3n principal: preparar a los cadetes para liderar, luchar y ganar como oficiales en la fuerza m\u00e1s letal del mundo: el Ej\u00e9rcito de los Estados Unidos\u201d, dec\u00eda Bieger en el correo electr\u00f3nico adelantado por el Post.\n    <\/p>\n<p class=\"article-text\">\n        Entre los antiguos galardonados del premio Thayer se encuentran los presidentes de EEUU Dwight Eisenhower y Ronald Reagan; el astronauta Neil Armstrong; el general Colin Powell; la senadora Elizabeth Dole de Carolina del Norte, la jueza Sandra Day O&#8217;Connor y el actor Gary Sinise, <a href=\"https:\/\/www.nytimes.com\/2025\/09\/07\/us\/politics\/tom-hanks-west-point-award.html\" data-mrf-recirculation=\"links-noticia\" class=\"link\" target=\"_blank\" rel=\"nofollow noopener\">recuerda The New York Times<\/a>.\n    <\/p>\n<p class=\"article-text\">\n        El grupo de exalumnos anunci\u00f3 en junio que Hanks recibir\u00eda el galard\u00f3n en reconocimiento a su trayectoria profesional dedicada al apoyo a los veteranos, a las fuerzas armadas y al programa espacial estadounidense. El grupo destac\u00f3 los papeles en pel\u00edculas como Forrest Gump, Apolo 13, Rescatando al soldado Ryan, Hermanos de sangre, Pac\u00edfico, Masters of the Air y Greyhound.\n    <\/p>\n<p class=\"article-text\">\n        Adem\u00e1s de su trabajo en el cine, Tom Hanks ha sido portavoz del Monumento a la Segunda Guerra Mundial en Washington, ayud\u00f3 a recaudar fondos para el Monumento a Dwight D. Eisenhower en Washington y presidi\u00f3 a nivel nacional la Campa\u00f1a de Capital del Museo del D\u00eda D.\n    <\/p>\n<p class=\"article-text\">\n        Tom Hanks ha criticado a Trump en el pasado, y represent\u00f3 a un partidario de Trump en un sketch de un episodio de Saturday Night Live que celebraba el 50.\u00ba aniversario del programa.\n    <\/p>\n<p class=\"article-text\">\n        La cancelaci\u00f3n de la entrega del premio se produce en un momento en que las academias militares est\u00e1n en el punto de mira de la Administraci\u00f3n Trump.\n    <\/p>\n","protected":false},"excerpt":{"rendered":"\u201cNo necesitamos que &#8216;wokes&#8217; destructivos reciban premios\u201d. As\u00ed ha reaccionado el presidente de EEUU, Donald Trump, a la&hellip;\n","protected":false},"author":2,"featured_media":102695,"comment_status":"","ping_status":"","sticky":false,"template":"","format":"standard","meta":{"footnotes":""},"categories":[42],"tags":[36000,17,18,36002,36004,36,13,14,31329,11,61,62,63,64,19,20,36003,9,689,10,15,16,36001,843,12,9459,936,21,22,4215,15410,65,66,67],"class_list":{"0":"post-102694","1":"post","2":"type-post","3":"status-publish","4":"format-standard","5":"has-post-thumbnail","7":"category-internacional","8":"tag-aplaude","9":"tag-breaking-news","10":"tag-breakingnews","11":"tag-cancele","12":"tag-destructivos","13":"tag-entrega","14":"tag-featured-news","15":"tag-featurednews","16":"tag-hanks","17":"tag-headlines","18":"tag-internacional","19":"tag-international","20":"tag-international-news","21":"tag-internationalnews","22":"tag-latest-news","23":"tag-latestnews","24":"tag-necesitamos","25":"tag-news","26":"tag-no","27":"tag-noticias","28":"tag-noticias-destacadas","29":"tag-noticiasdestacadas","30":"tag-point","31":"tag-premio","32":"tag-titulares","33":"tag-tom","34":"tag-trump","35":"tag-ultimas-noticias","36":"tag-ultimasnoticias","37":"tag-west","38":"tag-wokes","39":"tag-world","40":"tag-world-news","41":"tag-worldnews"},"share_on_mastodon":{"url":"","error":""},"_links":{"self":[{"href":"https:\/\/www.europesays.com\/es\/wp-json\/wp\/v2\/posts\/102694","targetHints":{"allow":["GET"]}}],"collection":[{"href":"https:\/\/www.europesays.com\/es\/wp-json\/wp\/v2\/posts"}],"about":[{"href":"https:\/\/www.europesays.com\/es\/wp-json\/wp\/v2\/types\/post"}],"author":[{"embeddable":true,"href":"https:\/\/www.europesays.com\/es\/wp-json\/wp\/v2\/users\/2"}],"replies":[{"embeddable":true,"href":"https:\/\/www.europesays.com\/es\/wp-json\/wp\/v2\/comments?post=102694"}],"version-history":[{"count":0,"href":"https:\/\/www.europesays.com\/es\/wp-json\/wp\/v2\/posts\/102694\/revisions"}],"wp:featuredmedia":[{"embeddable":true,"href":"https:\/\/www.europesays.com\/es\/wp-json\/wp\/v2\/media\/102695"}],"wp:attachment":[{"href":"https:\/\/www.europesays.com\/es\/wp-json\/wp\/v2\/media?parent=102694"}],"wp:term":[{"taxonomy":"category","embeddable":true,"href":"https:\/\/www.europesays.com\/es\/wp-json\/wp\/v2\/categories?post=102694"},{"taxonomy":"post_tag","embeddable":true,"href":"https:\/\/www.europesays.com\/es\/wp-json\/wp\/v2\/tags?post=102694"}],"curies":[{"name":"wp","href":"https:\/\/api.w.org\/{rel}","templated":true}]}}