{"id":102745,"date":"2025-09-09T06:00:13","date_gmt":"2025-09-09T06:00:13","guid":{"rendered":"https:\/\/www.europesays.com\/es\/102745\/"},"modified":"2025-09-09T06:00:13","modified_gmt":"2025-09-09T06:00:13","slug":"pocos-muebles-una-pergola-y-muchas-plantas-asi-es-la-casa-construida-sobre-un-tejado-en-un-pueblo-de-girona-icon-design","status":"publish","type":"post","link":"https:\/\/www.europesays.com\/es\/102745\/","title":{"rendered":"Pocos muebles, una p\u00e9rgola y muchas plantas: as\u00ed es la casa construida sobre un tejado en un pueblo de Girona | ICON Design"},"content":{"rendered":"<p><img fetchpriority=\"high\" alt=\"El proyecto da protagonismo al entorno y a pr\u00e1cticas sostenibles, como la horticultura.\" decoding=\"auto\" class=\"_re  a_m-v\" height=\"518\"  width=\"414\"  src=\"https:\/\/www.europesays.com\/es\/wp-content\/uploads\/2025\/09\/XVY7WGRPLBH4LGMRRAFNYWHGBA.jpg\" loading=\"eager\"\/>El proyecto da protagonismo al entorno y a pr\u00e1cticas sostenibles, como la horticultura.Carlos Chavarr\u00eda<\/p>\n<p class=\"\">Fundado en 1987 por dos primos, Llu\u00eds Auquer y Ferran Prats, el estudio de arquitectura Auquer Prats bebe de la tradici\u00f3n ancestral mediterr\u00e1nea y de los edificios vernaculares ampurdaneses. Est\u00e1 especialmente arraigado en la zona del Baix Ter. Desde all\u00ed, practican una mezcla que se mueve entre el pasado y la sostenibilidad, y que nunca pierde de vista las formas y vidas de hoy. Han sabido entender la sabidur\u00eda popular y ajustar sus soluciones arquitect\u00f3nicas a las necesidades contempor\u00e1neas, haciendo uso de materiales naturales como el barro y la madera. Han estudiado la historia y el territorio en cada proyecto y esta aproximaci\u00f3n intelectual y su obsesi\u00f3n por la investigaci\u00f3n, la comprensi\u00f3n y la cultura total es su caracter\u00edstica m\u00e1s importante, la que les lleva a enfocar cada casa de manera hol\u00edstica y org\u00e1nica, pero de verdad, no como meros adjetivos: el emplazamiento, el clima y el paisaje son por ejemplo elementos tan importantes como el programa o la distribuci\u00f3n de la vivienda.<\/p>\n<p class=\"\">Un ejemplo de esta filosof\u00eda a la que han llamado <a href=\"https:\/\/elpais.com\/noticias\/construcciones-ecologicas\/\" target=\"_self\" rel=\"nofollow noopener\" title=\"https:\/\/elpais.com\/noticias\/construcciones-ecologicas\/\">bio-arquitectura<\/a> es la casa de Ignasi y Susanna, un adosado en el pueblo gerundense de Sant Gregori que, seg\u00fan por d\u00f3nde se mire, parece blanco impoluto o lleno de plantas. A lo largo de tres fachadas el edificio se muestra s\u00f3lido y n\u00edveo, casi cerrado y tapiado, con ventanas muy peque\u00f1as. En cambio, el lado orientado hacia el sur, de madera con ventanales, da a un parque y al r\u00edo y est\u00e1 completamente abierto, con un patio interior, un jard\u00edn y una p\u00e9rgola, listos para recibir la luz y segregar vegetaci\u00f3n.<\/p>\n<p><img alt=\"Vista de la fachada principal de la casa, que muestra la edificaci\u00f3n original y la vivienda construida sobre su cubierta.\" decoding=\"auto\" class=\"_re lazyload a_m-v\" height=\"518\"  width=\"414\"  src=\"https:\/\/www.europesays.com\/es\/wp-content\/uploads\/2025\/09\/3D3HWSPBDRBE7DE25XOJ2GZ2BY.jpg\" loading=\"lazy\"\/>Vista de la fachada principal de la casa, que muestra la edificaci\u00f3n original y la vivienda construida sobre su cubierta.Carlos Chavarr\u00eda<img alt=\"La fachada posterior est\u00e1 llena de vegetaci\u00f3n.\" decoding=\"auto\" class=\"_re lazyload a_m-v\" height=\"518\"  width=\"414\"  src=\"https:\/\/www.europesays.com\/es\/wp-content\/uploads\/2025\/09\/57V6OTIDJBBFXJX3DIXQWWOARY.jpg\" loading=\"lazy\"\/>La fachada posterior est\u00e1 llena de vegetaci\u00f3n.Carlos Chavarr\u00eda<\/p>\n<p class=\"\">\u201cLlu\u00eds vio posible edificar encima de una construcci\u00f3n habitada perteneciente a la familia. Hubo que hacer un estudio geol\u00f3gico del terreno y de los cimientos de la casa, que tuvieron que reforzarse\u201d, explican los due\u00f1os. \u201cEl arquitecto dise\u00f1\u00f3 una vivienda de dos plantas con una excelente distribuci\u00f3n seg\u00fan nuestras necesidades y cre\u00f3 espacios de bienestar, muy bonitos, muy est\u00e9ticos, pero tambi\u00e9n muy funcionales. La gran sensibilidad de Llu\u00eds se expresa en el dise\u00f1o de los espacios de dimensiones perfectas donde la presencia de la luz, la circulaci\u00f3n del aire, los materiales naturales como la madera, la ca\u00f1a, la pintura a la cal o las baldosas artesanales, las estructuras arquitect\u00f3nicas como las b\u00f3vedas y la vegetaci\u00f3n que rodea la casa son un regalo en el que vivimos cada d\u00eda. Es una maravilla, un oasis en medio del pueblo\u201d, a\u00f1aden.<\/p>\n<p class=\"\">El propio arquitecto explica as\u00ed su proyecto. \u201cDecidimos que por fuera ser\u00eda como un cubo de <a href=\"https:\/\/elpais.com\/elviajero\/2023-04-26\/la-tourette-dormir-en-una-obra-de-luz-de-le-corbusier.html\" target=\"_self\" rel=\"nofollow noopener\" title=\"https:\/\/elpais.com\/elviajero\/2023-04-26\/la-tourette-dormir-en-una-obra-de-luz-de-le-corbusier.html\">Le Corbusier,<\/a> con unas aberturas peque\u00f1as para ventilar y punto, en un lenguaje expresamente contrario a lo que solemos trabajar. Tambi\u00e9n decidimos dejar la cornisa de la casa, o sea, hay un grafismo y una intenci\u00f3n de mostrar realmente que se trata de una remonta. La p\u00e9rgola llena de vegetaci\u00f3n la ide\u00e9 para crear una burbuja para el verano, porque esto baja mucho la temperatura, pero la estructura en s\u00ed, met\u00e1lica sobre la fachada de madera, ya es escult\u00f3rica. Mi idea era que subieran las plantas y que fueran tap\u00e1ndola, y tambi\u00e9n tiestos con jazmines que dan olor, por ejemplo. Me gusta integrar en mi trabajo factores aparentemente externos como el olor o incluso el ruido del agua\u201d, afirma. <\/p>\n<p class=\"\">Maria Auquer, su hija y tambi\u00e9n arquitecta, segunda generaci\u00f3n al frente del despacho, a\u00f1ade: \u201cEl sistema de pergolado hace que, gracias al crecimiento de la vegetaci\u00f3n, se produzca un microclima personal, para que temple la casa y le d\u00e9 su propia temperatura. Intentamos que nuestras casas funcionen como un ente org\u00e1nico en s\u00ed mismo, que tengan su propia vida y sus propias <a href=\"https:\/\/elpais.com\/extra\/infraestructuras\/2025-02-23\/construir-como-antano-para-preservar-el-porvenir.html\" target=\"_self\" rel=\"nofollow noopener\" title=\"https:\/\/elpais.com\/extra\/infraestructuras\/2025-02-23\/construir-como-antano-para-preservar-el-porvenir.html\">estrategias pasivas<\/a> de autorregularse y de integrarse con el entorno, ya sea en una zona urbana o en medio del bosque. Lo m\u00e1s importante en esta vivienda es que tiene la capacidad de generar su propio biotopo, su clima, su piel. Otro elemento recurrente en nuestros proyectos y que podemos ver aqu\u00ed son las paredes de madera en el interior, en donde los tablones se colocan a diferentes niveles para que no quede una pared de madera anivelada ni al mismo plano, sino que vaya creando vol\u00famenes y sombras. Este es un recurso que mi padre ha usado mucho para darles vida a los interiores y que no se necesite tanta decoraci\u00f3n. Ignasi y Susanna por no tener, casi ni tienen l\u00e1mparas, pero la casa ya luce por s\u00ed sola, con nuestros acabados y muebles de obra\u201d.<\/p>\n<p><img alt=\"En el muro de la escalera se puede apreciar uno de los rasgos m\u00e1s reconocibles del estudio: el empleo de tablones a distintos niveles, no igualados, para crear efectos de textura y sombra.\" decoding=\"auto\" class=\"_re lazyload a_m-v\" height=\"518\"  width=\"414\"  src=\"https:\/\/www.europesays.com\/es\/wp-content\/uploads\/2025\/09\/2MQW76TMU5FS7NBZ7RIDMHU7FU.jpg\" loading=\"lazy\"\/>En el muro de la escalera se puede apreciar uno de los rasgos m\u00e1s reconocibles del estudio: el empleo de tablones a distintos niveles, no igualados, para crear efectos de textura y sombra.Carlos Chavarr\u00eda<img alt=\"La cer\u00e1mica artesanal y los tonos org\u00e1nicos dominan entre los acabados empleados.\" decoding=\"auto\" class=\"_re lazyload a_m-v\" height=\"518\"  width=\"414\"  src=\"https:\/\/www.europesays.com\/es\/wp-content\/uploads\/2025\/09\/LELXXW66KVG5FIPHCILFOY3MCM.jpg\" loading=\"lazy\"\/>La cer\u00e1mica artesanal y los tonos org\u00e1nicos dominan entre los acabados empleados.Carlos Chavarr\u00eda<\/p>\n<p class=\"\">La casa tambi\u00e9n refleja el trabajo con los materiales y las formas que caracteriza al estudio: cer\u00e1micas de artesanos en cocinas y ba\u00f1os, <a href=\"https:\/\/elpais.com\/elpais\/2016\/02\/11\/del_tirador_a_la_ciudad\/1455173820_145517.html\" target=\"_self\" rel=\"nofollow noopener\" title=\"https:\/\/elpais.com\/elpais\/2016\/02\/11\/del_tirador_a_la_ciudad\/1455173820_145517.html\">volta catalana<\/a> en los dormitorios, paredes de cal, maderas naturales sin tratar, techos tradicionales de ca\u00f1a, una escalera con aires cubistas, curvas y b\u00f3vedas que suavizan los espacios, y tambi\u00e9n el di\u00e1logo y el aire (literal y metaf\u00f3rico) que se genera entre las diferentes estancias. El resultado es de una sencillez atemporal, serena, donde prima la armon\u00eda y el bienestar, y donde los escasos elementos de muebles y decoraci\u00f3n (mesas, sillas, camas y poco m\u00e1s) se definen de forma natural a partir de la arquitectura: \u201cEl acabado interior surge de la l\u00f3gica constructiva, sin a\u00f1adidos innecesarios, potenciando la simplicidad, la funcionalidad y la relaci\u00f3n con el exterior, a partir de una cuidadosa selecci\u00f3n de materiales, texturas, colores y elementos que aportan car\u00e1cter y personalidad al espacio\u201d, dicen. Un interiorismo casi inexistente porque no se necesita.<\/p>\n<p><img alt=\"El modo en que las distintas estancias dialogan entre s\u00ed es un sello de identidad del estudio Auquer Prats, responsable del proyecto.\" decoding=\"auto\" class=\"_re lazyload a_m-h\" height=\"332\"  width=\"414\"  src=\"https:\/\/www.europesays.com\/es\/wp-content\/uploads\/2025\/09\/QLDR5WXEHFGPHN7MZ2EQ2SDX7M.jpg\" loading=\"lazy\"\/>El modo en que las distintas estancias dialogan entre s\u00ed es un sello de identidad del estudio Auquer Prats, responsable del proyecto.Carlos Chavarr\u00eda<img alt=\"Las maderas naturales dan calidez al espacio.\" decoding=\"auto\" class=\"_re lazyload a_m-v\" height=\"518\"  width=\"414\"  src=\"https:\/\/www.europesays.com\/es\/wp-content\/uploads\/2025\/09\/YVPL3JPUNFBUVDHVXZJ4DZEDZA.jpg\" loading=\"lazy\"\/>Las maderas naturales dan calidez al espacio.Carlos Chavarr\u00eda<\/p>\n<p class=\"\">\u201cLa integraci\u00f3n del hombre en el medio, y no al rev\u00e9s, es nuestra prioridad\u201d, afirman desde el estudio. \u201cPartimos siempre de lo que ya existe, como muros, caminos, senderos y tierra, y lo aprovechamos para crear lugares que favorecen la vida al aire libre y que difuminan los l\u00edmites entre interior y exterior. Tambi\u00e9n promovemos los espacios verdes productivos, fomentando la autosuficiencia y la biodiversidad con huertos, frutales y jardines aut\u00f3ctonos de bajo mantenimiento. Aplicamos estrategias de gesti\u00f3n sostenible del agua, con sistemas de recogida de aguas pluviales, estanques naturales y depuradoras biol\u00f3gicas, contribuyendo a una relaci\u00f3n m\u00e1s equilibrada entre el ser humano, su vivienda y la naturaleza\u201d, a\u00f1aden. De igual modo, experimentan con materiales aut\u00f3ctonos de gran durabilidad como la ca\u00f1a, el barro (utilizado en el mundo ib\u00e9rico y parte de la Edad Media), la piedra y las maderas locales (olivo, acacia, etc.), que duran mucho y envejecen de forma bella. Tambi\u00e9n suelen colaborar con artesanos cercanos para preservar y revitalizar los oficios tradicionales y conseguir edificios \u00fanicos y arraigados en el territorio.<\/p>\n<p class=\"\">Desarrollar una arquitectura fusionada con el entorno y respetuosa con el medio ambiente es lo suyo, en definitiva, priorizando el equilibrio entre la casa y su paisaje pero sin olvidar las necesidades humanas de las personas que viven en ella, ni mucho menos descuidar la parte est\u00e9tica: sus dise\u00f1os son funcionales y sencillamente bellos, fruto del estudio, la recuperaci\u00f3n y la reinterpretaci\u00f3n de sistemas constructivos tradicionales que aprovechan al m\u00e1ximo los recursos naturales. En el fondo, una forma sensata y reflexiva de practicar la arquitectura.<\/p>\n<p><img alt=\"El aspecto exterior de la casa es un cubo blanco que recuerda a los formulados por Le Corbusier.\" decoding=\"auto\" class=\"_re lazyload a_m-v\" height=\"518\"  width=\"414\"  src=\"https:\/\/www.europesays.com\/es\/wp-content\/uploads\/2025\/09\/5SIVHF3655EYPLTA2TO65BUAAE.jpg\" loading=\"lazy\"\/>El aspecto exterior de la casa es un cubo blanco que recuerda a los formulados por Le Corbusier.Carlos Chavarr\u00eda<img alt=\"Vistas panor\u00e1micas desde una de las estancias de la vivienda.\" decoding=\"auto\" class=\"_re lazyload a_m-h\" height=\"332\"  width=\"414\"  src=\"https:\/\/www.europesays.com\/es\/wp-content\/uploads\/2025\/09\/TCNINISLZVB2RABZHFUYEG6QBY.jpg\" loading=\"lazy\"\/>Vistas panor\u00e1micas desde una de las estancias de la vivienda.Carlos Chavarr\u00eda<\/p>\n","protected":false},"excerpt":{"rendered":"El proyecto da protagonismo al entorno y a pr\u00e1cticas sostenibles, como la horticultura.Carlos Chavarr\u00eda Fundado en 1987 por&hellip;\n","protected":false},"author":2,"featured_media":102746,"comment_status":"","ping_status":"","sticky":false,"template":"","format":"standard","meta":{"footnotes":""},"categories":[173],"tags":[801,229,233,22715,231,230,6122,232,234,3740,25012,1800,36032,146,147,25,24,1147,25723,6127,23],"class_list":{"0":"post-102745","1":"post","2":"type-post","3":"status-publish","4":"format-standard","5":"has-post-thumbnail","7":"category-arte-y-diseno","8":"tag-arquitectura","9":"tag-arte","10":"tag-arte-y-diseno","11":"tag-artesania","12":"tag-arts","13":"tag-arts-and-design","14":"tag-ceramica","15":"tag-design","16":"tag-diseno","17":"tag-diseno-arquitectura","18":"tag-diseno-industrial","19":"tag-ecologia","20":"tag-eficiencia-energetica","21":"tag-entertainment","22":"tag-entretenimiento","23":"tag-es","24":"tag-espana","25":"tag-girona","26":"tag-le-corbusier","27":"tag-madera","28":"tag-spain"},"share_on_mastodon":{"url":"","error":""},"_links":{"self":[{"href":"https:\/\/www.europesays.com\/es\/wp-json\/wp\/v2\/posts\/102745","targetHints":{"allow":["GET"]}}],"collection":[{"href":"https:\/\/www.europesays.com\/es\/wp-json\/wp\/v2\/posts"}],"about":[{"href":"https:\/\/www.europesays.com\/es\/wp-json\/wp\/v2\/types\/post"}],"author":[{"embeddable":true,"href":"https:\/\/www.europesays.com\/es\/wp-json\/wp\/v2\/users\/2"}],"replies":[{"embeddable":true,"href":"https:\/\/www.europesays.com\/es\/wp-json\/wp\/v2\/comments?post=102745"}],"version-history":[{"count":0,"href":"https:\/\/www.europesays.com\/es\/wp-json\/wp\/v2\/posts\/102745\/revisions"}],"wp:featuredmedia":[{"embeddable":true,"href":"https:\/\/www.europesays.com\/es\/wp-json\/wp\/v2\/media\/102746"}],"wp:attachment":[{"href":"https:\/\/www.europesays.com\/es\/wp-json\/wp\/v2\/media?parent=102745"}],"wp:term":[{"taxonomy":"category","embeddable":true,"href":"https:\/\/www.europesays.com\/es\/wp-json\/wp\/v2\/categories?post=102745"},{"taxonomy":"post_tag","embeddable":true,"href":"https:\/\/www.europesays.com\/es\/wp-json\/wp\/v2\/tags?post=102745"}],"curies":[{"name":"wp","href":"https:\/\/api.w.org\/{rel}","templated":true}]}}