{"id":102817,"date":"2025-09-09T06:53:07","date_gmt":"2025-09-09T06:53:07","guid":{"rendered":"https:\/\/www.europesays.com\/es\/102817\/"},"modified":"2025-09-09T06:53:07","modified_gmt":"2025-09-09T06:53:07","slug":"se-filtra-un-video-intimo-del-cantante-beele-y-la-modelo-isabella-ladera-estoy-profundamente-devastada","status":"publish","type":"post","link":"https:\/\/www.europesays.com\/es\/102817\/","title":{"rendered":"Se filtra un v\u00eddeo \u00edntimo del cantante Be\u00e9le y la modelo Isabella Ladera: \u00abEstoy profundamente devastada\u00bb"},"content":{"rendered":"<p class=\"c-paragraph\">Esc\u00e1ndalo en el mundo de la cultura latino tras la filtraci\u00f3n de un <b>v\u00eddeo \u00edntimo de la modelo venezolana Isabella Ladera y el cantante colombiano Be\u00e9le<\/b>.<\/p>\n<p class=\"c-paragraph\">Ha sido la propia influencer la que, muy afectada, ha denunciado los hechos.\u00a0\u00ab<b>Estoy profundamente devastada<\/b>. Un momento \u00edntimo y privado fue filtrado sin mi consentimiento, en un acto que representa una de las traiciones m\u00e1s crueles que he vivido\u00bb, escribe en un comunicado difundido en sus redes sociales.<\/p>\n<p class=\"c-paragraph\">Adem\u00e1s, se\u00f1ala directamente a su expareja -aunque ahora se especula con una posible reconciliaci\u00f3n-:\u00a0\u00ab<b>Ese video solo estaba en manos de dos personas: la otra persona (Be\u00e9le) y yo<\/b>. Una persona que me minti\u00f3 desde el inicio, que fue testigo de c\u00f3mo enfrentaba consecuencias dolorosas por su causa y, aun as\u00ed, nunca dio un paso al frente para protegerme\u00bb.<\/p>\n<p class=\"c-paragraph\">\u00ab<b>Hoy al verme estable y en proceso de reconstrucci\u00f3n, esa misma persona decide exponerme de la forma m\u00e1s baj<\/b>a. Este acto no solo vulnera mi privacidad, tambi\u00e9n atenta contra dignidad y ha causado inmenso dolor, no solo a m\u00ed, sino tambi\u00e9n a mi familia\u00bb, a\u00f1ade.<\/p>\n<p class=\"c-paragraph\">Adem\u00e1s, anuncia medidas legales:\u00a0\u00ab<b>Estoy tomando acciones legales<\/b> y me encuentro recibiendo asesor\u00eda para proceder por las v\u00edas correspondientes. Tampoco voy a esconderme. Tengo compromisos laborales y responsabilidades personales que demandan mi presencia en plataformas digitales, y seguir\u00e9 cumpli\u00e9ndolos\u00bb.<\/p>\n","protected":false},"excerpt":{"rendered":"Esc\u00e1ndalo en el mundo de la cultura latino tras la filtraci\u00f3n de un v\u00eddeo \u00edntimo de la modelo&hellip;\n","protected":false},"author":2,"featured_media":102818,"comment_status":"","ping_status":"","sticky":false,"template":"","format":"standard","meta":{"footnotes":""},"categories":[91],"tags":[36035,4328,146,147,25,24,36034,14230,23,2338],"class_list":{"0":"post-102817","1":"post","2":"type-post","3":"status-publish","4":"format-standard","5":"has-post-thumbnail","7":"category-entretenimiento","8":"tag-beele","9":"tag-cantante","10":"tag-entertainment","11":"tag-entretenimiento","12":"tag-es","13":"tag-espana","14":"tag-filtra","15":"tag-intimo","16":"tag-spain","17":"tag-video"},"share_on_mastodon":{"url":"","error":""},"_links":{"self":[{"href":"https:\/\/www.europesays.com\/es\/wp-json\/wp\/v2\/posts\/102817","targetHints":{"allow":["GET"]}}],"collection":[{"href":"https:\/\/www.europesays.com\/es\/wp-json\/wp\/v2\/posts"}],"about":[{"href":"https:\/\/www.europesays.com\/es\/wp-json\/wp\/v2\/types\/post"}],"author":[{"embeddable":true,"href":"https:\/\/www.europesays.com\/es\/wp-json\/wp\/v2\/users\/2"}],"replies":[{"embeddable":true,"href":"https:\/\/www.europesays.com\/es\/wp-json\/wp\/v2\/comments?post=102817"}],"version-history":[{"count":0,"href":"https:\/\/www.europesays.com\/es\/wp-json\/wp\/v2\/posts\/102817\/revisions"}],"wp:featuredmedia":[{"embeddable":true,"href":"https:\/\/www.europesays.com\/es\/wp-json\/wp\/v2\/media\/102818"}],"wp:attachment":[{"href":"https:\/\/www.europesays.com\/es\/wp-json\/wp\/v2\/media?parent=102817"}],"wp:term":[{"taxonomy":"category","embeddable":true,"href":"https:\/\/www.europesays.com\/es\/wp-json\/wp\/v2\/categories?post=102817"},{"taxonomy":"post_tag","embeddable":true,"href":"https:\/\/www.europesays.com\/es\/wp-json\/wp\/v2\/tags?post=102817"}],"curies":[{"name":"wp","href":"https:\/\/api.w.org\/{rel}","templated":true}]}}