{"id":102825,"date":"2025-09-09T07:04:04","date_gmt":"2025-09-09T07:04:04","guid":{"rendered":"https:\/\/www.europesays.com\/es\/102825\/"},"modified":"2025-09-09T07:04:04","modified_gmt":"2025-09-09T07:04:04","slug":"la-gente-lo-hace-por-una-razon","status":"publish","type":"post","link":"https:\/\/www.europesays.com\/es\/102825\/","title":{"rendered":"La gente lo hace por una raz\u00f3n"},"content":{"rendered":"\n<ul class=\"bodyList bodyList--unordered\">\n<li class=\"bodyList__item\"><a href=\"https:\/\/www.elconfidencial.com\/deportes\/ciclismo\/2025-09-07\/vuelta-a-espana-2025-asi-queda-clasificacion-general-etapa-15_4204149\/\" target=\"_self\" rel=\"nofollow noopener\">La Vuelta Espa\u00f1a 2025: as\u00ed queda la clasificaci\u00f3n general tras la etapa 15<\/a><\/li>\n<li class=\"bodyList__item\"><a href=\"https:\/\/www.elconfidencial.com\/deportes\/ciclismo\/2025-09-07\/alberto-contador-salida-juan-ayuso-equipo-uae-solucion-ambas-partes_4204051\/\" target=\"_self\" rel=\"nofollow noopener\">Alberto Contador, leyenda del ciclismo, sobre la salida de Juan Ayuso del equipo UAE: \u00abCreo que es la soluci\u00f3n para las dos partes\u00bb<\/a><\/li>\n<\/ul>\n<p> La <strong>Vuelta a Espa\u00f1a 2025<\/strong> est\u00e1 sufriendo casi en cada etapa <a href=\"https:\/\/www.elconfidencial.com\/deportes\/ciclismo\/2025-09-04\/director-israel-premier-tech-la-vuelta_4202758\/\" target=\"_self\" rel=\"nofollow noopener\">manifestaciones a favor de Palestina<\/a>. La primera se vivi\u00f3 en la<strong> contrarreloj de Figueres<\/strong>, en la que un grupo de personas bloquearon el paso al equipo de <a href=\"https:\/\/www.elconfidencial.com\/deportes\/ciclismo\/2025-09-06\/israel-la-vuelta-equipo-nombre-maillot-protestas_4203777\/\" target=\"_self\" rel=\"nofollow noopener\">Israel<\/a>. <\/p>\n<p> La segunda y m\u00e1s <a href=\"https:\/\/www.elconfidencial.com\/deportes\/ciclismo\/2025-09-03\/manifestacion-palestina-obliga-vuelta-espana-sin-ganador-etapa-12_4201731\/\" target=\"_self\" rel=\"nofollow noopener\">multitudinaria ocurri\u00f3 en Bilbao<\/a>. Ese d\u00eda tambi\u00e9n bloquearon la carretera con una pancarta que los ciclistas pudieron esquivar y la organizaci\u00f3n tuvo que dejar la<strong> <\/strong><a href=\"https:\/\/www.elconfidencial.com\/deportes\/ciclismo\/2025-09-03\/vuelta-a-espana-pidcock-pais-vasco_4201750\/\" target=\"_self\" rel=\"nofollow noopener\">etapa sin ganador<\/a> para priorizar la seguridad de los ciclistas ante una posible manifestaci\u00f3n en la l\u00ednea de meta. <\/p>\n<p> En otra jornada, un grupo de manifestantes obligaron a un <strong>grupo de fugados a perder medio minuto <\/strong>y el pasado domingo, uno de ellos provoc\u00f3 la <a href=\"https:\/\/www.elconfidencial.com\/deportes\/ciclismo\/2025-09-07\/vuelta-espana-manifestante-propalestino-javi-romo_4204121\/\" target=\"_self\" rel=\"nofollow noopener\">ca\u00edda de Javi Romo<\/a> al aparecer de repente en la carretera. <\/p>\n<p>              <img decoding=\"async\" class=\"inTextNews__img\" alt=\"Foto: director-israel-premier-tech-la-vuelta\" src=\"https:\/\/www.europesays.com\/es\/wp-content\/uploads\/2025\/09\/f.elconfidencial.com\/original\/053\/bdd\/1c8\/053bdd1c8c29aebb3f7b67b0a70b9301.jpg\"  \/>     <\/p>\n<p>TE PUEDE INTERESAR<\/p>\n<p>      <a class=\"inTextNews__title\" href=\"https:\/\/www.elconfidencial.com\/deportes\/ciclismo\/2025-09-04\/director-israel-premier-tech-la-vuelta_4202758\/\" onclick=\"window.ECCO.emit(&#039;amplitude&#039;, { dataEventName: &#039;click_related_article_module&#039;, data: { related_article_url: &#039;https:\/\/www.elconfidencial.com\/deportes\/ciclismo\/2025-09-04\/director-israel-premier-tech-la-vuelta_4202758\/&#039;, related_article_author: &#039;Alejandro Requeijo&#039;, related_article_section: &#039;ciclismo&#039; } })\" rel=\"nofollow noopener\" target=\"_blank\"> El director del Israel-Premier Tech en La Vuelta: \u00abNo nos vamos a rendir, ser\u00eda un precedente\u00bb <\/a>   <\/p>\n<p>    Alejandro Requeijo   <\/p>\n<p> Est\u00e1 siendo una<a href=\"https:\/\/www.elconfidencial.com\/deportes\/ciclismo\/2025-09-04\/rajada-oscar-freire-manifestaciones-vuelta-espana_4202077\/\" target=\"_self\" rel=\"nofollow noopener\"> situaci\u00f3n dif\u00edcil<\/a> para la organizaci\u00f3n y sobre todo para los ciclistas, que son los que m\u00e1s pueden ver expuesta su seguridad sobre la bicicleta. Sobre estos episodios se pronunci\u00f3 el <a href=\"https:\/\/www.elconfidencial.com\/deportes\/ciclismo\/2025-09-07\/vuelta-a-espana-2025-asi-queda-clasificacion-general-etapa-15_4204149\/\" target=\"_self\" rel=\"nofollow noopener\">actual l\u00edder de la Vuelta<\/a><strong> a Espa\u00f1a<\/strong>, <a href=\"https:\/\/www.elconfidencial.com\/deportes\/ciclismo\/2025-08-24\/alberto-contador-ganador-tres-veces-la-vuelta-a-espana-vingegaard-hacer-como-pogacar_4195811\/\" target=\"_self\" rel=\"nofollow noopener\">Jonas Vingegaard<\/a>. <\/p>\n<p> El dan\u00e9s habl\u00f3 para la cadena de su pa\u00eds TV2 tras acabar la etapa 15. \u00ab<strong>La gente lo hace por una raz\u00f3n. Es terrible lo que est\u00e1 pasando<\/strong>. Creo que quiz\u00e1 los que protestan quieren tener una voz, as\u00ed que quiz\u00e1 sean <strong>los medios de comunicaci\u00f3n los que deban darles esa voz<\/strong>. Quiz\u00e1 por eso lo est\u00e1n haciendo\u00bb, manifest\u00f3 el ciclista de Visma en un acto de empat\u00eda. <\/p>\n<p> El doble campe\u00f3n del Tour de Francia, a\u00f1adi\u00f3: \u00abPor supuesto, <strong>es una pena que esto tenga que suceder aqu\u00ed en carrera<\/strong>. Creo que todos pensamos lo mismo. <strong>Quiz\u00e1s est\u00e9n desesperados por encontrar un portavoz<\/strong>\u00ab. <\/p>\n","protected":false},"excerpt":{"rendered":"La Vuelta Espa\u00f1a 2025: as\u00ed queda la clasificaci\u00f3n general tras la etapa 15 Alberto Contador, leyenda del ciclismo,&hellip;\n","protected":false},"author":2,"featured_media":102826,"comment_status":"","ping_status":"","sticky":false,"template":"","format":"standard","meta":{"footnotes":""},"categories":[273],"tags":[313,312,168,25,24,23,167],"class_list":{"0":"post-102825","1":"post","2":"type-post","3":"status-publish","4":"format-standard","5":"has-post-thumbnail","7":"category-ciclismo","8":"tag-ciclismo","9":"tag-cycling","10":"tag-deportes","11":"tag-es","12":"tag-espana","13":"tag-spain","14":"tag-sports"},"share_on_mastodon":{"url":"","error":""},"_links":{"self":[{"href":"https:\/\/www.europesays.com\/es\/wp-json\/wp\/v2\/posts\/102825","targetHints":{"allow":["GET"]}}],"collection":[{"href":"https:\/\/www.europesays.com\/es\/wp-json\/wp\/v2\/posts"}],"about":[{"href":"https:\/\/www.europesays.com\/es\/wp-json\/wp\/v2\/types\/post"}],"author":[{"embeddable":true,"href":"https:\/\/www.europesays.com\/es\/wp-json\/wp\/v2\/users\/2"}],"replies":[{"embeddable":true,"href":"https:\/\/www.europesays.com\/es\/wp-json\/wp\/v2\/comments?post=102825"}],"version-history":[{"count":0,"href":"https:\/\/www.europesays.com\/es\/wp-json\/wp\/v2\/posts\/102825\/revisions"}],"wp:featuredmedia":[{"embeddable":true,"href":"https:\/\/www.europesays.com\/es\/wp-json\/wp\/v2\/media\/102826"}],"wp:attachment":[{"href":"https:\/\/www.europesays.com\/es\/wp-json\/wp\/v2\/media?parent=102825"}],"wp:term":[{"taxonomy":"category","embeddable":true,"href":"https:\/\/www.europesays.com\/es\/wp-json\/wp\/v2\/categories?post=102825"},{"taxonomy":"post_tag","embeddable":true,"href":"https:\/\/www.europesays.com\/es\/wp-json\/wp\/v2\/tags?post=102825"}],"curies":[{"name":"wp","href":"https:\/\/api.w.org\/{rel}","templated":true}]}}