{"id":102874,"date":"2025-09-09T07:35:08","date_gmt":"2025-09-09T07:35:08","guid":{"rendered":"https:\/\/www.europesays.com\/es\/102874\/"},"modified":"2025-09-09T07:35:08","modified_gmt":"2025-09-09T07:35:08","slug":"de-metallica-a-megadeth-como-dave-mustaine-fue-una-pieza-clave-en-el-destino-del-thrash-metal","status":"publish","type":"post","link":"https:\/\/www.europesays.com\/es\/102874\/","title":{"rendered":"De Metallica a Megadeth: c\u00f3mo Dave Mustaine fue una pieza clave en el destino del thrash metal"},"content":{"rendered":"<p><img alt=\"David Ellefson, exbajista de Megadeth,\" class=\"global-image\" decoding=\"async\" fetchpriority=\"high\" height=\"2581\" loading=\"eager\" src=\"https:\/\/www.europesays.com\/es\/wp-content\/uploads\/2025\/09\/JIVW5JYTLZG53IN2H4FL7P4RFI.jpg\" width=\"3872\"\/>David Ellefson, exbajista de Megadeth, revel\u00f3 el momento cr\u00edtico en el que Mustaine consider\u00f3 dejar el metal<br \/>\n(Foto Amy Harris\/Invision\/AP, archivo)<\/p>\n<p class=\"paragraph\"><a rel=\"noopener noreferrer nofollow\" href=\"https:\/\/www.infobae.com\/tag\/dave-mustaine\/\" target=\"_blank\" title=\"https:\/\/www.infobae.com\/tag\/dave-mustaine\/\"><b>Dave Mustaine<\/b><\/a>, l\u00edder de <a rel=\"noopener noreferrer nofollow\" href=\"https:\/\/www.infobae.com\/tag\/megadeth\/\" target=\"_blank\" title=\"https:\/\/www.infobae.com\/tag\/megadeth\/\"><b>Megadeth<\/b><\/a> y figura clave en la historia del <b>metal<\/b>, estuvo a un paso de abandonar la <b>m\u00fasica<\/b> tras salir abruptamente de <b>Metallica<\/b> en 1983. <\/p>\n<p class=\"paragraph\">Aquella crisis personal, marcada por el desarraigo y la frustraci\u00f3n, no solo pudo haber detenido una de las trayectorias m\u00e1s emblem\u00e1ticas del g\u00e9nero, sino que tambi\u00e9n estuvo a punto de privar al mundo de una de las bandas m\u00e1s influyentes del <b>thrash metal<\/b>. As\u00ed lo revel\u00f3 <b>David Ellefson<\/b>, exbajista y cofundador de Megadeth, en su propio podcast, seg\u00fan recogi\u00f3 RockFM.<\/p>\n<p class=\"paragraph\">La salida de <b>Mustaine<\/b> de <b>Metallica<\/b> fue abrupta y sin concesiones; el guitarrista se encontr\u00f3 de un d\u00eda para otro fuera de una banda que estaba en ascenso mete\u00f3rico. Esta ruptura forzada lo sumi\u00f3 en un periodo de profundas dudas profesionales y personales, enfrent\u00e1ndolo a la posibilidad real de dar la espalda a la m\u00fasica. <\/p>\n<p class=\"paragraph\">Durante aquellas semanas, Mustaine contempl\u00f3 seriamente abandonar su destino art\u00edstico para comenzar de cero en el \u00e1mbito de la inform\u00e1tica, una decisi\u00f3n radical que marc\u00f3 un punto de inflexi\u00f3n en su vida.<\/p>\n<p><img alt=\"El apoyo de Ellefson fue\" class=\"global-image\" decoding=\"async\" fetchpriority=\"low\" height=\"1287\" loading=\"lazy\" src=\"https:\/\/www.europesays.com\/es\/wp-content\/uploads\/2025\/09\/YSCMDGK2HBGM5C54GWV3XMP5X4.jpg\" width=\"1920\"\/>El apoyo de Ellefson fue clave para que Mustaine fundara Megadeth y redefiniera el thrash metal<br \/>\n(Foto: Instagram @DaveMustaine)<\/p>\n<p class=\"paragraph\">En ese contexto, <b>David Ellefson<\/b> conoci\u00f3 a Dave Mustaine apenas seis semanas despu\u00e9s de que este quedara fuera de <b>Metallica<\/b>. El joven bajista se encontr\u00f3 con un m\u00fasico vulnerado y pesimista, dispuesto a dejar el bajo y la guitarra, y sumergirse en un mundo completamente ajeno al creativo. <\/p>\n<p class=\"paragraph\">\u201cS\u00ed, puede que haya terminado con la m\u00fasica, puede que me dedique a la inform\u00e1tica\u201d, comparti\u00f3 Mustaine con Ellefson durante aquella conversaci\u00f3n que, con el tiempo, se volver\u00eda legendaria dentro del relato de Megadeth.<\/p>\n<p class=\"paragraph\">Frente a esa declaraci\u00f3n, la reacci\u00f3n de <b>Ellefson<\/b> fue tan franca como determinante. Convencido del talento de Mustaine y del potencial de su visi\u00f3n musical, el bajista se mostr\u00f3 tajante en su respuesta: \u201cNo, eso no es lo que vas a acabar haciendo. Esto es algo m\u00e1s grande que todos nosotros, y t\u00fa eres una especie de n\u00facleo de ello\u201d, record\u00f3 Ellefson en su podcast. <\/p>\n<p class=\"paragraph\"><b>Esta intervenci\u00f3n fue un punto de inflexi\u00f3n para el futuro de ambos<\/b>, pues sirvi\u00f3 de catalizador para que Mustaine reconsiderara sus alternativas y volviera a tomar las riendas de su carrera art\u00edstica.<\/p>\n<p><img alt=\"Ellefson tambi\u00e9n brind\u00f3 apoyo emocional\" class=\"global-image\" decoding=\"async\" fetchpriority=\"low\" height=\"1986\" loading=\"lazy\" src=\"https:\/\/www.europesays.com\/es\/wp-content\/uploads\/2025\/09\/KP56RNQVBZHRTOI6RB4Q4CZDXY.jpg\" width=\"2591\"\/>Ellefson tambi\u00e9n brind\u00f3 apoyo emocional a otros m\u00fasicos, como KK Downing de Judas Priest, en momentos de crisis<br \/>\nEFE\/STEVE C. MITCHELL \/Archivo<\/p>\n<p class=\"paragraph\">A partir de ese momento, la relaci\u00f3n de confianza entre ambos m\u00fasicos se consolid\u00f3. Pronto, el d\u00fao inici\u00f3 el desarrollo de un proyecto propio, cuya b\u00fasqueda de un sonido propio los acerc\u00f3 a los l\u00edmites m\u00e1s agresivos y t\u00e9cnicos del metal. <\/p>\n<p class=\"paragraph\"><b>As\u00ed naci\u00f3 Megadeth<\/b>, una banda que durante las d\u00e9cadas siguientes dejar\u00eda una huella imborrable en el thrash y redefinir\u00eda el panorama musical internacional.<\/p>\n<p class=\"paragraph\">El rol de acompa\u00f1amiento y apoyo de <b>Ellefson<\/b> no se limit\u00f3 a Mustaine. A lo largo de su carrera, el bajista se transform\u00f3 en un referente de respaldo emocional para otros m\u00fasicos, especialmente en momentos de transici\u00f3n o crisis. En su podcast, relat\u00f3 c\u00f3mo, a\u00f1os despu\u00e9s, se encontr\u00f3 motivando a <b>KK Downing<\/b>, exguitarrista de <b>Judas Priest<\/b>, quien atravesaba un proceso de duelo por su salida de la legendaria banda brit\u00e1nica.<\/p>\n<p class=\"paragraph\">Ellefson explic\u00f3 que, como admirador y amigo, alent\u00f3 a Downing a recuperar la confianza en su talento y regresar a los escenarios. Su mensaje fue directo: \u201cKen, ponte la guitarra. No has terminado. Vamos\u201d, relat\u00f3. Finalmente, Downing regres\u00f3 a la m\u00fasica con su proyecto <b>KK\u2019s Priest<\/b>, demostrando que el apoyo entre colegas puede resultar clave en los momentos de mayor incertidumbre.<\/p>\n<p><img alt=\"La trayectoria de Ellefson en\" class=\"global-image\" decoding=\"async\" fetchpriority=\"low\" height=\"1239\" loading=\"lazy\" src=\"https:\/\/www.europesays.com\/es\/wp-content\/uploads\/2025\/09\/BI6HHTXOWZBXTOKMSTF6WRKD3I.jpg\" width=\"1920\"\/>La trayectoria de Ellefson en Megadeth abarc\u00f3 m\u00e1s de treinta a\u00f1os y dos etapas fundamentales para la banda<br \/>\nREUTERS\/Mike Blake<\/p>\n<p class=\"paragraph\">El recorrido de <b>Ellefson<\/b> en <b>Megadeth<\/b> transcurri\u00f3 a lo largo de dos etapas, la primera desde 1983 hasta 2002 y la segunda entre 2010 y 2021. Durante m\u00e1s de treinta a\u00f1os, contribuy\u00f3 a forjar la identidad de la banda, aportando tanto al desarrollo musical como al crecimiento internacional de Megadeth. <b>Esta permanencia lo consolid\u00f3 como una de las figuras emblem\u00e1ticas del grupo y del g\u00e9nero.<\/b><\/p>\n<p class=\"paragraph\">Recientemente, Ellefson comparti\u00f3 sus impresiones respecto al anuncio de la retirada de Megadeth, que contempla un \u00faltimo disco y una gira de despedida. El bajista reconoci\u00f3 su deseo de participar en esta etapa final, aunque subray\u00f3 que la decisi\u00f3n recae en Mustaine.<\/p>\n<p class=\"paragraph\">\u201c\u00bfMe gustar\u00eda formar parte de ello? S\u00ed, por supuesto. \u00bfA qui\u00e9n no? Soy miembro fundador. Soy miembro desde hace m\u00e1s de 30 a\u00f1os. \u00bfSuceder\u00e1? \u00bfQui\u00e9n sabe? Es demasiado pronto para saberlo. No s\u00e9 lo que han planeado. No tengo ni idea. Acaban de anunciarlo\u201d, declar\u00f3 con franqueza.<\/p>\n<p><img alt=\"El bajista reflexion\u00f3 sobre la\" class=\"global-image\" decoding=\"async\" fetchpriority=\"low\" height=\"1200\" loading=\"lazy\" src=\"https:\/\/www.europesays.com\/es\/wp-content\/uploads\/2025\/09\/7DU4Q7B3GZCYBOWSDXZKZWW4GU.jpg\" width=\"1200\"\/>El bajista reflexion\u00f3 sobre la importancia de las despedidas aut\u00e9nticas en la historia del rock y el legado de las bandas<\/p>\n<p class=\"paragraph\"><b>Ellefson<\/b> tambi\u00e9n reflexion\u00f3 sobre la importancia de las <b>despedidas aut\u00e9nticas en la historia del rock<\/b>, citando como ejemplo el emblem\u00e1tico concierto \u201cBack To The Beginning\u201d de <b>Black Sabbath<\/b> en Birmingham, donde los miembros originales se reunieron para un cierre hist\u00f3rico. <\/p>\n<p class=\"paragraph\">El bajista destac\u00f3 que, aunque no todos los integrantes hist\u00f3ricos estuvieron presentes, la banda logr\u00f3 que la mayor parte de quienes marcaron el rumbo de la agrupaci\u00f3n se reencontraran ante su p\u00fablico, generando as\u00ed un cierre significativo.<\/p>\n<p class=\"paragraph\"><b>Para Ellefson, las despedidas dignas permiten que tanto los m\u00fasicos como los seguidores compartan el final de un ciclo de manera sincera y visceral.<\/b> <\/p>\n<p class=\"paragraph\">Aunque ya no forme parte de la alineaci\u00f3n actual de <b>Megadeth<\/b>, el m\u00fasico considera fundamental la posibilidad de decir adi\u00f3s junto a quienes acompa\u00f1aron el viaje durante tantos a\u00f1os, estableciendo as\u00ed un sentido de comunidad y gratitud, tanto para los artistas como para su audiencia.<\/p>\n","protected":false},"excerpt":{"rendered":"David Ellefson, exbajista de Megadeth, revel\u00f3 el momento cr\u00edtico en el que Mustaine consider\u00f3 dejar el metal (Foto&hellip;\n","protected":false},"author":2,"featured_media":102875,"comment_status":"","ping_status":"","sticky":false,"template":"","format":"standard","meta":{"footnotes":""},"categories":[170],"tags":[146,147,25,24,184,185,23],"class_list":{"0":"post-102874","1":"post","2":"type-post","3":"status-publish","4":"format-standard","5":"has-post-thumbnail","7":"category-musica","8":"tag-entertainment","9":"tag-entretenimiento","10":"tag-es","11":"tag-espana","12":"tag-music","13":"tag-musica","14":"tag-spain"},"share_on_mastodon":{"url":"","error":""},"_links":{"self":[{"href":"https:\/\/www.europesays.com\/es\/wp-json\/wp\/v2\/posts\/102874","targetHints":{"allow":["GET"]}}],"collection":[{"href":"https:\/\/www.europesays.com\/es\/wp-json\/wp\/v2\/posts"}],"about":[{"href":"https:\/\/www.europesays.com\/es\/wp-json\/wp\/v2\/types\/post"}],"author":[{"embeddable":true,"href":"https:\/\/www.europesays.com\/es\/wp-json\/wp\/v2\/users\/2"}],"replies":[{"embeddable":true,"href":"https:\/\/www.europesays.com\/es\/wp-json\/wp\/v2\/comments?post=102874"}],"version-history":[{"count":0,"href":"https:\/\/www.europesays.com\/es\/wp-json\/wp\/v2\/posts\/102874\/revisions"}],"wp:featuredmedia":[{"embeddable":true,"href":"https:\/\/www.europesays.com\/es\/wp-json\/wp\/v2\/media\/102875"}],"wp:attachment":[{"href":"https:\/\/www.europesays.com\/es\/wp-json\/wp\/v2\/media?parent=102874"}],"wp:term":[{"taxonomy":"category","embeddable":true,"href":"https:\/\/www.europesays.com\/es\/wp-json\/wp\/v2\/categories?post=102874"},{"taxonomy":"post_tag","embeddable":true,"href":"https:\/\/www.europesays.com\/es\/wp-json\/wp\/v2\/tags?post=102874"}],"curies":[{"name":"wp","href":"https:\/\/api.w.org\/{rel}","templated":true}]}}