{"id":102886,"date":"2025-09-09T07:43:07","date_gmt":"2025-09-09T07:43:07","guid":{"rendered":"https:\/\/www.europesays.com\/es\/102886\/"},"modified":"2025-09-09T07:43:07","modified_gmt":"2025-09-09T07:43:07","slug":"espana-se-situa-a-la-cabeza-de-la-presion-internacional-a-israel-las-medidas-del-gobierno-por-la-guerra-en-gaza-el-pais-expres","status":"publish","type":"post","link":"https:\/\/www.europesays.com\/es\/102886\/","title":{"rendered":"Espa\u00f1a se sit\u00faa a la cabeza de la presi\u00f3n internacional a Israel: las medidas del Gobierno por la guerra en Gaza | El PA\u00cdS Expr\u00e9s"},"content":{"rendered":"<p><img fetchpriority=\"high\" alt=\"FOTODELDIA MADRID, 08\/09\/2025.- El presidente del Gobierno, Pedro S\u00e1nchez, durante su comparecencia este lunes en el Palacio de la Moncloa para anunciar una serie de medidas contra Israel ante el &quot;genocidio&quot; en Gaza. EFE\/Moncloa\/Borja Puig de la Bellacasa -SOLO USO EDITORIAL\/SOLO DISPONIBLE PARA ILUSTRAR LA NOTICIA QUE ACOMPA\u00d1A (CR\u00c9DITO OBLIGATORIO)-&#13;&#10;\" decoding=\"auto\" class=\"_re  a_m-h\" height=\"414\"  width=\"414\"  src=\"https:\/\/www.europesays.com\/es\/wp-content\/uploads\/2025\/09\/FUMQTZWVAJHHLAAK2FSXNW6ZYU.jpg\" loading=\"eager\"\/>FOTODELDIA MADRID, 08\/09\/2025.- El presidente del Gobierno, Pedro S\u00e1nchez, durante su comparecencia este lunes en el Palacio de la Moncloa para anunciar una serie de medidas contra Israel ante el \u00abgenocidio\u00bb en Gaza. EFE\/Moncloa\/Borja Puig de la Bellacasa -SOLO USO EDITORIAL\/SOLO DISPONIBLE PARA ILUSTRAR LA NOTICIA QUE ACOMPA\u00d1A (CR\u00c9DITO OBLIGATORIO)-&#13;<br \/>\nFOTO: J.P. GANDUL (EFE)<\/p>\n<p class=\"\">El presidente del Gobierno, Pedro S\u00e1nchez, ha anunciado nueve medidas contra Israel en respuesta a la ofensiva en Gaza. <\/p>\n<ul>\n<li>Entre ellas, se incluye la aprobaci\u00f3n de un decreto ley que consolide el embargo de armas a Israel y la prohibici\u00f3n de acceder a Espa\u00f1a \u201ca quienes participen en el genocidio\u201d. <\/li>\n<li>Tambi\u00e9n se vetar\u00e1 el tr\u00e1nsito por puertos y espacio a\u00e9reo espa\u00f1ol a todos los barcos y naves que transporten materiales destinados a Israel. <\/li>\n<li>Se prohibir\u00e1 la importaci\u00f3n de productos provenientes de los asentamientos ilegales en Gaza y Cisjordania, con el objetivo de combatir estas ocupaciones. <\/li>\n<li>Y Espa\u00f1a donar\u00e1 10 millones de euros a la Agencia de la ONU para los Refugiados Palestinos.<\/li>\n<\/ul>\n<p class=\"\"><b>\u00bfPor qu\u00e9 es importante? <\/b>Espa\u00f1a ha vuelto a abanderar la subida de tono y la imposici\u00f3n de sanciones en Europa contra Israel tras ser pionera en reconocer a Palestina.<\/p>\n<ul>\n<li>El presidente ha hablado abiertamente de \u201cgenocidio\u201d.<\/li>\n<\/ul>\n<p class=\"\"><b>Israel ya ha respondido. <\/b>El ministro de Exteriores, Gideon Saar, ha acusado de \u201cantisemita\u201d y \u201ccorrupto\u201d al Gobierno de Espa\u00f1a. Adem\u00e1s, prohibi\u00f3 la entrada al pa\u00eds de la vicepresidenta y ministra de Trabajo, Yolanda D\u00edaz, y de la ministra de Juventud e Infancia, Sira Rego. <\/p>\n<p class=\"\">\u00a9Foto: J.P. Gandul (EFE)<\/p>\n<p class=\"\"><a href=\"https:\/\/elpais.com\/espana\/2025-09-09\/el-gobierno-pone-a-espana-a-la-cabeza-de-la-presion-a-israel-por-el-genocidio-de-gaza.html\" target=\"_self\" rel=\"nofollow noopener\" title=\"https:\/\/elpais.com\/espana\/2025-09-09\/el-gobierno-pone-a-espana-a-la-cabeza-de-la-presion-a-israel-por-el-genocidio-de-gaza.html\">Si quieres saber m\u00e1s, puedes leer aqu\u00ed<\/a>.<\/p>\n","protected":false},"excerpt":{"rendered":"FOTODELDIA MADRID, 08\/09\/2025.- El presidente del Gobierno, Pedro S\u00e1nchez, durante su comparecencia este lunes en el Palacio de&hellip;\n","protected":false},"author":2,"featured_media":102887,"comment_status":"","ping_status":"","sticky":false,"template":"","format":"standard","meta":{"footnotes":""},"categories":[8],"tags":[13241,17,18,68,25,24,13,14,73,69,75,11,74,19,20,9,10,15,16,76,36051,23,12,21,22],"class_list":{"0":"post-102886","1":"post","2":"type-post","3":"status-publish","4":"format-standard","5":"has-post-thumbnail","7":"category-espana","8":"tag-benjamin-netanyahu","9":"tag-breaking-news","10":"tag-breakingnews","11":"tag-conflicto-arabe-israeli","12":"tag-es","13":"tag-espana","14":"tag-featured-news","15":"tag-featurednews","16":"tag-franja-gaza","17":"tag-guerra","18":"tag-hamas","19":"tag-headlines","20":"tag-israel","21":"tag-latest-news","22":"tag-latestnews","23":"tag-news","24":"tag-noticias","25":"tag-noticias-destacadas","26":"tag-noticiasdestacadas","27":"tag-palestina","28":"tag-pedro-sanchez-aleman","29":"tag-spain","30":"tag-titulares","31":"tag-ultimas-noticias","32":"tag-ultimasnoticias"},"share_on_mastodon":{"url":"","error":""},"_links":{"self":[{"href":"https:\/\/www.europesays.com\/es\/wp-json\/wp\/v2\/posts\/102886","targetHints":{"allow":["GET"]}}],"collection":[{"href":"https:\/\/www.europesays.com\/es\/wp-json\/wp\/v2\/posts"}],"about":[{"href":"https:\/\/www.europesays.com\/es\/wp-json\/wp\/v2\/types\/post"}],"author":[{"embeddable":true,"href":"https:\/\/www.europesays.com\/es\/wp-json\/wp\/v2\/users\/2"}],"replies":[{"embeddable":true,"href":"https:\/\/www.europesays.com\/es\/wp-json\/wp\/v2\/comments?post=102886"}],"version-history":[{"count":0,"href":"https:\/\/www.europesays.com\/es\/wp-json\/wp\/v2\/posts\/102886\/revisions"}],"wp:featuredmedia":[{"embeddable":true,"href":"https:\/\/www.europesays.com\/es\/wp-json\/wp\/v2\/media\/102887"}],"wp:attachment":[{"href":"https:\/\/www.europesays.com\/es\/wp-json\/wp\/v2\/media?parent=102886"}],"wp:term":[{"taxonomy":"category","embeddable":true,"href":"https:\/\/www.europesays.com\/es\/wp-json\/wp\/v2\/categories?post=102886"},{"taxonomy":"post_tag","embeddable":true,"href":"https:\/\/www.europesays.com\/es\/wp-json\/wp\/v2\/tags?post=102886"}],"curies":[{"name":"wp","href":"https:\/\/api.w.org\/{rel}","templated":true}]}}