{"id":102892,"date":"2025-09-09T07:47:05","date_gmt":"2025-09-09T07:47:05","guid":{"rendered":"https:\/\/www.europesays.com\/es\/102892\/"},"modified":"2025-09-09T07:47:05","modified_gmt":"2025-09-09T07:47:05","slug":"volkanovski-vuelve-a-recordar-el-ko-de-ilia-topuria-me-dejo-roncando","status":"publish","type":"post","link":"https:\/\/www.europesays.com\/es\/102892\/","title":{"rendered":"Volkanovski vuelve a recordar el KO de Ilia Topuria: \u00abMe dej\u00f3 roncando\u00bb"},"content":{"rendered":"<p><b>El legado de Ilia Topuria ser\u00e1 recordado para siempre dentro de la UFC<\/b>. Cuatro a\u00f1os dentro de la compa\u00f1\u00eda bastaron para que el hispano-georgiano tuviera la oportunidad de alzarse como campe\u00f3n del peso pluma.<\/p>\n<p>Una oportunidad que no desaprovech\u00f3, puesto que <a title=\"el 18 de febrero de 2024 Topuria logr\u00f3 una de las victorias m\u00e1s importantes de su carrera\" href=\"https:\/\/www.larazon.es\/deportes\/asi-ganado-ilia-topuria-cinturon-ufc-volkanovski_2024021865d19dd1344c980001aa2f2a.html\" target=\"_blank\" rel=\"nofollow noopener\">el 18 de febrero de 2024 Topuria logr\u00f3 una de las victorias m\u00e1s importantes de su carrera<\/a>. Con todo en su contra, <b>&#8216;El Matador&#8217; venci\u00f3 a Alexander Volkanovski<\/b>, uno de los mejores en la historia de la divisi\u00f3n, tras un nocaut fulminante en el segundo asalto.<\/p>\n<p>Desde entonces, su figura ha cambiado por completo, y tanto la UFC como los propios peleadores han mostrado un respeto digno de leyenda. Todos comenzaron a reconocer el tipo de luchador que es, al tiempo que sigui\u00f3 haciendo historia.<\/p>\n<p>Como primera defensa del cintur\u00f3n, <b>Max Holloway fue el candidato<\/b>. Sin embargo, ni los mejores luchadores del peso pluma fueron capaces de vencerle. En este caso, <b>el estadounidense cay\u00f3 derrotado por nocaut en el tercer asalto<\/b> e Ilia Topuria se convert\u00eda en uno de los luchadores m\u00e1s peligrosos de la empresa. Y tras ello, comenz\u00f3 su camino en el peso ligero, <a title=\"donde logr\u00f3 acabar con Charles Oliveira para coronarse como doble campe\u00f3n de la UFC\" href=\"https:\/\/www.larazon.es\/deportes\/ilia-topuria-charles-oliveira-directo-hoy-combate-ufc-317-peso-ligero_20250629685fb3c4f190537b73a7ae59.html\" target=\"_blank\" rel=\"nofollow noopener\">donde logr\u00f3 acabar con Charles Oliveira para coronarse como doble campe\u00f3n de la UFC<\/a>, a pesar de haber tenido que dejar vacante el cintur\u00f3n de las 145 libras.<\/p>\n<p>Ahora, m\u00e1s de un a\u00f1o despu\u00e9s, la primera gran prueba en el camino de Topuria, Alexander Volkanovski, <b>ha vuelto a rememorar lo sucedido aquel mes de febrero<\/b>.<\/p>\n<p>Volkanovski no olvida el KO de Topuria<\/p>\n<p>La primera derrota de Alexander Volkanovski en el peso pluma vino de la mano de Ilia Topuria. El australiano, que hab\u00eda sido derrotado en el peso ligero por Islam Makhachev tras una tremenda patada a la cabeza, <b>cog\u00eda la pelea con el hispano-georgiano tres meses despu\u00e9s de su dura ca\u00edda<\/b>.<\/p>\n<p>Y ahora, un a\u00f1o despu\u00e9s de aquello, &#8216;The Great&#8217; ha vuelto a hablar de la pelea. Durante una entrevista para &#8216;The Unscripted Show&#8217;, Volkanovski ha asegurado que el nocaut de Ilia fue muy duro. \u00abObviamente Ilia puede pegar muy duro, lo hemos comprobado. <b>Nunca he estado completamente desconectado de esa manera, estuve apagado durante un par de minutos. Una conexi\u00f3n limpia&#8230; me dej\u00f3 roncando<\/b>\u00ab.<\/p>\n<p>Topuria rechaza una revancha con Volkanovski<\/p>\n<p>Tras la gran victoria de Ilia sobre el australiano, el camino de ambos se separ\u00f3 por completo, Topuria ascendi\u00f3 al peso ligero en busca de nuevos retos, mientras que <b>Volkanovski busc\u00f3 su redenci\u00f3n y logr\u00f3 coronarse de nuevo como campe\u00f3n de las 145 libras.<\/b><\/p>\n<p>Sin embargo, una posible revancha sigue resonando entre los aficionados. Pero el hispano-georgiano lo tiene claro. Ante las posibles dudas, Ilia ha dejado claro que no volver\u00e1 a pelear con &#8216;Volk&#8217;. As\u00ed lo confirm\u00f3 en la rueda de prensa tras su victoria a Charles Oliveira, cuando fue preguntado si volver\u00eda a pelear con \u00e9l.<\/p>\n<p>\u00ab<b>No, no, no, no. No queremos hacerle eso a Volk<\/b>\u00ab, aseguraba.<\/p>\n<p>El futuro de Alexander Volkanovski<\/p>\n<p>Tras vivir lo m\u00e1s duro del deporte, Alexander Volkanovski se repuso de todo lo negativo y volvi\u00f3 a reinar la divisi\u00f3n. En abril de 2025, <b>el australiano venci\u00f3 a Diego Lopes <\/b>por decisi\u00f3n un\u00e1nime y recuper\u00f3 el t\u00edtulo.<\/p>\n<p>Y ahora, su camino en la divisi\u00f3n sigue firme. Seg\u00fan las diversas informaciones, <b>se enfrentar\u00e1 a Lerone Murphy en la que ser\u00e1 su vuelta a una defensa del cintur\u00f3n<\/b>. El brit\u00e1nico, n\u00famero cuatro de la divisi\u00f3n, pondr\u00e1 a prueba si hay Volkanovski para rato o, de lo contrario, si su tiempo como campe\u00f3n ha acabado.<\/p>\n","protected":false},"excerpt":{"rendered":"El legado de Ilia Topuria ser\u00e1 recordado para siempre dentro de la UFC. Cuatro a\u00f1os dentro de la&hellip;\n","protected":false},"author":2,"featured_media":102893,"comment_status":"","ping_status":"","sticky":false,"template":"","format":"standard","meta":{"footnotes":""},"categories":[276],"tags":[168,25,24,23,167,343],"class_list":{"0":"post-102892","1":"post","2":"type-post","3":"status-publish","4":"format-standard","5":"has-post-thumbnail","7":"category-ufc","8":"tag-deportes","9":"tag-es","10":"tag-espana","11":"tag-spain","12":"tag-sports","13":"tag-ufc"},"share_on_mastodon":{"url":"","error":""},"_links":{"self":[{"href":"https:\/\/www.europesays.com\/es\/wp-json\/wp\/v2\/posts\/102892","targetHints":{"allow":["GET"]}}],"collection":[{"href":"https:\/\/www.europesays.com\/es\/wp-json\/wp\/v2\/posts"}],"about":[{"href":"https:\/\/www.europesays.com\/es\/wp-json\/wp\/v2\/types\/post"}],"author":[{"embeddable":true,"href":"https:\/\/www.europesays.com\/es\/wp-json\/wp\/v2\/users\/2"}],"replies":[{"embeddable":true,"href":"https:\/\/www.europesays.com\/es\/wp-json\/wp\/v2\/comments?post=102892"}],"version-history":[{"count":0,"href":"https:\/\/www.europesays.com\/es\/wp-json\/wp\/v2\/posts\/102892\/revisions"}],"wp:featuredmedia":[{"embeddable":true,"href":"https:\/\/www.europesays.com\/es\/wp-json\/wp\/v2\/media\/102893"}],"wp:attachment":[{"href":"https:\/\/www.europesays.com\/es\/wp-json\/wp\/v2\/media?parent=102892"}],"wp:term":[{"taxonomy":"category","embeddable":true,"href":"https:\/\/www.europesays.com\/es\/wp-json\/wp\/v2\/categories?post=102892"},{"taxonomy":"post_tag","embeddable":true,"href":"https:\/\/www.europesays.com\/es\/wp-json\/wp\/v2\/tags?post=102892"}],"curies":[{"name":"wp","href":"https:\/\/api.w.org\/{rel}","templated":true}]}}