{"id":102894,"date":"2025-09-09T07:48:03","date_gmt":"2025-09-09T07:48:03","guid":{"rendered":"https:\/\/www.europesays.com\/es\/102894\/"},"modified":"2025-09-09T07:48:03","modified_gmt":"2025-09-09T07:48:03","slug":"ignacio-martinez-vence-en-el-campo-de-golf-de-valderrey","status":"publish","type":"post","link":"https:\/\/www.europesays.com\/es\/102894\/","title":{"rendered":"Ignacio Mart\u00ednez vence en el campo de golf de Valderrey"},"content":{"rendered":"<p class=\"ft-text\"><strong>El campo de Golf Valderrey retom\u00f3 la competici\u00f3n<\/strong> con el inicio de la segunda parte del calendario deportivo 2025 y lo hizo con un torneo liderado por <strong>Ignacio Mart\u00ednez Madrigal <\/strong>y en el que el nivel de los jugadores estaba garantizado. Fue, sin duda, un esperado regreso despu\u00e9s del descanso estival en el que se cont\u00f3 con la colaboraci\u00f3n de Exquisiteza, con el reto de dar una buena promoci\u00f3n y ensalzar los productos de la tierra.<\/p>\n<p class=\"ft-text\">En el plano deportivo, el campe\u00f3n en la modalidad de scratch fue Ignacio Mart\u00ednez Madrigal, con 33 puntos brutos, mientras que la Primera categor\u00eda HCP estuvo liderada por Francisco Javier Pizarro Maderal y Pedro Piedra Rodr\u00edguez, empatados a 37 puntos. En segunda categor\u00eda, los m\u00e1s destacados de la clasificaci\u00f3n final fueron Adri\u00e1n de la Fuente Monje, con 41 puntos, y C\u00e9sar Mart\u00ednez Santiago, con 40. Adem\u00e1s, Juan Conde fue el ganador del premio especial Approach del hoyo 1 con una distancia de 0,42 m, distancia de la bola al hoyo con la que consigui\u00f3 hacer un \u00abbirdie\u00bb.<\/p>\n<p>Escuela para ni\u00f1os y adultos desde octubre<\/p>\n<p class=\"ft-text\">Por otro lado, el campo de golf Valderrey ya est\u00e1 preparando el inicio de su Escuela de Golf para este curso, que arrancar\u00e1 a partir del mes de octubre. El programa incluye escuela infantil y escuela de adultos, ofreciendo a ni\u00f1os y mayores la oportunidad de iniciarse en este deporte o perfeccionar su t\u00e9cnica en un entorno cercano y profesional. Desde el club se anima a todas las personas interesadas a inscribirse y formar parte de esta experiencia deportiva y formativa.<\/p>\n<p class=\"ft-text\">Se conf\u00eda en que haya una buena respuesta de los aficionados y que el n\u00famero de socios y jugadores habituales vaya en aumento.<\/p>\n","protected":false},"excerpt":{"rendered":"El campo de Golf Valderrey retom\u00f3 la competici\u00f3n con el inicio de la segunda parte del calendario deportivo&hellip;\n","protected":false},"author":2,"featured_media":102895,"comment_status":"","ping_status":"","sticky":false,"template":"","format":"standard","meta":{"footnotes":""},"categories":[275],"tags":[5716,168,25,24,329,10619,825,2932,23,167,36052,5146],"class_list":{"0":"post-102894","1":"post","2":"type-post","3":"status-publish","4":"format-standard","5":"has-post-thumbnail","7":"category-golf","8":"tag-campo","9":"tag-deportes","10":"tag-es","11":"tag-espana","12":"tag-golf","13":"tag-ignacio","14":"tag-martinez","15":"tag-ninos","16":"tag-spain","17":"tag-sports","18":"tag-valderrey","19":"tag-vence"},"share_on_mastodon":{"url":"","error":""},"_links":{"self":[{"href":"https:\/\/www.europesays.com\/es\/wp-json\/wp\/v2\/posts\/102894","targetHints":{"allow":["GET"]}}],"collection":[{"href":"https:\/\/www.europesays.com\/es\/wp-json\/wp\/v2\/posts"}],"about":[{"href":"https:\/\/www.europesays.com\/es\/wp-json\/wp\/v2\/types\/post"}],"author":[{"embeddable":true,"href":"https:\/\/www.europesays.com\/es\/wp-json\/wp\/v2\/users\/2"}],"replies":[{"embeddable":true,"href":"https:\/\/www.europesays.com\/es\/wp-json\/wp\/v2\/comments?post=102894"}],"version-history":[{"count":0,"href":"https:\/\/www.europesays.com\/es\/wp-json\/wp\/v2\/posts\/102894\/revisions"}],"wp:featuredmedia":[{"embeddable":true,"href":"https:\/\/www.europesays.com\/es\/wp-json\/wp\/v2\/media\/102895"}],"wp:attachment":[{"href":"https:\/\/www.europesays.com\/es\/wp-json\/wp\/v2\/media?parent=102894"}],"wp:term":[{"taxonomy":"category","embeddable":true,"href":"https:\/\/www.europesays.com\/es\/wp-json\/wp\/v2\/categories?post=102894"},{"taxonomy":"post_tag","embeddable":true,"href":"https:\/\/www.europesays.com\/es\/wp-json\/wp\/v2\/tags?post=102894"}],"curies":[{"name":"wp","href":"https:\/\/api.w.org\/{rel}","templated":true}]}}