{"id":102904,"date":"2025-09-09T07:54:12","date_gmt":"2025-09-09T07:54:12","guid":{"rendered":"https:\/\/www.europesays.com\/es\/102904\/"},"modified":"2025-09-09T07:54:12","modified_gmt":"2025-09-09T07:54:12","slug":"la-nueva-vida-y-los-grandes-cambios-de-la-hija-de-la-infanta-elena","status":"publish","type":"post","link":"https:\/\/www.europesays.com\/es\/102904\/","title":{"rendered":"la nueva vida y los grandes cambios de la hija de la infanta Elena"},"content":{"rendered":"<p id=\"ezD9fv8dQX\" data-wc=\"86\"><strong>Victoria de Marichalar\u00a0<\/strong>cumple hoy, 9 de septiembre, 25 a\u00f1os, una cifra que marca el inicio de una nueva etapa llena de importantes cambios en su vida y nuevas oportunidades. Si el a\u00f1o pasado la ve\u00edamos soplar las velas concediendo con <a class=\"hm-link\" href=\"https:\/\/www.hola.com\/actualidad\/20240909717319\/victoria-marichalar-hormiguero-confesiones\/\" data-mrf-recirculation=\"article-body-link\" rel=\"nofollow noopener\" target=\"_blank\">su primera entrevista en televisi\u00f3n en El Hormiguero<\/a>\u00a0como concursante de\u00a0El Desaf\u00edo, esta vez la hija de la infanta Elena y Jaime de Marichalar afronta una nueva vuelta al sol con mucha ilusi\u00f3n, pero tras<strong>\u00a0la ruptura reciente de su noviazgo con Borja Moreno.\u00a0<\/strong><\/p>\n<p> <img src=\"https:\/\/www.europesays.com\/es\/wp-content\/uploads\/2025\/09\/7e68f6aab876-victoria-de-marichalar.jpg\"   width=\"1080\" height=\"1800\" loading=\"lazy\" decoding=\"async\" alt=\"Plano medio de Victoria de Marichalar con sombra de ojos marr\u00f3n chocolate en la fiesta de Rabat\" fetchpriority=\"auto\" class=\"image ho-image\"\/>\u00a9 @vicmabor<\/p>\n<p id=\"eW-OQcqQLuf\" data-wc=\"61\">La sobrina del rey Felipe VI y su novio hace ya unas semanas que <strong>pusieron fin a su relaci\u00f3n<\/strong><strong>.\u00a0<\/strong>La pareja <strong>d<\/strong><strong>ecidi\u00f3 darse un tiempo a principios de julio<\/strong> y lo<strong>s dos se tomaron el verano para pensar<\/strong>, haciendo planes cada uno por su lado, aunque sin que hubiera habido terceras personas de por medio. Pero no lograron superar su crisis. \u00a0<\/p>\n<p> <img src=\"https:\/\/www.europesays.com\/es\/wp-content\/uploads\/2025\/09\/79ad2f059da0-europapress6693334borjamorenovictoriafedericamarichalarmutuamadridopen.jpg\"   width=\"1024\" height=\"682\" loading=\"lazy\" decoding=\"async\" alt=\"Borja Moreno y Victoria Federica de Marichalar \" fetchpriority=\"auto\" class=\"image ho-image\"\/>\u00a9 Europa Press<\/p>\n<p id=\"eE9NPocJSPb\" data-wc=\"96\">Llevaban juntos casi un a\u00f1o. La nieta del rey Juan Carlos y el director de relaciones p\u00fablicas y <a class=\"hm-link\" href=\"https:\/\/www.hola.com\/actualidad\/20250514831915\/borja-moreno-victoria-de-marichalar-primeras-palabras\/\" data-mrf-recirculation=\"article-body-link\" rel=\"nofollow noopener\" target=\"_blank\">descendiente de una dinast\u00eda con mucha historia, l<\/a><strong>os Oriol Urquijo<\/strong> -es bisnieto del marqu\u00e9s de Casa Oriol, alcalde de Bilbao, fundador de la empresa ferroviaria Talgo y presidente de Hidroel\u00e9ctrica Espa\u00f1ola y tataranieto de Lucas Urquijo Urrutia, importante banquero vasco que cofund\u00f3 Hidroel\u00e9ctrica Espa\u00f1ola \u00a0(hoy Iberdrola)-, se conocieron en verano de 2024 en Sotogrande, la urbanizaci\u00f3n gaditana donde Victoria suele pasar los veranos con su padre, don Jaime, y Borja trabaja en Trocadero, el famoso grupo de restauraci\u00f3n.\u00a0<\/p>\n<p id=\"e_CgO0Sz28k\" data-wc=\"86\">Su relaci\u00f3n no sali\u00f3 a la luz hasta finales de a\u00f1o y con la llegada de la primavera <strong>dieron indicios de que su historia de amor iba en serio<\/strong>. Seg\u00fan public\u00f3 \u00a1HOLA!, en Semana Santa acudieron a las procesiones de M\u00e1laga \u2014Vic fue la encargada de tocar la campana de la salida del Cristo del Amor\u2014 y disfrutaron de unos d\u00edas en Sotogrande. <a class=\"hm-link\" href=\"https:\/\/www.hola.com\/actualidad\/20250503829926\/victoria-federica-borja-moreno-mutua-madrid-open-tini-stoessel-miguel-bernardeau-greta-fernandez\/\" data-mrf-recirculation=\"article-body-link\" rel=\"nofollow noopener\" target=\"_blank\">Despu\u00e9s se dejaron ver en el Madrid Mutua Open de Tenis y, en mayo, acudieron a la Plaza de Toros de Las Ventas.<\/a>\u00a0<\/p>\n<p> <img src=\"https:\/\/www.europesays.com\/es\/wp-content\/uploads\/2025\/09\/37cb8b95d5a2-dlu581975003.jpg\"   width=\"1024\" height=\"682\" loading=\"lazy\" decoding=\"async\" alt=\"Victoria de Marichalar y Borja Moreno en la Feria de San Isidro 2025\" fetchpriority=\"auto\" class=\"image ho-image\"\/>\u00a9 GTRES<\/p>\n<p id=\"eETx4-UlmHy\" data-wc=\"109\">Pero lleg\u00f3 el verano y sus caminos se separaron. Seg\u00fan revelan fuentes de su entorno: \u00ab<strong>Tienen personalidades y vidas muy diferentes.\u00a0<\/strong> Victoria vive delante de una c\u00e1mara. Es su trabajo. Y Borja huye de la fama\u00bb. \u00a0Para la hija de la infanta Elena, la moda es su vocaci\u00f3n, su sue\u00f1o, y sabe que para dedicarse a ello hay que estar bajo los focos. Y es que, en apenas unos a\u00f1os, se ha consolidado como una de las influencers espa\u00f1olas m\u00e1s solicitadas y un icono de estilo para la generaci\u00f3n Z. En cada aparici\u00f3n, despliega una elegancia y sofisticaci\u00f3n que la convierten en<a class=\"hm-link\" href=\"https:\/\/www.hola.com\/fashion\/tendencias\/20250221815676\/victoria-de-marichalar-chaqueta-flores-pantalon-blanco-look-invitada-madrid\/\" data-mrf-recirculation=\"article-body-link\" rel=\"nofollow noopener\" target=\"_blank\">\u00a0la invitada m\u00e1s estilosa de cualquier evento.<\/a><\/p>\n<p> <img src=\"https:\/\/www.europesays.com\/es\/wp-content\/uploads\/2025\/09\/92351bbcbd4b-victoria-ig3.jpg\"   width=\"819\" height=\"1024\" loading=\"lazy\" decoding=\"async\" alt=\"Victoria de Marichalar \" fetchpriority=\"auto\" class=\"image ho-image\"\/>\u00a9 vicmabor<\/p>\n<p> <img src=\"https:\/\/www.europesays.com\/es\/wp-content\/uploads\/2025\/09\/1476844b86fd-520035045185206896160546084324354368001813311n.jpg\"   width=\"575\" height=\"1024\" loading=\"lazy\" decoding=\"async\" alt=\"Victoria de Marichalar\" fetchpriority=\"auto\" class=\"image ho-image\"\/>\u00a9 vicmabor<\/p>\n<p id=\"ep38IeUneyi\" data-wc=\"63\">Hace tiempo <strong>abri\u00f3 su cuenta de Instagram, consciente de la responsabilidad que supone<\/strong> compartir contenido en las redes sociales. \u00abAbrir mi Instagram ha normalizado algo que, hasta ese momento, no era posible, con todos los beneficios y miedos que eso supon\u00eda. Adem\u00e1s de ser una herramienta de trabajo, intento siempre hacerlo de la manera m\u00e1s natural posible\u00bb, contaba en las p\u00e1ginas de \u00a1HOLA!\u00a0<\/p>\n<p id=\"e11--YzyGR\" data-wc=\"69\">Y a\u00f1adi\u00f3 entonces lo que opinaban sus seres queridos sobre su debut en la gran pantalla como concursante estrella en El desaf\u00edo. \u00ab<strong>Mi familia, y en especial mi abuelo, me ha apoyado desde el principio y ha confiado en m\u00ed.\u00a0<\/strong>\u00c9l me dijo que no me olvidara nunca de qui\u00e9n soy, de lo que represento, y que tratara de hacerlo de la mejor manera posible. Le estoy muy agradecida\u00bb.<\/p>\n<p> <img src=\"https:\/\/www.europesays.com\/es\/wp-content\/uploads\/2025\/09\/ed500c69f57e-dlu583567021.jpg\"   width=\"673\" height=\"1024\" loading=\"lazy\" decoding=\"async\" alt=\"Victoria de Marichalar\" fetchpriority=\"auto\" class=\"image ho-image\"\/>\u00a9 GTRES<\/p>\n<p> <img src=\"https:\/\/www.europesays.com\/es\/wp-content\/uploads\/2025\/09\/9257b11f1e21-gettyimages-683731892.jpg\"   width=\"1024\" height=\"777\" loading=\"lazy\" decoding=\"async\" alt=\"Media Image\" fetchpriority=\"auto\" class=\"image ho-image\"\/>\u00a9 Getty Images<\/p>\n<p> <img src=\"https:\/\/www.europesays.com\/es\/wp-content\/uploads\/2025\/09\/528ff77d35ee-dlu571168031.jpg\"   width=\"1024\" height=\"682\" loading=\"lazy\" decoding=\"async\" alt=\"Victoria de Marichalar con chaleco de doble faz de Zara\" fetchpriority=\"auto\" class=\"image ho-image\"\/>\u00a9 GTRES<\/p>\n<p id=\"eTF7DVluOdO\" data-wc=\"138\">Para Victoria, las redes no son solo una herramienta de trabajo, tambi\u00e9n un espacio para compartir sus gustos e inquietudes. Gracias a ellas tambi\u00e9n hemos podido <strong>descubrir una parte m\u00e1s \u00edntima y familiar de la hija de Jaime de Marichalar<\/strong>. Visita a su abuelo, el rey Juan Carlos, cada vez que puede, a do\u00f1a Sof\u00eda, a la infanta Elena y a su hermano Felipe, con quien est\u00e1 muy unida y comparte c\u00edrculo de amistades. El pasado 17 de julio <strong>felicitaba a su hermano,<\/strong> al que considera uno de los pilares fundamentales de su vida y a quien echa mucho de menos en su d\u00eda a d\u00eda desde que en febrero de 2023 \u00e9l se mud\u00f3 a Abu Dabi. \u00abHoy es el cumplea\u00f1os de esta personita. Te quiero con locura. Happy 27\u00bb, se\u00f1alaba junto a<a class=\"hm-link\" href=\"https:\/\/www.hola.com\/actualidad\/20250717844980\/victoria-federica-felicita-hermano-froilan-cumple-27\/\" data-mrf-recirculation=\"article-body-link\" rel=\"nofollow noopener\" target=\"_blank\">\u00a0dos fotos familiares in\u00e9ditas.<\/a><\/p>\n<p> <img src=\"https:\/\/www.europesays.com\/es\/wp-content\/uploads\/2025\/09\/d029ac421d40-vic.jpg\"   width=\"1024\" height=\"580\" loading=\"lazy\" decoding=\"async\" alt=\"Victoria de Marichalar\" fetchpriority=\"auto\" class=\"image ho-image\"\/>\u00a9 GTRES<\/p>\n<p id=\"eY_0U47uTWt\" data-wc=\"81\">Junto a Felipe de Marichalar ha disfrutado de unas<strong data-gid=\"e9CUHivVufr\">\u00a0<\/strong>vacaciones en Tarifa, al igual que lo ha hecho con <a class=\"hm-link\" href=\"https:\/\/www.hola.com\/actualidad\/20250828852607\/victoria-federica-moto-acuatica-amiga\/\" data-mrf-recirculation=\"article-body-link\" rel=\"nofollow noopener\" target=\"_blank\">su inseparable c\u00edrculo de amigos<\/a>, entre ellas <a class=\"hm-link\" href=\"https:\/\/www.hola.com\/fashion\/tendencias\/20250819850850\/victoria-federica-bikini-naranja-bronceado-rocio-laffon\/\" data-mrf-recirculation=\"article-body-link\" rel=\"nofollow noopener\" target=\"_blank\">Roc\u00edo Laffon,<\/a>\u00a0 a la que considera una hermana, tal y como confes\u00f3 en una de sus \u00faltimas entrevistas para la revista \u00a1HOLA! \u00ab\u2018Rochi es alguien en quien puedo confiar incondicionalmente y que siempre est\u00e1 a mi lado, brind\u00e1ndome apoyo y alegr\u00eda en cada momento de mi vida\u00bb, nos contaba la hija de la infanta Elena.\u00a0<\/p>\n<p id=\"eDQNcuNzlZy\" data-wc=\"67\">Hace unos d\u00edas acud\u00edan juntas a Pedraza para visitar el restaurante de Samantha Vallejo-N\u00e1gera, casa Taberna, y pr\u00f3ximamente aparecer\u00e1n juntas en el programa de televisi\u00f3n <a class=\"hm-link\" href=\"https:\/\/www.hola.com\/actualidad\/20250902853479\/joaquin-y-su-mujer-susana-saborido-hablan-sobre-su-relacion\/\" data-mrf-recirculation=\"article-body-link\" rel=\"nofollow noopener\" target=\"_blank\">Emparejados, presentado por <strong>Joaqu\u00edn S\u00e1nchez\u00a0<\/strong>y <strong>Susana Saborido<\/strong><\/a>. Tras su debut en El Desaf\u00edo, la hija de la infanta Elena vuelve a ponerse delante de las c\u00e1maras para convertir este episodio en uno de los m\u00e1s vistos y comentados de la temporada.\u00a0<\/p>\n<p> <img src=\"https:\/\/www.europesays.com\/es\/wp-content\/uploads\/2025\/09\/ae22d918a20b-el-jurado-sin-palabras-solo-puede-aplaudir-la-actuacin-de-vicmabor-eldesaf.jpg\"   width=\"1024\" height=\"682\" loading=\"lazy\" decoding=\"async\" alt=\"Victoria de Marichalar El Desaf\u00edo\" fetchpriority=\"auto\" class=\"image ho-image\"\/>\u00a9 eldesafioa3<\/p>\n<p> <img src=\"https:\/\/www.europesays.com\/es\/wp-content\/uploads\/2025\/09\/7072f54c56d9-victoria-marichalar-ig2.jpg\"   width=\"1024\" height=\"768\" loading=\"lazy\" decoding=\"async\" alt=\"Victoria de Marichalar y Roc\u00edo Laffon, dos buenas amigas\" fetchpriority=\"auto\" class=\"image ho-image\"\/>\u00a9 vicmabor<\/p>\n<p id=\"edgPgRJlkxE\" data-wc=\"48\">As\u00ed,<strong>\u00a0con la mirada puesta en el futuro y el coraz\u00f3n lleno de nuevas ilusiones<\/strong>, Victoria de Marichalar celebra su 25 cumplea\u00f1os<strong>\u00a0rodeada del cari\u00f1o de su familia y amigos<\/strong>, y consolidando su camino como una joven referente de estilo y personalidad con infinidad de sue\u00f1os por cumplir.<\/p>\n","protected":false},"excerpt":{"rendered":"Victoria de Marichalar\u00a0cumple hoy, 9 de septiembre, 25 a\u00f1os, una cifra que marca el inicio de una nueva&hellip;\n","protected":false},"author":2,"featured_media":102905,"comment_status":"","ping_status":"","sticky":false,"template":"","format":"standard","meta":{"footnotes":""},"categories":[174],"tags":[517,255,146,147,25,24,256,23,29371],"class_list":{"0":"post-102904","1":"post","2":"type-post","3":"status-publish","4":"format-standard","5":"has-post-thumbnail","7":"category-famosos","8":"tag-actualidad","9":"tag-celebrities","10":"tag-entertainment","11":"tag-entretenimiento","12":"tag-es","13":"tag-espana","14":"tag-famosos","15":"tag-spain","16":"tag-victoria-de-marichalar"},"share_on_mastodon":{"url":"","error":""},"_links":{"self":[{"href":"https:\/\/www.europesays.com\/es\/wp-json\/wp\/v2\/posts\/102904","targetHints":{"allow":["GET"]}}],"collection":[{"href":"https:\/\/www.europesays.com\/es\/wp-json\/wp\/v2\/posts"}],"about":[{"href":"https:\/\/www.europesays.com\/es\/wp-json\/wp\/v2\/types\/post"}],"author":[{"embeddable":true,"href":"https:\/\/www.europesays.com\/es\/wp-json\/wp\/v2\/users\/2"}],"replies":[{"embeddable":true,"href":"https:\/\/www.europesays.com\/es\/wp-json\/wp\/v2\/comments?post=102904"}],"version-history":[{"count":0,"href":"https:\/\/www.europesays.com\/es\/wp-json\/wp\/v2\/posts\/102904\/revisions"}],"wp:featuredmedia":[{"embeddable":true,"href":"https:\/\/www.europesays.com\/es\/wp-json\/wp\/v2\/media\/102905"}],"wp:attachment":[{"href":"https:\/\/www.europesays.com\/es\/wp-json\/wp\/v2\/media?parent=102904"}],"wp:term":[{"taxonomy":"category","embeddable":true,"href":"https:\/\/www.europesays.com\/es\/wp-json\/wp\/v2\/categories?post=102904"},{"taxonomy":"post_tag","embeddable":true,"href":"https:\/\/www.europesays.com\/es\/wp-json\/wp\/v2\/tags?post=102904"}],"curies":[{"name":"wp","href":"https:\/\/api.w.org\/{rel}","templated":true}]}}