{"id":102922,"date":"2025-09-09T08:06:07","date_gmt":"2025-09-09T08:06:07","guid":{"rendered":"https:\/\/www.europesays.com\/es\/102922\/"},"modified":"2025-09-09T08:06:07","modified_gmt":"2025-09-09T08:06:07","slug":"el-error-policial-que-apunto-a-otro-santiago-tres-anos-para-probar-que-solo-compartia-nombre-y-apellido-con-el-verdadero-denunciado-noticias-de-madrid","status":"publish","type":"post","link":"https:\/\/www.europesays.com\/es\/102922\/","title":{"rendered":"El error policial que apunt\u00f3 a otro Santiago: tres a\u00f1os para probar que solo compart\u00eda nombre y apellido con el verdadero denunciado | Noticias de Madrid"},"content":{"rendered":"<p class=\"\">Hace tres a\u00f1os, en uno de esos domingos de fiesta que se celebran en el <a href=\"https:\/\/elpais.com\/gastronomia\/el-comidista\/2014\/03\/14\/articulo\/1394776800_139477.html\" target=\"_self\" rel=\"nofollow noopener\" title=\"https:\/\/elpais.com\/gastronomia\/el-comidista\/2014\/03\/14\/articulo\/1394776800_139477.html\">festival Brunch Electronik<\/a>, en el parque Tierno Galv\u00e1n, el colombiano Santiago B., un polit\u00f3logo de 32 a\u00f1os que trabaja en una oeneg\u00e9 en Madrid, celebraba el final del verano. Esa misma noche, a 347 kil\u00f3metros de distancia, en la localidad valenciana de Ll\u00edria, <a href=\"https:\/\/elpais.com\/ccaa\/2014\/05\/06\/andalucia\/1399380690_867494.html\" target=\"_self\" rel=\"nofollow noopener\" title=\"https:\/\/elpais.com\/ccaa\/2014\/05\/06\/andalucia\/1399380690_867494.html\">una mujer denunciaba a su novio por maltrato.<\/a> Por razones que a\u00fan hoy resultan dif\u00edciles de explicar, ambas historias han quedado entrelazadas durante los \u00faltimos tres a\u00f1os, tiempo en que el polit\u00f3logo ha cargado con la sospecha de ser un maltratador. El motivo no ha sido otro que el hecho de que el nombre del denunciado y el del supuesto autor de los hechos coincid\u00eda en nombre de pila y primer apellido. \u201cAl comienzo ten\u00eda mucho miedo de que fuera una estafa. Fue una carga psicol\u00f3gica muy dura\u201d, asegura.<\/p>\n<p class=\"\">Esta semana, en <a href=\"https:\/\/elpais.com\/espana\/comunidad-valenciana\/2025-07-23\/el-juzgado-que-instruye-la-causa-penal-de-la-dana-dejara-valencia-y-volvera-a-catarroja.html\" target=\"_self\" rel=\"nofollow noopener\" title=\"https:\/\/elpais.com\/espana\/comunidad-valenciana\/2025-07-23\/el-juzgado-que-instruye-la-causa-penal-de-la-dana-dejara-valencia-y-volvera-a-catarroja.html\">un juzgado de instrucci\u00f3n en Valencia<\/a>, ha verificado lo que era evidente desde el primer momento: que la polic\u00eda se hab\u00eda equivocado de Santiago. Por el camino queda una historia llena de errores, algunos con tintes surrealistas y, finalmente, un presunto delito de violencia de g\u00e9nero que ha quedado por ahora sin castigo porque, por el momento, no han dado con el verdadero culpable.<\/p>\n<p><img alt=\"El acusado de violencia de g\u00e9nero por error, este jueves en Madrid, fotograf\u00eda cedida.\" decoding=\"auto\" class=\"_re lazyload a_m-h\" height=\"311\"  width=\"414\"  src=\"https:\/\/www.europesays.com\/es\/wp-content\/uploads\/2025\/09\/JLE467BFOJFZHFONKTTPN4JIRQ.jpeg\" loading=\"lazy\"\/>El acusado de violencia de g\u00e9nero por error, este jueves en Madrid, fotograf\u00eda cedida.EL PA\u00cdS<\/p>\n<p class=\"\">Al comienzo, algo tristemente habitual: una mujer acude a una comisar\u00eda para denunciar por violencia de g\u00e9nero y malos tratos a su pareja. Como parte del protocolo de actuaci\u00f3n, la presunta v\u00edctima proporciona a los agentes el n\u00famero de tel\u00e9fono y la direcci\u00f3n donde trabajaba el denunciado. A partir de ah\u00ed, comienza el desprop\u00f3sito.<\/p>\n<p class=\"\">La polic\u00eda llama al n\u00famero facilitado por la v\u00edctima y la persona que responde asegura que se acercar\u00e1 a la comisar\u00eda para dar su versi\u00f3n. Al no hacerlo, los agentes se presentan en la supuesta empresa de reformas del denunciado. Sin \u00e9xito. Entonces, sin realizar m\u00e1s comprobaciones, env\u00edan la citaci\u00f3n judicial a otro Santiago, residente en Madrid. As\u00ed, sin comerlo ni beberlo, un hombre que se encontraba durmiendo en casa de unos amigos es acusado de maltratar a una mujer que vive a casi 350 kil\u00f3metros de distancia del lugar donde \u00e9l se hallaba la noche de los hechos denunciados.<\/p>\n<p class=\"\">\u201cHab\u00eda estado fuera de Espa\u00f1a tres meses por trabajo y, al volver, me encontr\u00e9 con una notificaci\u00f3n judicial. No dec\u00eda de qu\u00e9 se trataba. Cuando fui al juzgado de Gran V\u00eda, me dijeron que <a href=\"https:\/\/elpais.com\/espana\/comunidad-valenciana\/2025-08-14\/ata-amordaza-y-retiene-a-su-exmujer-durante-dos-dias-para-obligarla-a-retomar-la-relacion.html\" target=\"_self\" rel=\"nofollow noopener\" title=\"https:\/\/elpais.com\/espana\/comunidad-valenciana\/2025-08-14\/ata-amordaza-y-retiene-a-su-exmujer-durante-dos-dias-para-obligarla-a-retomar-la-relacion.html\">hab\u00eda sido denunciado por malos tratos<\/a> y violencia dom\u00e9stica por una mujer que no conoc\u00eda. Es que ni siquiera hab\u00eda ido a Valencia en los \u00faltimos diez a\u00f1os. Pens\u00e9 que era un error y llam\u00e9 de inmediato para aclararlo\u201d, recuerda.<\/p>\n<p class=\"\">\u201cLes dije que no era yo. Me pidieron mi nombre completo, DNI y direcci\u00f3n. Pero cuando se los di, lo \u00fanico que hicieron fue confirmar la denuncia. Sent\u00ed un miedo enorme. Me citaron para declarar en Ll\u00edria y busqu\u00e9 un abogado\u201d, a\u00f1ade el joven, que tambi\u00e9n recuerda c\u00f3mo uno de los abogados le ofreci\u00f3 hacer desaparecer el problema por 4.000 euros en efectivo.<\/p>\n<p class=\"\">Finalmente, consigui\u00f3 un abogado en Valencia cuyo primer consejo le result\u00f3 descorazonador: nada de intentar contactar con la denunciante. Hacerlo, le explicaron, pod\u00eda interpretarse como un intento de obstaculizar la investigaci\u00f3n, lo que complicar\u00eda a\u00fan m\u00e1s su situaci\u00f3n. Lo \u00fanico que pod\u00eda hacer era esperar.<\/p>\n<p class=\"\">El letrado de la defensa asegura que no es la primera vez que ocurre este tipo de error. Seg\u00fan explica, lo sucedido en este caso fue muy simple: la polic\u00eda introdujo en la base de datos el nombre y el apellido y mand\u00f3 la denuncia a la persona incorrecta. \u201cEn este caso no se realizaron las comprobaciones que deb\u00edan hacerse. Dec\u00edan que Santiago ten\u00eda un negocio en Valencia, cuando en realidad solo hab\u00eda ido dos veces, una de ellas al juzgado. El fallo fue tanto de la polic\u00eda como del juzgado, que actuaron con un procedimiento excesivamente lento\u201d, afirma.<\/p>\n<p class=\"\">Una fuente dentro de la comisar\u00eda donde Santiago se present\u00f3 en un primer momento no entiende c\u00f3mo pudo suceder todo: \u201cSiempre hacemos una ronda de verificaci\u00f3n previa. Si no era \u00e9l, era algo que se deber\u00eda haber solucionado muy r\u00e1pido. Somos humanos, y un dedo mal puesto en un n\u00famero puede causar un gran error\u201d.<\/p>\n<p class=\"\">Gracias a su defensa, <a href=\"https:\/\/elpais.com\/sociedad\/2025-03-29\/presunto-inocente.html\" target=\"_self\" rel=\"nofollow noopener\" title=\"https:\/\/elpais.com\/sociedad\/2025-03-29\/presunto-inocente.html\">el Santiago que fue denunciado pudo acceder al auto y conocer los detalles de la acusaci\u00f3n. <\/a>La mujer afirmaba que hab\u00edan sido pareja, que hab\u00eda quedado con una amiga y que, de repente, apareci\u00f3 el investigado para decirles que las estaba vigilando. Estaba celoso de un chico que se hab\u00eda acercado a ella. \u201cMe cogi\u00f3 del cuello, cada vez estaba m\u00e1s violento. As\u00ed que lo echaron\u201d, se puede leer en la denuncia. M\u00e1s tarde, la mujer se fue con \u00e9l para que le devolviera unas pertenencias que ten\u00eda en su coche, y \u00e9l le dijo que no se marchar\u00eda hasta que ella se fuera con \u00e9l. Entraron al coche y, a mitad de camino, le tir\u00f3 sus cosas y la arrastr\u00f3 mientras segu\u00eda conduciendo.<\/p>\n<p class=\"\">\u201cEra absurdo, nunca hab\u00eda visto a esa mujer en mi vida. Luego supe que hablaba de otro Santiago. Dio su lugar de trabajo y su n\u00famero de tel\u00e9fono, que no eran m\u00edos. Pero nadie verific\u00f3 esos datos antes de se\u00f1alarme. El juzgado no llam\u00f3 a ese n\u00famero ni intent\u00f3 localizar a esa persona. No hubo una identificaci\u00f3n real hasta mucho despu\u00e9s. Mientras tanto, yo ya estaba marcado\u201d, recuerda.<\/p>\n<p class=\"\">El Santiago denunciado no tuvo m\u00e1s remedio que viajar a Valencia meses despu\u00e9s para explicar que no era la persona que buscaban. Dos amigos tuvieron que certificar que aquel 25 de septiembre de 2022 \u00e9l estaba en Madrid de fiesta. Pero eso no bastaba. Adem\u00e1s, Santiago aport\u00f3 sus movimientos bancarios, un recibo de comida en McDonald\u2019s y una compra en un supermercado, adem\u00e1s de la entrada al festival Brunch Elektronik y el certificado de matrimonio. Pero ni con eso fue suficiente.<\/p>\n<p class=\"\">Como parte de un \u00faltimo tr\u00e1mite, el abogado pidi\u00f3 a la jueza comparar las fotos y hacer as\u00ed su reconocimiento. Su foto fue mezclada con im\u00e1genes de personas con rasgos similares para que la denunciante pudiera se\u00f1alar al agresor. Solo entonces la mujer pudo ver la imagen del acusado y, de inmediato, confirmar lo que este llevaba tanto tiempo defendiendo: se hab\u00edan equivocado de hombre.<\/p>\n<p class=\"\">Ahora, tres a\u00f1os despu\u00e9s, el escrito de la jueza instructora recoge lo sucedido en una sentencia que archiva provisionalmente el procedimiento por presunto delito de violencia dom\u00e9stica y de g\u00e9nero en la modalidad de maltrato habitual. Su conclusi\u00f3n es clara: el investigado no era el autor de los hechos, lo que hace que la acusaci\u00f3n sea insostenible.<\/p>\n<p class=\"\">Finalmente, explica la jueza, la falta de correspondencia se verific\u00f3 tanto en la declaraci\u00f3n de la v\u00edctima como en la revisi\u00f3n de las pruebas, incluidas las fotograf\u00edas, que no coincid\u00edan con el acusado. Por ello, se acuerda el sobreseimiento provisional de acuerdo con<a href=\"https:\/\/elpais.com\/noticias\/ley-enjuiciamiento-criminal\/\" target=\"_self\" rel=\"nofollow noopener\" title=\"https:\/\/elpais.com\/noticias\/ley-enjuiciamiento-criminal\/\"> el art\u00edculo 641.2 de la Ley de Enjuiciamiento Criminal<\/a>, que prev\u00e9 el archivo cuando no se acredita la autor\u00eda o no existen pruebas suficientes. La resoluci\u00f3n deja sin efecto todas las medidas adoptadas durante la instrucci\u00f3n y especifica que la causa solo podr\u00e1 reabrirse si aparecen nuevas pruebas. El archivo no implica que el delito no existiera, sino que, por el momento, no hay un autor identificado.<\/p>\n<p class=\"\">El abogado penalista Carlos Nogales Romeo explica que casos como este suelen producirse por errores en la identificaci\u00f3n inicial del acusado, a menudo en el momento de la denuncia. \u201cSi la denunciante da un nombre, un lugar de trabajo y un n\u00famero de tel\u00e9fono, lo normal es que la polic\u00eda verifique esos datos antes de citar a nadie. En este caso, parece que no se hizo. No se llam\u00f3 al n\u00famero que dio la denunciante ni se comprob\u00f3 si coincid\u00eda con la persona se\u00f1alada. Alguien introdujo un nombre en la base de datos y cit\u00f3 al primero que apareci\u00f3, sin confirmar si era el verdadero autor\u201d.<\/p>\n<p class=\"\">Nogales subraya que la duraci\u00f3n del procedimiento tambi\u00e9n resulta inusual: \u201cLos asuntos de violencia de g\u00e9nero suelen tramitarse como juicios r\u00e1pidos, con medidas cautelares inmediatas. Es muy extra\u00f1o que una causa tarde tres a\u00f1os en archivarse, cuando desde el principio hab\u00eda indicios claros de que la persona acusada no conoc\u00eda a la denunciante. M\u00e1s que un fallo judicial, aqu\u00ed ha habido un fallo policial en la fase inicial. Aun as\u00ed, el archivo no borra autom\u00e1ticamente el rastro del proceso: el acusado debe solicitar la cancelaci\u00f3n de posibles antecedentes policiales y podr\u00eda reclamar una indemnizaci\u00f3n por responsabilidad patrimonial del Estado, aunque estos procesos son lentos y el pago no siempre est\u00e1 garantizado\u201d.<\/p>\n<p class=\"\">Santiago, por el momento, vuelve a respirar en paz, aunque nada consigue apagar del todo la indignaci\u00f3n que siente: \u201cNo puedo creer que algo as\u00ed pueda pasar. Fue una situaci\u00f3n muy agobiante. He perdido mucho tiempo intentando demostrar que soy quien soy\u201d.<\/p>\n","protected":false},"excerpt":{"rendered":"Hace tres a\u00f1os, en uno de esos domingos de fiesta que se celebran en el festival Brunch Electronik,&hellip;\n","protected":false},"author":2,"featured_media":102923,"comment_status":"","ping_status":"","sticky":false,"template":"","format":"standard","meta":{"footnotes":""},"categories":[8],"tags":[17,18,1467,3808,36061,25,24,13,14,11,19,20,205,9,10,15,16,23,12,493,21,22,235,6580],"class_list":{"0":"post-102922","1":"post","2":"type-post","3":"status-publish","4":"format-standard","5":"has-post-thumbnail","7":"category-espana","8":"tag-breaking-news","9":"tag-breakingnews","10":"tag-comunidad-de-madrid","11":"tag-denuncias","12":"tag-denuncias-falsas","13":"tag-es","14":"tag-espana","15":"tag-featured-news","16":"tag-featurednews","17":"tag-headlines","18":"tag-latest-news","19":"tag-latestnews","20":"tag-madrid","21":"tag-news","22":"tag-noticias","23":"tag-noticias-destacadas","24":"tag-noticiasdestacadas","25":"tag-spain","26":"tag-titulares","27":"tag-tribunales","28":"tag-ultimas-noticias","29":"tag-ultimasnoticias","30":"tag-valencia","31":"tag-violencia-machista"},"share_on_mastodon":{"url":"","error":""},"_links":{"self":[{"href":"https:\/\/www.europesays.com\/es\/wp-json\/wp\/v2\/posts\/102922","targetHints":{"allow":["GET"]}}],"collection":[{"href":"https:\/\/www.europesays.com\/es\/wp-json\/wp\/v2\/posts"}],"about":[{"href":"https:\/\/www.europesays.com\/es\/wp-json\/wp\/v2\/types\/post"}],"author":[{"embeddable":true,"href":"https:\/\/www.europesays.com\/es\/wp-json\/wp\/v2\/users\/2"}],"replies":[{"embeddable":true,"href":"https:\/\/www.europesays.com\/es\/wp-json\/wp\/v2\/comments?post=102922"}],"version-history":[{"count":0,"href":"https:\/\/www.europesays.com\/es\/wp-json\/wp\/v2\/posts\/102922\/revisions"}],"wp:featuredmedia":[{"embeddable":true,"href":"https:\/\/www.europesays.com\/es\/wp-json\/wp\/v2\/media\/102923"}],"wp:attachment":[{"href":"https:\/\/www.europesays.com\/es\/wp-json\/wp\/v2\/media?parent=102922"}],"wp:term":[{"taxonomy":"category","embeddable":true,"href":"https:\/\/www.europesays.com\/es\/wp-json\/wp\/v2\/categories?post=102922"},{"taxonomy":"post_tag","embeddable":true,"href":"https:\/\/www.europesays.com\/es\/wp-json\/wp\/v2\/tags?post=102922"}],"curies":[{"name":"wp","href":"https:\/\/api.w.org\/{rel}","templated":true}]}}