{"id":102926,"date":"2025-09-09T08:10:07","date_gmt":"2025-09-09T08:10:07","guid":{"rendered":"https:\/\/www.europesays.com\/es\/102926\/"},"modified":"2025-09-09T08:10:07","modified_gmt":"2025-09-09T08:10:07","slug":"despues-de-vencer-en-wow-22-la-ufc-o-el-contender-series-es-lo-que-sigue","status":"publish","type":"post","link":"https:\/\/www.europesays.com\/es\/102926\/","title":{"rendered":"Despu\u00e9s de vencer en WOW 22, la UFC o el Contender Series es lo que sigue"},"content":{"rendered":"<p data-gtm-element-container=\"modulo-texto-link\" class=\"paragraph\">Conquistar WOW FC su tr\u00e1mite obligatorio para aterrizar en la UFC. <strong>Darwin Rodr\u00edguez (18-6, 8 KO) <\/strong>debutar\u00e1 este fin de semana en la compa\u00f1\u00eda apadrinada por Ilia Topuria en su velada n\u00famero 22, en Madrid. El canario <strong>obtiene una oportunidad por el t\u00edtulo vacante del peso semipesado de la promotora<\/strong>, un galard\u00f3n que obtendr\u00e1 si logra vencer al veteran\u00edsimo <strong>Enoc Solves (28-11-1, 11 KO)<\/strong>, leyenda de la disciplina en Espa\u00f1a, en el evento estelar del evento. El Noble, adentrado ya en los \u00faltimos preparativos para su nuevo compromiso con el oct\u00e1gono, ha atendido a Mundo Deportivo para tratar su batalla titular.<\/p>\n<blockquote class=\"instagram-media\" data-instgrm-captioned=\"\" data-instgrm-permalink=\"https:\/\/www.instagram.com\/p\/DMgCvEFKF_g\/?utm_source=ig_embed&amp;utm_campaign=loading\" data-instgrm-version=\"14\" style=\" background:#FFF; border:0; border-radius:3px; box-shadow:0 0 1px 0 rgba(0,0,0,0.5),0 1px 10px 0 rgba(0,0,0,0.15); margin: 1px; max-width:540px; min-width:326px; padding:0; width:99.375%; width:-webkit-calc(100% - 2px); width:calc(100% - 2px);\"\/>\n<p data-gtm-element-container=\"modulo-texto-link\" class=\"paragraph\"><strong>\u00bfC\u00f3mo encara la \u00faltima semana de preparaci\u00f3n de cara a su pelea en WOW 22?<\/strong><\/p>\n<p data-gtm-element-container=\"modulo-texto-link\" class=\"paragraph\">\u00abEstamos a tope con el recorte, adentrados ya en la semana de combate. As\u00ed que bien, la verdad. Siempre al final pues lo que los atletas un poco m\u00e1s odian o reh\u00fasan es el recorte. Y bueno, para m\u00ed es lo m\u00e1s exigente de toda la preparaci\u00f3n. Es una semana de sacrificio, pero bueno, cumpliremos con ella, daremos el peso y el s\u00e1bado llegar en Madrid\u00bb.<\/p>\n<p data-gtm-element-container=\"modulo-texto-link\" class=\"paragraph\"><strong>\u00bfC\u00f3mo ha sido para usted trabajar con WOW FC, su nueva compa\u00f1\u00eda?<\/strong><\/p>\n<p data-gtm-element-container=\"modulo-texto-link\" class=\"paragraph\">\u00abBueno, bien, la verdad es que hemos tenido la suerte de poder combatir en diferentes continentes, de sacar victorias en tierras muy lejanas y que en Espa\u00f1a haya una plataforma, una infraestructura como WOW, pues la verdad que espectacular. Que en Espa\u00f1a podamos tener algo as\u00ed, algo que hace pocos a\u00f1os era impensable y que ya lo tenemos, ya est\u00e1, ya es palpable y bueno, lo estamos disfrutando como atletas, el gran trato que nos dan a los atletas y la descarga de trabajo. De todas esas cosas que quiz\u00e1s en otros eventos tienes que hacer ya se pueden hacer aqu\u00ed, y eso tambi\u00e9n va en que el espect\u00e1culo que se viva dentro de las jaulas sea el mejor para el aficionado\u00bb.<\/p>\n<p data-gtm-element-container=\"modulo-texto-link\" class=\"paragraph\"><strong>H\u00e1blenos de su oponente&#8230; \u00bfCu\u00e1les son las fortalezas y debilidades de Enoc Solves de cara al s\u00e1bado?<\/strong><\/p>\n<p data-gtm-element-container=\"modulo-texto-link\" class=\"paragraph\">\u00abEs un veterano, y la experiencia siempre es un grado extra. Es un hombre fuerte, es un hombre que se ha preparado como nunca para un combate y que ha propiciado lo mismo a mi persona y que ver\u00e1n a dos hombres perfectamente preparados, midi\u00e9ndose, buenos luchadores, buenos pegadores, midi\u00e9ndose en el Madrid Arena. Al final hay que combatir la veteran\u00eda, hay que combatir la experiencia con buena acci\u00f3n y nada, iremos para volver con el t\u00edtulo a la Isla de la Palma, a Canarias y para dejar el mejor de los espect\u00e1culos, que quede siempre en la retina de los aficionados\u00bb.<\/p>\n<blockquote class=\"instagram-media\" data-instgrm-captioned=\"\" data-instgrm-permalink=\"https:\/\/www.instagram.com\/p\/DOUHyMAjoz5\/?utm_source=ig_embed&amp;utm_campaign=loading\" data-instgrm-version=\"14\" style=\" background:#FFF; border:0; border-radius:3px; box-shadow:0 0 1px 0 rgba(0,0,0,0.5),0 1px 10px 0 rgba(0,0,0,0.15); margin: 1px; max-width:540px; min-width:326px; padding:0; width:99.375%; width:-webkit-calc(100% - 2px); width:calc(100% - 2px);\"\/>\n<p data-gtm-element-container=\"modulo-texto-link\" class=\"paragraph\"><strong>\u00bfC\u00f3mo cree que va a transcurrir su pelea ante Enoc Solves?<\/strong><\/p>\n<p data-gtm-element-container=\"modulo-texto-link\" class=\"paragraph\">\u00abMuy probablemente, la estad\u00edstica nos dice que a la distancia no se va la pelea&#8230; Despu\u00e9s se enredan las cosas y puede pasar que se alargue. Este fin de semana mismo, viendo algunos combates de\u00a0grandes ligas que sigo y que yo pensaba que iban a tener un desenlace y al final fueron hasta medio aburridos con el tacticismo y el respeto y la distancia de los atletas. Entonces yo creo que este combate va a acabar antes de tiempo y que saldr\u00e9 victorioso con un KO o con una sumisi\u00f3n antes de tiempo\u00bb.<\/p>\n<p data-gtm-element-container=\"modulo-texto-link\" class=\"paragraph\"><strong>\u00bfEsta victoria le abre las puertas de UFC de manera definitiva y sin tr\u00e1mites de por medio?<\/strong><\/p>\n<p data-gtm-element-container=\"modulo-texto-link\" class=\"paragraph\">\u00abHombre, yo estoy seguro de que s\u00ed, de que o el Contender o UFC estar\u00e1n despu\u00e9s de esto. Despu\u00e9s de este s\u00e1bado tocaremos la puerta. Como siempre digo, Mahoma tiene que ir a la monta\u00f1a. La monta\u00f1a no se va a desplazar a Mahoma por una victoria, pero s\u00ed. Creo que con los n\u00fameros sobre la mesa estamos dentro\u00bb.<\/p>\n<blockquote>\n<p>        \u00abyo estoy seguro de que s\u00ed, de que o el Contender o UFC estar\u00e1n despu\u00e9s de esto. Despu\u00e9s de este s\u00e1bado tocaremos la puerta. Como siempre digo, Mahoma tiene que ir a la monta\u00f1a. La monta\u00f1a no se va a desplazar a Mahoma por una victoria\u00bb<\/p>\n<\/blockquote>\n<p data-gtm-element-container=\"modulo-texto-link\" class=\"paragraph\"><strong>\u00bfC\u00f3mo fue la llamada que recibi\u00f3 por parte de UFC? Porque rechaz\u00f3 tambi\u00e9n pelear en el Contender&#8230;<\/strong><\/p>\n<p data-gtm-element-container=\"modulo-texto-link\" class=\"paragraph\">\u00abNosotros nos avisaron un viernes por la\u00a0noche para combatir en el Dana White&#8217;s Contender Series contra un se\u00f1or uzbeco, un peso\u00a0pesado, con un 18-1-1 concretamente de r\u00e9cord. Nos transmitieron que hab\u00eda una oportunidad y que si quer\u00edamos ese combate. Nosotros le contestamos que ya est\u00e1bamos comprometidos con WOW FC, que el combate ya hab\u00eda sido firmado, publicitado, y que al final hay que cumplir. Al final tienes que cumplir y hacer este combate y que ya en el futuro estamos abiertos a, despu\u00e9s de esta victoria, estar trabajando y llegar hasta ah\u00ed\u00bb.<\/p>\n<p data-gtm-element-container=\"modulo-texto-link\" class=\"paragraph\"><strong>El que s\u00ed que estar\u00e1 este mes en el Contender Series es Hecher Sosa&#8230; \u00bfC\u00f3mo ve al canario de cara a su pelea la semana que viene?<\/strong><\/p>\n<p data-gtm-element-container=\"modulo-texto-link\" class=\"paragraph\">\u00abCreo que ganar\u00e1, ganar\u00e1 muy bien y que le firmar\u00e1 en el contrato. Al final Dana White quiere personas que vayan a darlo todo. Saben que el Contender es s\u00faper atractivo porque van a matarse en el primer asalto, porque saben que es lo que quiere Dana White y que es la oportunidad de entrar. Al final en el Contender ves ambici\u00f3n. La ambici\u00f3n es s\u00faper importante en este deporte y para el aficionado la ambici\u00f3n suelen ser luchas trepidantes, vertiginosas. Al final s\u00e9 que suceder\u00e1 la victoria de Hecher el martes, que ganar\u00e1 y que firmar\u00e1 por UFC. Estoy seguro\u00bb.<\/p>\n<blockquote>\n<p>        \u00abAl final en el Contender ves ambici\u00f3n. La ambici\u00f3n es s\u00faper importante en este deporte y para el aficionado la ambici\u00f3n suelen ser luchas trepidantes, vertiginosas. Al final s\u00e9 que suceder\u00e1 la victoria de Hecher Sosa el martes, que ganar\u00e1 y que firmar\u00e1 por UFC. Estoy seguro\u00bb<\/p>\n<\/blockquote>\n<p data-gtm-element-container=\"modulo-texto-link\" class=\"paragraph\"><strong>\u00bfQu\u00e9 espera del p\u00fablico del Madrid Arena el pr\u00f3ximo s\u00e1bado?<\/strong><\/p>\n<p data-gtm-element-container=\"modulo-texto-link\" class=\"paragraph\">\u00abEspero un ambiente que la atm\u00f3sfera que se genere all\u00ed nos lleve a dar nuestra mejor versi\u00f3n. Al final va a estar abarrotado. El nivel de entradas, el ritmo es fren\u00e9tico. Si no la tienen, aprovechen para que se posicionen bien y puedan disfrutar del espect\u00e1culo en una buena posici\u00f3n. Y que ser\u00e1 un espect\u00e1culo como los que nos tienen acostumbrados. Al final es la edici\u00f3n n\u00famero 22. Tienen muchas de ellas hechas en Madrid. Y ser\u00e1 un espect\u00e1culo que nadie de los que vayan quedar\u00e1 ni defraudado ni se olvidar\u00e1\u00bb.<\/p>\n<p data-gtm-element-container=\"modulo-texto-link\" class=\"paragraph\"><strong>\u00bfC\u00f3mo ha vivido el boom de las artes marciales mixtas en Espa\u00f1a?<\/strong><\/p>\n<p data-gtm-element-container=\"modulo-texto-link\" class=\"paragraph\">\u00abHe tenido que tomar decisiones en mi vida de si emigrar y entrenar en grandes gimnasios en Norteam\u00e9rica o en otros puntos, o quedarme aqu\u00ed. He decidido quedarme en mi isla, desarrollar mi vida. He tenido una hija, he hecho mi vida aqu\u00ed, y\u00a0desde aqu\u00ed estoy disfrutando de que hayamos tenido la posibilidad de este desarrollo nacional que era impensable hace cinco a\u00f1os. Antes empezaron las cosas a carburar y mira d\u00f3nde estamos ya&#8230; La verdad que somos una potencia ya tambi\u00e9n en esta materia. Tenemos much\u00edsima materia prima y viene much\u00edsima m\u00e1s materia prima. Dentro de 10 a\u00f1os tendremos un volumen de atletas espectacular. Yo he vivido desde la sequ\u00eda, donde costaba hasta encontrar un combate, hasta la abundancia que tenemos ahora. Estamos en un momento que hay que aprovechar\u00bb.<\/p>\n<blockquote>\n<p>        \u00abTenemos much\u00edsima materia prima y viene much\u00edsima m\u00e1s materia prima. Dentro de 10 a\u00f1os tendremos un volumen de atletas espectacular. Yo he vivido desde la sequ\u00eda, donde costaba hasta encontrar un combate, hasta la abundancia que tenemos ahora. Estamos en un momento que hay que aprovechar\u00bb<\/p>\n<\/blockquote>\n<p data-gtm-element-container=\"modulo-texto-link\" class=\"paragraph\"><strong>Adem\u00e1s de artista marcial mixto, tambi\u00e9n lleva una vida dedicada a la pol\u00edtica&#8230; \u00bfC\u00f3mo gestiona usted estas dos facetas profesionales?<\/strong><\/p>\n<p data-gtm-element-container=\"modulo-texto-link\" class=\"paragraph\">\u00abEs exigente. Al final son las decisiones que toma uno. Quieres seguir con tu carrera deportiva, la sigues llevando a cabo y sabes a lo que te expones. Y mientras hemos tomado la determinaci\u00f3n de ser representantes p\u00fablicos tambi\u00e9n. Entonces el volumen de trabajo es enorme y vamos compaginando todo como buenamente se puede. Est\u00e1 claro que la prioridad, la responsabilidad es el trabajo para con los dem\u00e1s, pero que no pod\u00eda abandonar mi carrera deportiva y ah\u00ed lo estamos llevando. De momento va\u00a0bien. Desde que soy pol\u00edtico vamos 5-1, as\u00ed que de momento va bien. Esperemos que despu\u00e9s del s\u00e1bado sea un 6-1. Siempre he estado currando. Al final no ha llegado el d\u00eda de vivir de las MMA, que s\u00ed que ha sido pues la m\u00e1s clara herramienta de desarrollo en mi vida, y ha formado la persona que soy en cuanto a valores, etc. Pero est\u00e1 claro que tambi\u00e9n hab\u00eda que trabajar como el 90% de los chavales en Espa\u00f1a, como el 98% de los j\u00f3venes que son competidores y que profesionalmente no se dedican exclusivamente a ello. Entonces pues hemos tenido que buscarnos las casta\u00f1as. Desde vender rifas, hacer ch\u00e1ndales, hasta lo que fuera para poder competir&#8230; Hasta el d\u00eda de hoy que, gracias a Dios, se ha sembrado y se est\u00e1 recogiendo\u00bb.<\/p>\n<p data-gtm-element-container=\"modulo-texto-link\" class=\"paragraph\"><strong>\u00bfEn qu\u00e9 posici\u00f3n se percibe Darwin Rodr\u00edguez, dentro de un a\u00f1o, como peleador de MMA?<\/strong><\/p>\n<p data-gtm-element-container=\"modulo-texto-link\" class=\"paragraph\">\u00abLo ideal ser\u00eda poder plantear en 2026 con tres combates, los tres fijados ya dentro de UFC. El primer trimestre uno, debutar y los otros dos repartidos a lo largo del a\u00f1o. Estar activos, llegar, ganar y poder disfrutar. Al final esto tambi\u00e9n, esto no es solo econom\u00eda, sino tambi\u00e9n es disfrutar la experiencia, el camino y poder llegar a vivir ese sue\u00f1o de competir con las guantillas de UFC, de hacer una buena actuaci\u00f3n, de representar bien a la naci\u00f3n y que vuele la bandera de Canarias y de Espa\u00f1a all\u00e1. Y nada, despu\u00e9s aparte de disfrutar todo eso que es experiencia de vida, poder dejar legado, poder dejar a los que vienen atr\u00e1s entrar en la UFC\u00bb.<\/p>\n<blockquote>\n<p>        \u00abLo ideal ser\u00eda poder plantear en 2026 con tres combates, los tres fijados ya dentro de UFC. El primer trimestre uno, debutar y los otros dos repartidos a lo largo del a\u00f1o\u00bb<\/p>\n<\/blockquote>\n<p data-gtm-element-container=\"modulo-texto-link\" class=\"paragraph\"><strong>\u00bfTiene alguna predicci\u00f3n para su pelea este fin de semana?<\/strong><\/p>\n<p data-gtm-element-container=\"modulo-texto-link\" class=\"paragraph\">\u00abLa predicci\u00f3n es victoria. Sea como sea, en el momento que sea y cuando sea. En el minuto uno o en el veinticinco, ser\u00e9 victorioso\u00bb.<\/p>\n<p>    Lee tambi\u00e9n<\/p>\n<p data-gtm-element-container=\"modulo-texto-link\" class=\"paragraph\"><strong>Mande un mensaje a los lectores de Mundo Deportivo e inv\u00edtales a ver su pelea este s\u00e1bado, en WOW 22, ante Enoc Solves.<\/strong><\/p>\n<p data-gtm-element-container=\"modulo-texto-link\" class=\"paragraph\">\u00abHay que recompensar la apuesta que est\u00e1 haciendo WOW por este producto nacional. Detr\u00e1s de WOW hay personas de bien, espa\u00f1oles, que han cre\u00eddo que las MMA se posicionen donde debe. Es un deporte que es un agente social, que puede ayudar a nuestra sociedad, que se encuentra bastante crispada y herida en diferentes aspectos. Pueden ser un caldo de reuni\u00f3n para todas esas personas que llegan a buen entendimiento, y que hagan sociedad y que levantemos un poco, pues, por lo menos, el eliminar esa crispaci\u00f3n y ese conflicto que tenemos instaurado en el pa\u00eds. Que sea un ente\u00a0social determinante para que todos nos llevemos bien, que haya paz y que haya entendimiento. Entonces, hay que apostar por los que apuestan por eso. Y los que apuestan por eso son los promotores de los grandes eventos, tanto los peque\u00f1os como el evento de barrio que hay que ir y que hay que apoyarlo porque pelean los chavales del lugar y salen adelante, como estas grandes plataformas que al final son las que te dan la visualizaci\u00f3n y la posibilidad de ser un profesional en algo y ganarte la vida con algo, de tener una vida mejor. Por eso yo creo que debemos de reventar el Madrid Arena. Aparte de eso, porque tambi\u00e9n est\u00e1n invirtiendo much\u00edsimo en hacer las peleas que la gente quiere ver. Esta pelea lleva muchos a\u00f1os queri\u00e9ndose hacer y WOW ha puesto lo que hay que poner para que suceda\u00bb.<\/p>\n<p><script async src=\"\/\/www.instagram.com\/embed.js\"><\/script><\/p>\n","protected":false},"excerpt":{"rendered":"Conquistar WOW FC su tr\u00e1mite obligatorio para aterrizar en la UFC. Darwin Rodr\u00edguez (18-6, 8 KO) debutar\u00e1 este&hellip;\n","protected":false},"author":2,"featured_media":102927,"comment_status":"","ping_status":"","sticky":false,"template":"","format":"standard","meta":{"footnotes":""},"categories":[276],"tags":[168,25,24,23,167,343],"class_list":{"0":"post-102926","1":"post","2":"type-post","3":"status-publish","4":"format-standard","5":"has-post-thumbnail","7":"category-ufc","8":"tag-deportes","9":"tag-es","10":"tag-espana","11":"tag-spain","12":"tag-sports","13":"tag-ufc"},"share_on_mastodon":{"url":"","error":""},"_links":{"self":[{"href":"https:\/\/www.europesays.com\/es\/wp-json\/wp\/v2\/posts\/102926","targetHints":{"allow":["GET"]}}],"collection":[{"href":"https:\/\/www.europesays.com\/es\/wp-json\/wp\/v2\/posts"}],"about":[{"href":"https:\/\/www.europesays.com\/es\/wp-json\/wp\/v2\/types\/post"}],"author":[{"embeddable":true,"href":"https:\/\/www.europesays.com\/es\/wp-json\/wp\/v2\/users\/2"}],"replies":[{"embeddable":true,"href":"https:\/\/www.europesays.com\/es\/wp-json\/wp\/v2\/comments?post=102926"}],"version-history":[{"count":0,"href":"https:\/\/www.europesays.com\/es\/wp-json\/wp\/v2\/posts\/102926\/revisions"}],"wp:featuredmedia":[{"embeddable":true,"href":"https:\/\/www.europesays.com\/es\/wp-json\/wp\/v2\/media\/102927"}],"wp:attachment":[{"href":"https:\/\/www.europesays.com\/es\/wp-json\/wp\/v2\/media?parent=102926"}],"wp:term":[{"taxonomy":"category","embeddable":true,"href":"https:\/\/www.europesays.com\/es\/wp-json\/wp\/v2\/categories?post=102926"},{"taxonomy":"post_tag","embeddable":true,"href":"https:\/\/www.europesays.com\/es\/wp-json\/wp\/v2\/tags?post=102926"}],"curies":[{"name":"wp","href":"https:\/\/api.w.org\/{rel}","templated":true}]}}