{"id":102930,"date":"2025-09-09T08:13:07","date_gmt":"2025-09-09T08:13:07","guid":{"rendered":"https:\/\/www.europesays.com\/es\/102930\/"},"modified":"2025-09-09T08:13:07","modified_gmt":"2025-09-09T08:13:07","slug":"el-peor-en-16-anos","status":"publish","type":"post","link":"https:\/\/www.europesays.com\/es\/102930\/","title":{"rendered":"El peor en 16 a\u00f1os"},"content":{"rendered":"<p data-mrf-recirculation=\"Links P\u00e1rrafos\" class=\"ue-c-article__paragraph paragraph ue-c-article--first-letter-highlighted\">La 80\u00aa edici\u00f3n avanza con el duelo <strong>Vingegaard\u2013Almeida<\/strong> en la carretera y un pulso social y pol\u00edtico fuera de ella: detenciones en Galicia, macrodispositivos de seguridad, la diana sobre el Israel\u2013Premier Tech y un director que admite vivir su peor momento en 16 a\u00f1os.<\/p>\n<p>Un pelot\u00f3n que corre entre pancartas y cordones policiales<\/p>\n<p data-mrf-recirculation=\"Links P\u00e1rrafos\" class=\"ue-c-article__paragraph paragraph\">La etapa <strong>Vegadeo\u2013Monforte de Lemos <\/strong>destap\u00f3 la olla a presi\u00f3n. M\u00e1s de 50 colectivos gallegos \u2014articulados por la Rede Galega pola Palestina\u2014 denunciaron<strong> \u201cviolencia policial y detenciones arbitrarias\u201d<\/strong> bajo el lema <strong>\u201cLa solidaridad no es delito\u201d.<\/strong> Hubo 10 arrestos (ocho en O Corgo y dos en Monforte); todos, en libertad a la espera de cita judicial. Entre los detenidos, la dirigente del BNG Rosana Prieto y activistas de Lugo por Palestina y BDS Galicia. En ese clima tenso se produjo la ca\u00edda de Javier Romo (Movistar) tras la irrupci\u00f3n de un manifestante y la intervenci\u00f3n de un agente en plena calzada.<\/p>\n<p>En medio de la pol\u00e9mica de LaVuelta donde la organizaci\u00f3n le pide al equipo que se vaya de la carrera para \u00abgarantizar la seguridad\u00bb, los israel\u00edes compitieron este jueves con alg\u00fan sobresalto y con MARCA presente dentro del coche.<\/p>\n<p>La versi\u00f3n institucional: respeto a la protesta, tolerancia cero a los riesgos<\/p>\n<p data-mrf-recirculation=\"Links P\u00e1rrafos\" class=\"ue-c-article__paragraph paragraph\">Desde Pontevedra, el subdelegado<strong> Abel Losada<\/strong> pidi\u00f3 distinguir la protesta c\u00edvica de \u201cgrupos organizados\u201d que buscan incidentes. En Valladolid, sede de la crono del jueves (27,2 km), el subdelegado <strong>Jacinto Canales activ\u00f3 un operativo de 450 agentes (300 Polic\u00eda Nacional y 150 Guardia Civil) ante \u201cindicios\u201d de acciones m\u00e1s all\u00e1 de colocar banderas fuera del recorrido.<\/strong> Recordatorio de sanciones: desde 150 hasta 650.000 euros, seg\u00fan gravedad. La IGC (asociaci\u00f3n profesional de guardias civiles) reclam\u00f3 blindaje no solo para los corredores, tambi\u00e9n para los motoristas de Tr\u00e1fico que les abren paso.<\/p>\n<p>Nuevas protestas para que salga de la Vuelta el Israel\u2013Premier Tech<\/p>\n<p>El foco sobre Israel\u2013Premier Tech y el papel de Sylvan Adams<\/p>\n<p data-mrf-recirculation=\"Links P\u00e1rrafos\" class=\"ue-c-article__paragraph paragraph\">Las movilizaciones apuntan al<strong> Israel\u2013Premier Tech<\/strong>, estructura financiada y abanderada por <strong>Sylvan Adams<\/strong> (66), que tiene conexiones con Netanyahu. El equipo, nacido en 2015 (Israel Cycling Academy \u2192 Israel Start-Up Nation \u2192 Israel\u2013Premier Tech), ha ejercido de embajada deportiva del pa\u00eds. En esta Vuelta, decidi\u00f3 retirar \u201cIsrael\u201d de los maillots \u201cpara priorizar la seguridad\u201d, gesto que no ha frenado el debate. La entidad <strong>ACOM <\/strong>ha presentado una denuncia por delitos de odio contra \u201clos responsables del boicot a LaVuelta\u201d.<\/p>\n<p>La Vuelta sigue su curso en Laredo<\/p>\n<p>La \u2018semana horribilis\u2019 de Javier Guill\u00e9n<\/p>\n<p data-mrf-recirculation=\"Links P\u00e1rrafos\" class=\"ue-c-article__paragraph paragraph\">En medio del vendaval, <strong>Javier Guill\u00e9n <\/strong>se santigu\u00f3 en la salida de Bilbao y <a href=\"https:\/\/www.elmundo.es\/deportes\/ciclismo\/vuelta-a-espana\/2025\/09\/08\/68bd616421efa00e638b45b6.html\" rel=\"nofollow noopener\" target=\"_blank\">reconoci\u00f3 en El Mundo<\/a>: \u201cEstoy pasando el peor momento de mis 16 a\u00f1os como director de la Vuelta. Es un problema inesperado y complicado con el equipo de Israel. No queremos meter la pata\u201d. Y remarc\u00f3 el marco normativo: \u201cLa UCI ya se pronunci\u00f3: el equipo tiene derecho a participar. Nosotros no podemos vetar a Israel\u201d.<\/p>\n<p>Un aficionado estaba protestando en la 10\u00aa etapa de LaVuelta por la situaci\u00f3n de Israel y Palestina y, portando la bandera del pa\u00eds palestino, casi arrolla a un corredor. Tuvieron que intervenir agentes de seguridad.<\/p>\n<p data-mrf-recirculation=\"Links P\u00e1rrafos\" class=\"ue-c-article__paragraph paragraph\">El ruido trasciende el deporte: el ministro <strong>Jos\u00e9 Manuel Albares <\/strong>defendi\u00f3 excluir a la escuadra, mientras Netanyahu alab\u00f3 el \u201ccoraje\u201d del equipo por \u201cno ceder ante el odio\u201d. La tensi\u00f3n salpic\u00f3 a la organizaci\u00f3n cuando unas palabras de <strong>Kiko Garc\u00eda<\/strong> (director deportivo de LaVuelta) fueron interpretadas como una invitaci\u00f3n a que el equipo se retirase.<strong> \u00d3scar Guerrero (director del Israel\u2013Premier Tech) replic\u00f3: \u201cSolo queremos correr; nos duele que nos llamen asesinos\u201d.<\/strong><\/p>\n<p data-mrf-recirculation=\"Links P\u00e1rrafos\" class=\"ue-c-article__paragraph paragraph\">Guill\u00e9n insiste en una l\u00ednea:<strong> \u201cPrudencia extrema, respeto a la legalidad deportiva, respeto a los manifestantes y garant\u00eda de seguridad para aficionados y corredores\u201d. <\/strong>Asume que las protestas podr\u00edan intensificarse camino de Madrid.<\/p>\n<p>El director de la Vuelta habla sobre lo acontecido en la etapa de este domingo.<\/p>\n<p>Voces del pelot\u00f3n<\/p>\n<p data-mrf-recirculation=\"Links P\u00e1rrafos\" class=\"ue-c-article__paragraph paragraph\">Jonas <strong>Vingegaard<\/strong> lo verbaliz\u00f3 en TV2: \u201cLa gente protesta por una raz\u00f3n. Es terrible lo que est\u00e1 pasando. Necesitan ser escuchados\u201d. Entre el silencio prudente y el temor a incidentes, el grupo mantiene el guion deportivo como puede.<\/p>\n<p>Seguridad hasta la meta\u2026 y pol\u00e9mica ambiental<\/p>\n<p data-mrf-recirculation=\"Links P\u00e1rrafos\" class=\"ue-c-article__paragraph paragraph\">La pol\u00e9mica tambi\u00e9n espera en la Bola del Mundo. Ecologistas en Acci\u00f3n ha convocado una concentraci\u00f3n el s\u00e1bado por el final en Guarramillas dentro del Parque Nacional de la Sierra de Guadarrama, que consideran contrario al PRUG; la Comunidad de Madrid defiende que el impacto es m\u00ednimo y ha emitido informe favorable<strong>. La etapa encadena La Escondida, La Paradilla, Alto del Le\u00f3n, Navacerrada y la Bola (rampas cementadas hasta el 22%): juez casi definitivo antes del paseo por Madrid.<\/strong><\/p>\n<p>El deporte, pese a todo<\/p>\n<p data-mrf-recirculation=\"Links P\u00e1rrafos\" class=\"ue-c-article__paragraph paragraph\">Con el ciclismo espa\u00f1ol agarrado a triunfos parciales y el duelo Vingegaard\u2013Almeida todav\u00eda abierto, la carrera retoma la marcha con la Etapa 16 (Poio\u2013Mos, 167,9 km): jornada quebrada, cuatro puertos (A Groba y Prado, de 1\u00aa; final en el Alto de Castro de Herville, 2\u00aa) y 3.742 m de desnivel. Un d\u00eda de fuga\u2026 o de emboscada en la general. <strong>Despu\u00e9s, crono de Valladolid y Bola del Mundo decidir\u00e1n entre pancartas, vallas y un per\u00edmetro de seguridad pocas veces visto.<\/strong><\/p>\n","protected":false},"excerpt":{"rendered":"La 80\u00aa edici\u00f3n avanza con el duelo Vingegaard\u2013Almeida en la carretera y un pulso social y pol\u00edtico fuera&hellip;\n","protected":false},"author":2,"featured_media":102931,"comment_status":"","ping_status":"","sticky":false,"template":"","format":"standard","meta":{"footnotes":""},"categories":[273],"tags":[313,312,168,25,24,23,167],"class_list":{"0":"post-102930","1":"post","2":"type-post","3":"status-publish","4":"format-standard","5":"has-post-thumbnail","7":"category-ciclismo","8":"tag-ciclismo","9":"tag-cycling","10":"tag-deportes","11":"tag-es","12":"tag-espana","13":"tag-spain","14":"tag-sports"},"share_on_mastodon":{"url":"","error":""},"_links":{"self":[{"href":"https:\/\/www.europesays.com\/es\/wp-json\/wp\/v2\/posts\/102930","targetHints":{"allow":["GET"]}}],"collection":[{"href":"https:\/\/www.europesays.com\/es\/wp-json\/wp\/v2\/posts"}],"about":[{"href":"https:\/\/www.europesays.com\/es\/wp-json\/wp\/v2\/types\/post"}],"author":[{"embeddable":true,"href":"https:\/\/www.europesays.com\/es\/wp-json\/wp\/v2\/users\/2"}],"replies":[{"embeddable":true,"href":"https:\/\/www.europesays.com\/es\/wp-json\/wp\/v2\/comments?post=102930"}],"version-history":[{"count":0,"href":"https:\/\/www.europesays.com\/es\/wp-json\/wp\/v2\/posts\/102930\/revisions"}],"wp:featuredmedia":[{"embeddable":true,"href":"https:\/\/www.europesays.com\/es\/wp-json\/wp\/v2\/media\/102931"}],"wp:attachment":[{"href":"https:\/\/www.europesays.com\/es\/wp-json\/wp\/v2\/media?parent=102930"}],"wp:term":[{"taxonomy":"category","embeddable":true,"href":"https:\/\/www.europesays.com\/es\/wp-json\/wp\/v2\/categories?post=102930"},{"taxonomy":"post_tag","embeddable":true,"href":"https:\/\/www.europesays.com\/es\/wp-json\/wp\/v2\/tags?post=102930"}],"curies":[{"name":"wp","href":"https:\/\/api.w.org\/{rel}","templated":true}]}}