{"id":102942,"date":"2025-09-09T08:19:16","date_gmt":"2025-09-09T08:19:16","guid":{"rendered":"https:\/\/www.europesays.com\/es\/102942\/"},"modified":"2025-09-09T08:19:16","modified_gmt":"2025-09-09T08:19:16","slug":"teresa-cardona-en-espana-las-editoriales-cuidan-mucho-la-novela-negra","status":"publish","type":"post","link":"https:\/\/www.europesays.com\/es\/102942\/","title":{"rendered":"Teresa Cardona: \u00abEn Espa\u00f1a, las editoriales cuidan mucho la novela negra\u00bb"},"content":{"rendered":"<p>San Lorenzo de El Escorial (Madrid) vuelve a ser el escenario del crimen en la nueva novela de Teresa Cardona (Madrid, 1973), &#8216;A la vista  &#8230; de todos&#8217; (Siruela), la cuarta de la serie protagonizada por la teniente de la guardia civil Karen Blecker y el brigada Cano \u2013que comenz\u00f3 con &#8216;Los dos lados&#8217; y continu\u00f3 con &#8216;Un bien relativo&#8217; y &#8216;La carne del cisne&#8217;\u2013. En esta ocasi\u00f3n, \u00abKaren Bleker, que viene de la Europol, aunque en esta entrega ya est\u00e1 m\u00e1s adaptada al pueblo, y Jos\u00e9 Luis Cano, con quien trabaja, que es oriundo de la zona y su gu\u00eda\u00bb, investigar\u00e1n la aparici\u00f3n del cad\u00e1ver de una mujer del pueblo que se ha dedicado enteramente a trabajar y cuidar de su hijo. Bucear\u00e1n en la vida de la v\u00edctima, Maya Vargas, lo que les har\u00e1 cuestionarse c\u00f3mo de real es la imagen que percibimos de las personas que forman parte de nuestro d\u00eda a d\u00eda. <\/p>\n<p class=\"v-p\">La autora, que antes de esta serie public\u00f3 en Francia junto a Eric Damien las novelas negras &#8216;Un travail \u00e0 finir&#8217; y &#8216;Tierra quemada&#8217; bajo el seud\u00f3nimo de Eric Todenne, vuelve a Cartagena Negra tras su anterior visita en 2022 y presentar\u00e1 este mi\u00e9rcoles, a las 19.30 horas, en el Centro Cultural Ram\u00f3n Alonso Luzzy, su nuevo lanzamiento literario. Estar\u00e1 acompa\u00f1ada por la tambi\u00e9n escritora Pilar Fern\u00e1ndez Senac. Antes, a las 18.30 horas, se realizar\u00e1 la mesa redonda &#8216;Iniciamos una nueva d\u00e9cada&#8217;, con Jos\u00e9 Luis Correa, Santiago \u00c1lvarez, Carlos Bassas del Rey y F\u00e9lix G. Modro\u00f1o. <\/p>\n<p><img decoding=\"async\" loading=\"lazy\" src=\"https:\/\/www.europesays.com\/es\/wp-content\/uploads\/2025\/09\/204960771-kYaG--258x367@La Verdad.jpg\" class=\"v-a-img\" width=\"258\" height=\"367\" alt=\"Imagen - \"\/><\/p>\n<p><img decoding=\"async\" loading=\"lazy\" src=\"https:\/\/www.europesays.com\/es\/wp-content\/uploads\/2025\/09\/204960771-kYaG--760x1080@La Verdad.jpg\" class=\"v-mdl__img-z\" width=\"760\" height=\"1080\" alt=\"Imagen - \"\/><\/p>\n<p class=\"v-p\"><strong>\u2013Vuelve a Cartagena Negra tres a\u00f1os despu\u00e9s de su anterior visita. \u00bfQu\u00e9 recuerda de entonces?<\/strong><\/p>\n<p class=\"v-p\">\u2013La verdad es que lo pas\u00e9 fenomenal. Tuvimos una suerte tremenda porque Lorena [Collados], que fue la moderadora, nos hizo una visita por Cartagena fant\u00e1stica. Estuvimos paseando toda la ma\u00f1ana. Me qued\u00e9 fascinada, me encant\u00f3 la ciudad. Adem\u00e1s, las jornadas estaban superbien organizadas. Estuve con Alexis Ravelo. Le vi una vez m\u00e1s despu\u00e9s de estar en Cartagena y, desgraciadamente, despu\u00e9s muri\u00f3. Era un escritor fant\u00e1stico. Lo recuerdo con much\u00edsimo cari\u00f1o y me apetece much\u00edsimo volver.<\/p>\n<p class=\"v-p\"><strong>\u2013\u00bfQu\u00e9 va a encontrar el lector en &#8216;A la vista de todos&#8217;?<\/strong><\/p>\n<p class=\"v-p\">\u2013Bleker y Cano, que trabajan en una simbiosis total, se encuentran con un asesinato de una se\u00f1ora del pueblo, de una mujer de unos 45 o 50 a\u00f1os, que es la dermat\u00f3loga de la cl\u00ednica privada de San Lorenzo de El Escorial. Karen a veces se la encontraba paseando y Jos\u00e9 Luis Cano hab\u00eda sido paciente suyo. Ten\u00edan una relaci\u00f3n muy superficial, pero la conoc\u00edan. Por lo que saben, no hay nadie que en un principio la pudiese querer mal. Inicialmente est\u00e1n desconcertados e intentan desentra\u00f1ar el misterio hablando con los vecinos. Aqu\u00ed no tienen esas ayudas extraordinarias, esas pruebas que nadie tiene en el mundo excepto los americanos. Los m\u00edos tienen que ir por el pueblo hablando con la gente. Van al colmado, a la peluquer\u00eda, van a hablar con el prior del monasterio&#8230; Por otro lado, mi lector tiene la posibilidad de conocer a Maya, la v\u00edctima, durante su vida completa, desde que va al colegio, y va descubriendo qu\u00e9 es lo que hay en su vida que haya podido propiciar el asesinato. Me gusta mucho hacer comprender al lector que hay visiones diferentes y obligarle a no juzgar demasiado r\u00e1pido. Por eso le permito no solo escuchar lo que dicen los habitantes de San Lorenzo del Escorial sino conocer c\u00f3mo es ella de puertas hacia dentro.<\/p>\n<p>\nEN 2022\n<\/p>\n<p>\u00abEn mi \u00faltima visita a Cartagena me qued\u00e9 fascinada; me encant\u00f3 la ciudad\u00bb<\/p>\n<p class=\"v-p\"><strong>\u2013\u00bfSe ha sorprendido a s\u00ed misma mientras escrib\u00eda la historia de Maya?<\/strong><\/p>\n<p class=\"v-p\">\u2013La m\u00e1s sorprendida en todos mis libros soy yo. Yo tengo una idea de lo que quiero contar y desarrollo un personaje, pero ese personaje lo tengo que conocer. El personaje va creciendo a medida que lo voy escribiendo. A veces me doy cuenta de que he escrito cosas completamente incoherentes y tengo que volver a cap\u00edtulos anteriores para cambiarlas, porque ya la conozco much\u00edsimo mejor.<\/p>\n<p class=\"v-p\"><strong>\u2013\u00bfPor qu\u00e9 pone el foco en descubrir qui\u00e9n era realmente la v\u00edctima?<\/strong><\/p>\n<p class=\"v-p\">\u2013Me da la impresi\u00f3n de que en muchas novelas negras, donde el protagonista es el muerto, el pobrecito al que se lo han cargado, se queda un poco corta la informaci\u00f3n que se nos da sobre esa persona. Muchas veces solo escuchamos por boca de otros qui\u00e9n era esta persona y a m\u00ed me interesa saber qui\u00e9n era esta persona desde su punto de vista. La mayor\u00eda de las veces, las cosas no son ni blancas ni negras, sino grises. <\/p>\n<p>\nA GUSTO CON LOS PROTAGONISTAS\n<\/p>\n<p>\u00abYo convivo con los personajes. Con cada cosa que hago, pienso, &#8216;esto le gustar\u00eda a Karen&#8217;\u00bb<\/p>\n<p class=\"v-p\"><strong>\u2013\u00bfQu\u00e9 tipo de novela policiaca suele leer?<\/strong><\/p>\n<p class=\"v-p\">\u2013Como he vivido en Alemania, en un espacio muy franc\u00e9s, he tenido la posibilidad de conocer y leer en lengua original, por ejemplo, a Pierre Lemaitre, que me encanta. Lo suyo es novela negra pura y dura. De los autores espa\u00f1oles, me encanta Alicia Gim\u00e9nez Bartlett y me encanta Lorenzo Silva. Es un maestro. Adem\u00e1s fue el primero que sac\u00f3 a la Guardia Civil tal y como es. Y me encantan las novelas de Domingo Villar, que desgraciadamente muri\u00f3 hace un par de a\u00f1os. Una p\u00e9rdida tremenda para el panorama espa\u00f1ol. Creo que Espa\u00f1a tiene a unos escritores de novela negra muy buenos y unas editoriales que cuidan mucho la novela negra y hacen de ella un g\u00e9nero bueno de verdad. No se puede decir, en absoluto, que se trate como un subg\u00e9nero. <\/p>\n<p>La quinta entrega, en cocina<\/p>\n<p class=\"v-p\"><strong>\u2013Los cr\u00edmenes reales, \u00bfle inspiran?<\/strong><\/p>\n<p class=\"v-p\">\u2013En algunos casos s\u00ed, varios de mis libros han estado inspirados en casos reales, que ni siquiera han tenido que ser un crimen, y yo los he transformado en crimen. Es decir, el caso exist\u00eda, pero no el crimen final, y en cambio yo los he asesinado. Todo te inspira. Vas por la calle, ves a una persona, la miras a la cara y de repente piensas, \u00ab\u00bfy si esta persona se cargase a&#8230;?\u00bb<\/p>\n<p class=\"v-p\"><strong>\u2013\u00bfSeguir\u00e1 habiendo m\u00e1s casos para Blecker y Cano? <\/strong><\/p>\n<p class=\"v-p\">\u2013S\u00ed, por ahora s\u00ed. Mientras me levante con ellos a gusto y ellos est\u00e9n a gusto conmigo, s\u00ed. Porque, al fin y al cabo, yo convivo con ellos. Con cada cosa que voy haciendo, pienso, \u00abesto le gustar\u00eda a Karen, aqu\u00ed vendr\u00eda Jos\u00e9 Luis Cano a tomarse una copa\u00bb. Ellos me van susurrando al o\u00eddo \u00abesto s\u00ed, esto no\u00bb. Mientras est\u00e9 en esta simbiosis con ellos, s\u00ed. De hecho, la quinta entrega est\u00e1 en cocina.<\/p>\n","protected":false},"excerpt":{"rendered":"San Lorenzo de El Escorial (Madrid) vuelve a ser el escenario del crimen en la nueva novela de&hellip;\n","protected":false},"author":2,"featured_media":102943,"comment_status":"","ping_status":"","sticky":false,"template":"","format":"standard","meta":{"footnotes":""},"categories":[172],"tags":[224,36064,3662,146,147,25,24,225,24635,1645,23],"class_list":{"0":"post-102942","1":"post","2":"type-post","3":"status-publish","4":"format-standard","5":"has-post-thumbnail","7":"category-libros","8":"tag-books","9":"tag-cuidan","10":"tag-editoriales","11":"tag-entertainment","12":"tag-entretenimiento","13":"tag-es","14":"tag-espana","15":"tag-libros","16":"tag-negra","17":"tag-novela","18":"tag-spain"},"share_on_mastodon":{"url":"","error":""},"_links":{"self":[{"href":"https:\/\/www.europesays.com\/es\/wp-json\/wp\/v2\/posts\/102942","targetHints":{"allow":["GET"]}}],"collection":[{"href":"https:\/\/www.europesays.com\/es\/wp-json\/wp\/v2\/posts"}],"about":[{"href":"https:\/\/www.europesays.com\/es\/wp-json\/wp\/v2\/types\/post"}],"author":[{"embeddable":true,"href":"https:\/\/www.europesays.com\/es\/wp-json\/wp\/v2\/users\/2"}],"replies":[{"embeddable":true,"href":"https:\/\/www.europesays.com\/es\/wp-json\/wp\/v2\/comments?post=102942"}],"version-history":[{"count":0,"href":"https:\/\/www.europesays.com\/es\/wp-json\/wp\/v2\/posts\/102942\/revisions"}],"wp:featuredmedia":[{"embeddable":true,"href":"https:\/\/www.europesays.com\/es\/wp-json\/wp\/v2\/media\/102943"}],"wp:attachment":[{"href":"https:\/\/www.europesays.com\/es\/wp-json\/wp\/v2\/media?parent=102942"}],"wp:term":[{"taxonomy":"category","embeddable":true,"href":"https:\/\/www.europesays.com\/es\/wp-json\/wp\/v2\/categories?post=102942"},{"taxonomy":"post_tag","embeddable":true,"href":"https:\/\/www.europesays.com\/es\/wp-json\/wp\/v2\/tags?post=102942"}],"curies":[{"name":"wp","href":"https:\/\/api.w.org\/{rel}","templated":true}]}}