{"id":102961,"date":"2025-09-09T08:30:16","date_gmt":"2025-09-09T08:30:16","guid":{"rendered":"https:\/\/www.europesays.com\/es\/102961\/"},"modified":"2025-09-09T08:30:16","modified_gmt":"2025-09-09T08:30:16","slug":"en-octubre-daran-comienzo-las-visitas-pedagogicas-en-la-catedral-para-el-curso-2025-2026","status":"publish","type":"post","link":"https:\/\/www.europesays.com\/es\/102961\/","title":{"rendered":"EN OCTUBRE DAR\u00c1N COMIENZO LAS VISITAS PEDAG\u00d3GICAS EN LA CATEDRAL PARA EL CURSO 2025\/2026"},"content":{"rendered":"<p>Dentro de la actividad Pastoral el Cabildo de la Catedral de Sevilla ofrece una serie de itinerarios pedag\u00f3gicos durante el curso escolar 2025\/2026.<\/p>\n<p>Estas visitas guiadas por personal del Catedral especializado, est\u00e1n dirigidas principalmente a centros educativos pertenecientes a la Archidi\u00f3cesis de Sevilla, aunque tambi\u00e9n pueden participar colegios provenientes de otras regiones de Espa\u00f1a.<\/p>\n<p>El objetivo fundamental es el de acercar la Catedral a los m\u00e1s j\u00f3venes, permiti\u00e9ndoles conocer el significado de este templo y de todo lo que alberga en su interior, a trav\u00e9s de su funci\u00f3n catequ\u00e9tica y evangelizadora, teniendo presente su dimensi\u00f3n patrimonial. Acercar a Dios y lo sagrado a trav\u00e9s del patrimonio religioso.<\/p>\n<p><strong>Para este curso 2025\/2026, disponemos de los siguientes itinerarios:<\/strong><\/p>\n<p>.- LA CATEDRAL DE SEVILLA, 775 A\u00d1OS DE FE (CATEDRAL)<br \/>.- BARTOLOM\u00c9 ESTEBAN MURILLO, PINTOR DE LA SANTIDAD (CATEDRAL)<br \/>.- EL SALVADOR, EL LEGADO DE LA FE (IGLESIA DE EL SALVADOR)<\/p>\n<p>Los dos primeros se desarrollan en la propia Catedral, con lo que incluir\u00eda tambi\u00e9n la subida a la Giralda, tambi\u00e9n ofrecemos un itinerario en la Iglesia del Divino Salvador.<\/p>\n<p>Puede hacer la reserva de su visita directamente a trav\u00e9s del siguiente enlace:<\/p>\n<p><a href=\"https:\/\/catedraldesevilla.entradasdemuseos.com\/visit\/itinerarios-pedagogicos\" target=\"_blank\" rel=\"noreferrer noopener nofollow\">https:\/\/catedraldesevilla.entradasdemuseos.com\/visit\/itinerarios-pedagogicos<\/a><\/p>\n","protected":false},"excerpt":{"rendered":"Dentro de la actividad Pastoral el Cabildo de la Catedral de Sevilla ofrece una serie de itinerarios pedag\u00f3gicos&hellip;\n","protected":false},"author":2,"featured_media":102962,"comment_status":"","ping_status":"","sticky":false,"template":"","format":"standard","meta":{"footnotes":""},"categories":[5],"tags":[17,18,3860,3861,3862,3863,25,24,13,14,11,31341,19,20,9,10,15,16,23,12,21,22,31342],"class_list":{"0":"post-102961","1":"post","2":"type-post","3":"status-publish","4":"format-standard","5":"has-post-thumbnail","7":"category-titulares","8":"tag-breaking-news","9":"tag-breakingnews","10":"tag-cabildo-catedral","11":"tag-cabildo-catedral-de-sevilla","12":"tag-cabildo-metropolitano","13":"tag-catedral-de-sevilla","14":"tag-es","15":"tag-espana","16":"tag-featured-news","17":"tag-featurednews","18":"tag-headlines","19":"tag-itinerarios-pedagogicos-catedral-de-sevilla","20":"tag-latest-news","21":"tag-latestnews","22":"tag-news","23":"tag-noticias","24":"tag-noticias-destacadas","25":"tag-noticiasdestacadas","26":"tag-spain","27":"tag-titulares","28":"tag-ultimas-noticias","29":"tag-ultimasnoticias","30":"tag-visitar-con-ninos-catedral-de-sevilla"},"share_on_mastodon":{"url":"","error":""},"_links":{"self":[{"href":"https:\/\/www.europesays.com\/es\/wp-json\/wp\/v2\/posts\/102961","targetHints":{"allow":["GET"]}}],"collection":[{"href":"https:\/\/www.europesays.com\/es\/wp-json\/wp\/v2\/posts"}],"about":[{"href":"https:\/\/www.europesays.com\/es\/wp-json\/wp\/v2\/types\/post"}],"author":[{"embeddable":true,"href":"https:\/\/www.europesays.com\/es\/wp-json\/wp\/v2\/users\/2"}],"replies":[{"embeddable":true,"href":"https:\/\/www.europesays.com\/es\/wp-json\/wp\/v2\/comments?post=102961"}],"version-history":[{"count":0,"href":"https:\/\/www.europesays.com\/es\/wp-json\/wp\/v2\/posts\/102961\/revisions"}],"wp:featuredmedia":[{"embeddable":true,"href":"https:\/\/www.europesays.com\/es\/wp-json\/wp\/v2\/media\/102962"}],"wp:attachment":[{"href":"https:\/\/www.europesays.com\/es\/wp-json\/wp\/v2\/media?parent=102961"}],"wp:term":[{"taxonomy":"category","embeddable":true,"href":"https:\/\/www.europesays.com\/es\/wp-json\/wp\/v2\/categories?post=102961"},{"taxonomy":"post_tag","embeddable":true,"href":"https:\/\/www.europesays.com\/es\/wp-json\/wp\/v2\/tags?post=102961"}],"curies":[{"name":"wp","href":"https:\/\/api.w.org\/{rel}","templated":true}]}}