{"id":102969,"date":"2025-09-09T08:36:04","date_gmt":"2025-09-09T08:36:04","guid":{"rendered":"https:\/\/www.europesays.com\/es\/102969\/"},"modified":"2025-09-09T08:36:04","modified_gmt":"2025-09-09T08:36:04","slug":"los-profesionales-se-convierten-en-cicloturistas-por-un-dia","status":"publish","type":"post","link":"https:\/\/www.europesays.com\/es\/102969\/","title":{"rendered":"Los profesionales se convierten en cicloturistas por un d\u00eda"},"content":{"rendered":"<p class=\"paragraph-atom &#10;        B-500-300-700-N B-550-300-700-N--md  \">Sale una <strong>ma\u00f1ana de sol<\/strong> con <strong>ligero viento en Samil<\/strong>. Uno de esos d\u00edas que permiten observar el <strong>mar azul<\/strong> con las <strong>islas al fondo<\/strong>. Sin niebla. La jornada invita a tomar la <strong>bicicleta<\/strong> y los profesionales de <a href=\"https:\/\/www.atlantico.net\/temas\/vuelta-a-espana\/\" rel=\"nofollow noopener\" target=\"_blank\"><strong>La Vuelta a Espa\u00f1a<\/strong><\/a> se desperezan pronto para comenzar la rutina en el <strong>d\u00eda de descanso<\/strong>. Una buena parte del pelot\u00f3n lo pasa en <strong>Vigo<\/strong>, entre ellos, el <strong>l\u00edder<\/strong> y el <strong>segundo clasificado<\/strong> de la Vuelta a Espa\u00f1a, <strong>Jonas Vingegaard (Visma)<\/strong> y <strong>Joao Almeida (UAE)<\/strong>. Tambi\u00e9n est\u00e1 el <strong>Movistar<\/strong>, el <strong>cuestionado Israel Premier Tech<\/strong> y el <strong>Loto<\/strong>.<\/p>\n<p class=\"paragraph-atom &#10;        B-500-300-700-N B-550-300-700-N--md  \">Los <strong>mec\u00e1nicos<\/strong> mantienen una actividad constante porque la <strong>parada competitiva<\/strong> sirve para <strong>lavar camiones y veh\u00edculos<\/strong>, adem\u00e1s de hacer la <strong>habitual colada<\/strong> para que las prendas luzcan perfectas. Los <strong>deportistas<\/strong>, poco a poco, salen de sus habitaciones para tomar las bicicletas e, incluso, algunos como los del <strong>UAE<\/strong> para <strong>probar las cabras de contrarreloj<\/strong> que utilizar\u00e1n en la jornada de <strong>Valladolid<\/strong>.<\/p>\n<p class=\"paragraph-atom &#10;        B-500-300-700-N B-550-300-700-N--md  \">Los del <strong>Movistar<\/strong> fueron madrugadores en <strong>Samil<\/strong> para, pasadas las <strong>11:00 horas<\/strong>, comenzar la ruta camino al <strong>Monte Aloia<\/strong>, \u201cpero no s\u00e9 si van a tener ganas de hacer monta\u00f1a\u201d, admite el limiano <strong>Carlos Canal<\/strong>. A pie del autocar acud\u00edan algunos <strong>curiosos<\/strong> para hacerse alguna fotograf\u00eda con las <strong>estrellas<\/strong>, mientras que los <strong>medios de comunicaci\u00f3n<\/strong> revoloteaban sobre los directores y equipos de comunicaci\u00f3n, y los <strong>ciclistas aficionados<\/strong> esperaban la salida de los corredores.<\/p>\n<blockquote class=\"blockquote-atom \">\n<p>                Mientras Vingegaard o Almeida cog\u00edan sus bicicletas, algunos amateur esperaban para intentar seguirlos<\/p>\n<\/blockquote>\n<p class=\"paragraph-atom &#10;        B-500-300-700-N B-550-300-700-N--md  \">El objetivo es claro y pasa por <strong>compartir unos kil\u00f3metros<\/strong> de ruta con los corredores que siguen por televisi\u00f3n. \u201cVamos a intentar seguirlos. Ellos ir\u00e1n hablando y nosotros con la lengua fuera\u201d, admite un cicloturista veterano con \u00e1nimo de juvenil. \u00c9l ten\u00eda la idea de seguir al grupo de la formaci\u00f3n telef\u00f3nica y as\u00ed lo hizo cuando <strong>Canal y sus compa\u00f1eros<\/strong> emprendieron la <strong>ruta costera hacia Baiona<\/strong>. Parece poco probable que se alejaran de la <strong>bella costa<\/strong>, que estaba en todo su esplendor, para adentrarse en las <strong>cuestas<\/strong>. Eso s\u00ed, <strong>reconocer el territorio<\/strong> de la etapa de hoy tambi\u00e9n era una buena recomendaci\u00f3n.<\/p>\n<p>                                                            <img decoding=\"async\" loading=\"lazy\" src=\"https:\/\/www.europesays.com\/es\/wp-content\/uploads\/2025\/09\/e05d29b4-89c5-4753-99a5-ae770fc7373b_16-9-aspect-ratio_1600w_0.jpg\" alt=\"Juan Ayuso, ganador de dos etapas, inicia el rodaje por las carreteras de Mos junto a Ivo Oliveira.\" title=\"Juan Ayuso, ganador de dos etapas, inicia el rodaje por las carreteras de Mos junto a Ivo Oliveira.\" height=\"900\" width=\"1600\"\/><\/p>\n<p>    Juan Ayuso, ganador de dos etapas, inicia el rodaje por las carreteras de Mos junto a Ivo Oliveira.<br \/>\n            | Jorge Santom\u00e9<\/p>\n<p class=\"paragraph-atom &#10;        B-500-300-700-N B-550-300-700-N--md  \">Por su parte, el <strong>UAE<\/strong> opt\u00f3 por un <strong>d\u00eda de descanso<\/strong> que pod\u00eda firmar cualquier <strong>cicloturista medio<\/strong> de la ciudad. Al utilizar alguno la <strong>bicicleta de contrarreloj<\/strong>, no quedaba otro remedio que emprender una <strong>marcha m\u00e1s sencilla por territorio llano<\/strong> y as\u00ed tomaron la <strong>ruta hacia Baiona<\/strong>, con una <strong>pausa para el caf\u00e9<\/strong> de camino. Tambi\u00e9n ten\u00edan unos cuantos <strong>amateurs<\/strong> dispuestos a seguirlos y la gran duda es saber si pararon en la misma cafeter\u00eda u optaron por no seguir la rueda en el aspecto barista.<\/p>\n<blockquote class=\"blockquote-atom \">\n<p>                Tras el d\u00eda de tranquilidad, hoy regresa la competici\u00f3n con la etapa entre Poio y Herville<\/p>\n<\/blockquote>\n<p class=\"paragraph-atom &#10;        B-500-300-700-N B-550-300-700-N--md  \">En <strong>Coia<\/strong>, el <strong>autob\u00fas del Visma Lease a Bike<\/strong> permanec\u00eda tranquilo, ya que los <strong>neerlandeses<\/strong> madrugaron para comenzar su <strong>paseo matinal<\/strong>, mientras los <strong>mec\u00e1nicos y auxiliares<\/strong> realizaban sus tareas y, ya cerca del mediod\u00eda, el <strong>cami\u00f3n cocina<\/strong> comenzaba a desprender <strong>sugerentes olores<\/strong>. Una actividad similar registraba la zona reservada para el <strong>Lotto<\/strong> y para el <strong>Israel<\/strong>, aunque la del conjunto hebreo con <strong>permanente vigilancia policial<\/strong>, pese a que no hab\u00eda actividad reivindicativa en la matinal del lunes. Otra cosa ser\u00e1 la etapa de hoy. Ayer, sus corredores terminaron el paseo por el <strong>carril bici de Castelao<\/strong>, tras dejar paso a una se\u00f1ora que paseaba a sus <strong>perretes<\/strong> de tama\u00f1o peque\u00f1o.<\/p>\n<p class=\"paragraph-atom &#10;        B-500-300-700-N B-550-300-700-N--md  \">Todo tranquilidad viguesa en un d\u00eda de descanso en el que los profesionales viven la vida como cicloturistas, pero hoy saben que volver\u00e1 la competici\u00f3n deportiva con la etapa entre Poio y Mos con final en el alto del Castro de Herville. La ruta incluye el paso por una buena parte del \u00e1rea metropolitana de Vigo, ya que circular\u00e1 por Arcade (13:36), Pazos de Borb\u00e9n (13:56), Ponteareas (14:16), Salaceda de Caselas (14:45), Tui (15:03). Aqu\u00ed comenzar\u00e1 la parte dura de la etapa y tambi\u00e9n la m\u00e1s atractiva para el espectador con los ascensos a San Antoni\u00f1o (15:19), Alto da Groba (16:00) y, sobre todo, las subidas a Prado (16:54) con rampas superiores al 20%, y el final en Castro de Herville (17:30). Sesi\u00f3n para disfrutar.<\/p>\n","protected":false},"excerpt":{"rendered":"Sale una ma\u00f1ana de sol con ligero viento en Samil. Uno de esos d\u00edas que permiten observar el&hellip;\n","protected":false},"author":2,"featured_media":102970,"comment_status":"","ping_status":"","sticky":false,"template":"","format":"standard","meta":{"footnotes":""},"categories":[273],"tags":[313,4692,18119,312,168,978,25,24,16600,23,167],"class_list":{"0":"post-102969","1":"post","2":"type-post","3":"status-publish","4":"format-standard","5":"has-post-thumbnail","7":"category-ciclismo","8":"tag-ciclismo","9":"tag-cicloturistas","10":"tag-convierten","11":"tag-cycling","12":"tag-deportes","13":"tag-dia","14":"tag-es","15":"tag-espana","16":"tag-profesionales","17":"tag-spain","18":"tag-sports"},"share_on_mastodon":{"url":"","error":""},"_links":{"self":[{"href":"https:\/\/www.europesays.com\/es\/wp-json\/wp\/v2\/posts\/102969","targetHints":{"allow":["GET"]}}],"collection":[{"href":"https:\/\/www.europesays.com\/es\/wp-json\/wp\/v2\/posts"}],"about":[{"href":"https:\/\/www.europesays.com\/es\/wp-json\/wp\/v2\/types\/post"}],"author":[{"embeddable":true,"href":"https:\/\/www.europesays.com\/es\/wp-json\/wp\/v2\/users\/2"}],"replies":[{"embeddable":true,"href":"https:\/\/www.europesays.com\/es\/wp-json\/wp\/v2\/comments?post=102969"}],"version-history":[{"count":0,"href":"https:\/\/www.europesays.com\/es\/wp-json\/wp\/v2\/posts\/102969\/revisions"}],"wp:featuredmedia":[{"embeddable":true,"href":"https:\/\/www.europesays.com\/es\/wp-json\/wp\/v2\/media\/102970"}],"wp:attachment":[{"href":"https:\/\/www.europesays.com\/es\/wp-json\/wp\/v2\/media?parent=102969"}],"wp:term":[{"taxonomy":"category","embeddable":true,"href":"https:\/\/www.europesays.com\/es\/wp-json\/wp\/v2\/categories?post=102969"},{"taxonomy":"post_tag","embeddable":true,"href":"https:\/\/www.europesays.com\/es\/wp-json\/wp\/v2\/tags?post=102969"}],"curies":[{"name":"wp","href":"https:\/\/api.w.org\/{rel}","templated":true}]}}