{"id":102975,"date":"2025-09-09T08:39:06","date_gmt":"2025-09-09T08:39:06","guid":{"rendered":"https:\/\/www.europesays.com\/es\/102975\/"},"modified":"2025-09-09T08:39:06","modified_gmt":"2025-09-09T08:39:06","slug":"cual-debe-ser-el-objetivo-del-betis","status":"publish","type":"post","link":"https:\/\/www.europesays.com\/es\/102975\/","title":{"rendered":"\u00bfCu\u00e1l debe ser el objetivo del Betis?"},"content":{"rendered":"<p><img decoding=\"async\" src=\"https:\/\/www.europesays.com\/es\/wp-content\/uploads\/2025\/09\/entrenamientobetis2.jpg\" loading=\"lazy\" class=\"img-fluid w-100 mx-auto \" title=\"Entrenamiento-Betis\" longdesc=\"data:text\/html;charset=utf-8;,%3C!DOCTYPE%20html%3E%3Chtml%3E%3Chead%3E%3Ctitle%3EEntrenamiento-Betis%3C\/title%3E%3C\/head%3E%3Cbody%3E%3Cp%3EEntrenamiento-Betis%3C\/body%3E%3C\/html%3E\"\/>    <\/p>\n<tr>\n<td width=\"*\">    <img decoding=\"async\" src=\"https:\/\/www.europesays.com\/es\/wp-content\/uploads\/2025\/09\/1757407146_684_avatar-md.jpg\" border=\"0\" class=\"d-none d-md-inline-block\" style=\"margin-right:10px;\" alt=\"Redacci\u00f3n\" title=\"Redacci\u00f3n\"\/><\/p>\n<p><strong style=\"color:#e43d30\">Redacci\u00f3n<\/strong> <br \/>08\/09\/2025<\/p>\n<\/td>\n<\/tr>\n<p data-start=\"1314\" data-end=\"1729\">El <a href=\"https:\/\/www.muchodeporte.com\/real-betis\" rel=\"nofollow noopener\" target=\"_blank\"><strong>Real Betis <\/strong><\/a>ha dado un paso adelante en su crecimiento deportivo y econ\u00f3mico. Tras el cierre del \u00faltimo mercado de fichajes,<a href=\"https:\/\/www.muchodeporte.com\/real-betis\/86354\/el-betis-septima-plantilla-mas-valiosa-de-laliga-y-la-tercera-mas-veterana\/\" rel=\"nofollow noopener\" target=\"_blank\"> el conjunto verdiblanco ha alcanzado los <strong data-start=\"1482\" data-end=\"1529\">206,6 millones de euros de valor de mercado<\/strong><\/a>, lo que lo coloca en la <strong data-start=\"1554\" data-end=\"1584\">s\u00e9ptima posici\u00f3n de LaLiga<\/strong>, solo por detr\u00e1s de Real Madrid, Barcelona, Atl\u00e9tico, Athletic, Real Sociedad y Villarreal, seg\u00fan datos de la web especializada Transfermarkt.<\/p>\n<p data-start=\"1731\" data-end=\"2361\">El club heliopolitano cerr\u00f3 un verano intenso con movimientos de calado. La incorporaci\u00f3n m\u00e1s sonada fue la de <strong data-start=\"1842\" data-end=\"1852\">Antony<\/strong>, procedente del Manchester United, a cambio de 22 millones de euros en el \u00faltimo d\u00eda de mercado. Tambi\u00e9n se concret\u00f3 la cesi\u00f3n de <strong data-start=\"1983\" data-end=\"1994\">Amrabat<\/strong>, que reforzar\u00e1 el mediocentro. Antes se hab\u00edan sumado jugadores como <strong data-start=\"2064\" data-end=\"2081\">Nelson Deossa<\/strong> (12 millones), <strong data-start=\"2097\" data-end=\"2106\">Natan<\/strong> (9, tras ejecutar la opci\u00f3n de compra), <strong data-start=\"2147\" data-end=\"2159\">Riquelme<\/strong> (8), o el joven <strong data-start=\"2176\" data-end=\"2193\">Gonzalo Petit<\/strong> (6), cedido al Mirand\u00e9s como apuesta de futuro. A ellos se a\u00f1adieron <strong data-start=\"2263\" data-end=\"2281\">Valent\u00edn G\u00f3mez<\/strong> (5,3) y las incorporaciones a coste cero de <strong data-start=\"2326\" data-end=\"2339\">Pau L\u00f3pez<\/strong> y <strong data-start=\"2342\" data-end=\"2358\">Junior Firpo<\/strong>.<\/p>\n<p data-start=\"2363\" data-end=\"2759\">Con este plantel renovado, el Betis afronta el regreso de la competici\u00f3n tras el par\u00f3n de selecciones con el reto de mejorar sus registros en Liga, donde suma <strong>5 puntos en cuatro jornadas<\/strong>. Adem\u00e1s, la plantilla de <strong>Manuel Pellegrini<\/strong> se prepara para su estreno en la <strong data-start=\"2626\" data-end=\"2664\">fase de grupos de la Europa League<\/strong> frente al Nottingham Forest.<\/p>\n<p data-start=\"2761\" data-end=\"2933\">Desde <a href=\"https:\/\/www.muchodeporte.com\/\" rel=\"nofollow noopener\" target=\"_blank\"><strong>Muchodeporte <\/strong><\/a>abrimos el debate a nuestros lectores: <strong data-start=\"2821\" data-end=\"2877\">\u00bfCu\u00e1l debe ser el objetivo del Betis esta temporada?<\/strong> Vota y participa <a href=\"https:\/\/www.muchodeporte.com\/la-pregunta\" rel=\"nofollow noopener\" target=\"_blank\">aqu\u00ed <\/a>en nuestra nueva encuesta.<\/p>\n","protected":false},"excerpt":{"rendered":"Redacci\u00f3n 08\/09\/2025 El Real Betis ha dado un paso adelante en su crecimiento deportivo y econ\u00f3mico. Tras el&hellip;\n","protected":false},"author":2,"featured_media":102976,"comment_status":"","ping_status":"","sticky":false,"template":"","format":"standard","meta":{"footnotes":""},"categories":[268],"tags":[291,168,25,24,280,282,10286,286,281,23,167],"class_list":{"0":"post-102975","1":"post","2":"type-post","3":"status-publish","4":"format-standard","5":"has-post-thumbnail","7":"category-futbol","8":"tag-betis","9":"tag-deportes","10":"tag-es","11":"tag-espana","12":"tag-football","13":"tag-futbol","14":"tag-real-betis","15":"tag-real-betis-balompie","16":"tag-soccer","17":"tag-spain","18":"tag-sports"},"share_on_mastodon":{"url":"","error":""},"_links":{"self":[{"href":"https:\/\/www.europesays.com\/es\/wp-json\/wp\/v2\/posts\/102975","targetHints":{"allow":["GET"]}}],"collection":[{"href":"https:\/\/www.europesays.com\/es\/wp-json\/wp\/v2\/posts"}],"about":[{"href":"https:\/\/www.europesays.com\/es\/wp-json\/wp\/v2\/types\/post"}],"author":[{"embeddable":true,"href":"https:\/\/www.europesays.com\/es\/wp-json\/wp\/v2\/users\/2"}],"replies":[{"embeddable":true,"href":"https:\/\/www.europesays.com\/es\/wp-json\/wp\/v2\/comments?post=102975"}],"version-history":[{"count":0,"href":"https:\/\/www.europesays.com\/es\/wp-json\/wp\/v2\/posts\/102975\/revisions"}],"wp:featuredmedia":[{"embeddable":true,"href":"https:\/\/www.europesays.com\/es\/wp-json\/wp\/v2\/media\/102976"}],"wp:attachment":[{"href":"https:\/\/www.europesays.com\/es\/wp-json\/wp\/v2\/media?parent=102975"}],"wp:term":[{"taxonomy":"category","embeddable":true,"href":"https:\/\/www.europesays.com\/es\/wp-json\/wp\/v2\/categories?post=102975"},{"taxonomy":"post_tag","embeddable":true,"href":"https:\/\/www.europesays.com\/es\/wp-json\/wp\/v2\/tags?post=102975"}],"curies":[{"name":"wp","href":"https:\/\/api.w.org\/{rel}","templated":true}]}}