{"id":103008,"date":"2025-09-09T09:03:05","date_gmt":"2025-09-09T09:03:05","guid":{"rendered":"https:\/\/www.europesays.com\/es\/103008\/"},"modified":"2025-09-09T09:03:05","modified_gmt":"2025-09-09T09:03:05","slug":"maxima-preocupacion-por-michael-j-fox-tras-su-ultima-imagen-en-la-final-del-us-open-duele-verlo-asi","status":"publish","type":"post","link":"https:\/\/www.europesays.com\/es\/103008\/","title":{"rendered":"M\u00e1xima preocupaci\u00f3n por Michael J. Fox tras su \u00faltima imagen en la final del US Open: \u00abDuele verlo as\u00ed\u00bb"},"content":{"rendered":"<p class=\"c-paragraph\"><a href=\"https:\/\/www.20minutos.es\/tags\/temas\/michael-j-fox.html\" title=\"Michael J. Fox\" rel=\"nofollow noopener\" target=\"_blank\">Michael J. Fox<\/a> no se quiso perder este domingo la final masculina del Abierto de tenis de Estados Unidos, entre Carlos Alcaraz y Jannik Sinner, en el Estadio Arthur Ashe de Nueva York, que finalmente cay\u00f3 del lado del espa\u00f1ol.<\/p>\n<p class=\"c-paragraph\">Fue, sin duda, una de las personalidades que m\u00e1s ovaciones despert\u00f3 en la pista. El actor, muy querido por fans y no tan fans del s\u00e9ptimo arte, ha vuelto a preocupar tras su \u00faltima imagen. Acudi\u00f3 <b>en silla de ruedas y, como siempre, acompa\u00f1ado de su mujer, Tracy Pollan<\/b>, que no se separa de \u00e9l.<\/p>\n<p class=\"c-paragraph\"><b>Diagnosticado con Parkinson hace m\u00e1s de tres d\u00e9cadas<\/b>, Fox se ha convertido en todo un ejemplo de fortaleza y esperanza. Por eso, con cada aparici\u00f3n p\u00fablica el actor el nombre del actor se hace viral. <b>\u00abDuele verlo as\u00ed\u00bb<\/b>, aseguran muchos internautas.<\/p>\n<p class=\"c-paragraph\">Seg\u00fan se ve en un v\u00eddeo del domingo, Fox en silla de ruedas,<b> se pone de pie para saludar al p\u00fablico<\/b>, recibiendo una ovaci\u00f3n masiva que conmovi\u00f3 a los presentes. Tambi\u00e9n, <b>no sin ayuda, lo hizo en el photocall<\/b>, donde atendi\u00f3 incluso a la prensa.<\/p>\n<p class=\"c-paragraph\"><b>Bruce Springsteen<\/b>, <b>Danny DeVito<\/b>, Lindsay Lohan y Stephen Curry fueron otras de las celebridades que asistieron al gran partido. La mayor cantidad de aplausos se los llev\u00f3 The Boos, pero Springsteen no fue el \u00fanico m\u00fasico que decidi\u00f3 ir a Queens para ver esta lucha por el n\u00famero uno del tenis entre el espa\u00f1ol y el italiano, ya que tambi\u00e9n asistieron la cantante <b>P!nk<\/b>, el rapero Usher y el cantante <b>Sting<\/b>, quien se sent\u00f3 junto a Shaggy. Entre las estrellas de Hollywood, DeVito y Lohan tambi\u00e9n fueron arropados con un c\u00e1lido aplauso por los asistentes al estadio cuando les apunt\u00f3 la c\u00e1mara.\u00a0<\/p>\n<p class=\"c-paragraph\">Adem\u00e1s de Michael J. Fox, tampoco se perdieron el gran evento deportivo los actores <b>Kevin Hart<\/b> o las hermanas Dakota y Ellen Fanning. Entre los famosos de la peque\u00f1a pantalla destacaron <b>Courteney Cox<\/b>, Debra Messing y los actores de The Oficce BJ Novak, Mindy Kaling y John Krasinski -este \u00faltimo asisti\u00f3 junto a su esposa, la tambi\u00e9n actriz, Emily Blunt-.\u00a0<\/p>\n<p class=\"c-paragraph\">Aparte del jugador de baloncesto <b>Curry<\/b>, en el mundo del deporte tambi\u00e9n destac\u00f3 la presencia del excompetidor profesional de motocross Carey Hart.\u00a0<\/p>\n<p class=\"c-paragraph\">Otras de las grandes presencias del \u00faltimo partido del torneo de tenis fue la del presidente de Estados Unidos, <b>Donald Trump<\/b>, quien recibi\u00f3 abucheos, y algunos aplausos, por parte de los asistentes.<\/p>\n","protected":false},"excerpt":{"rendered":"Michael J. Fox no se quiso perder este domingo la final masculina del Abierto de tenis de Estados&hellip;\n","protected":false},"author":2,"featured_media":103009,"comment_status":"","ping_status":"","sticky":false,"template":"","format":"standard","meta":{"footnotes":""},"categories":[174],"tags":[255,146,147,25,24,256,17714,16722,6659,2514,864,23],"class_list":{"0":"post-103008","1":"post","2":"type-post","3":"status-publish","4":"format-standard","5":"has-post-thumbnail","7":"category-famosos","8":"tag-celebrities","9":"tag-entertainment","10":"tag-entretenimiento","11":"tag-es","12":"tag-espana","13":"tag-famosos","14":"tag-fox","15":"tag-j","16":"tag-maxima","17":"tag-michael","18":"tag-preocupacion","19":"tag-spain"},"share_on_mastodon":{"url":"","error":""},"_links":{"self":[{"href":"https:\/\/www.europesays.com\/es\/wp-json\/wp\/v2\/posts\/103008","targetHints":{"allow":["GET"]}}],"collection":[{"href":"https:\/\/www.europesays.com\/es\/wp-json\/wp\/v2\/posts"}],"about":[{"href":"https:\/\/www.europesays.com\/es\/wp-json\/wp\/v2\/types\/post"}],"author":[{"embeddable":true,"href":"https:\/\/www.europesays.com\/es\/wp-json\/wp\/v2\/users\/2"}],"replies":[{"embeddable":true,"href":"https:\/\/www.europesays.com\/es\/wp-json\/wp\/v2\/comments?post=103008"}],"version-history":[{"count":0,"href":"https:\/\/www.europesays.com\/es\/wp-json\/wp\/v2\/posts\/103008\/revisions"}],"wp:featuredmedia":[{"embeddable":true,"href":"https:\/\/www.europesays.com\/es\/wp-json\/wp\/v2\/media\/103009"}],"wp:attachment":[{"href":"https:\/\/www.europesays.com\/es\/wp-json\/wp\/v2\/media?parent=103008"}],"wp:term":[{"taxonomy":"category","embeddable":true,"href":"https:\/\/www.europesays.com\/es\/wp-json\/wp\/v2\/categories?post=103008"},{"taxonomy":"post_tag","embeddable":true,"href":"https:\/\/www.europesays.com\/es\/wp-json\/wp\/v2\/tags?post=103008"}],"curies":[{"name":"wp","href":"https:\/\/api.w.org\/{rel}","templated":true}]}}