{"id":103028,"date":"2025-09-09T09:13:06","date_gmt":"2025-09-09T09:13:06","guid":{"rendered":"https:\/\/www.europesays.com\/es\/103028\/"},"modified":"2025-09-09T09:13:06","modified_gmt":"2025-09-09T09:13:06","slug":"los-futuros-del-ibex-35-no-aguantan-el-ritmo-y-ceden-pero-se-mantienen-cerca-de-los-15-000","status":"publish","type":"post","link":"https:\/\/www.europesays.com\/es\/103028\/","title":{"rendered":"Los futuros del Ibex 35 no aguantan el ritmo y ceden, pero se mantienen cerca de los 15.000"},"content":{"rendered":"<p>     <img fetchpriority=\"high\" decoding=\"async\" src=\"data:image\/gif;base64,R0lGODlhAQABAIAAAAAAAP\/\/\/ywAAAAAAQABAAACAUwAOw==\" alt=\"Los futuros del Ibex 35 no aguantan el ritmo y ceden, pero se mantienen cerca de los 15.000\" loading=\"eager\" height=\"540\" width=\"960\" class=\"yf-1gfnohs loader\"\/> Los futuros del Ibex 35 no aguantan el ritmo y ceden, pero se mantienen cerca de los 15.000      <\/p>\n<p class=\"yf-1090901\"><strong>MERCADOS FINANCIEROS<\/strong><\/p>\n<p class=\"yf-1090901\">Las bolsas asi\u00e1ticas suben, impulsadas por las expectativas de una bajada de tipos en EEUU la pr\u00f3xima semana, a pesar de que la agitaci\u00f3n pol\u00edtica en todo el mundo mantiene en vilo a los inversores en divisas y bonos.<\/p>\n<p class=\"yf-1090901\">Los precios del petr\u00f3leo avanzan, despu\u00e9s de que la OPEP+ decidiera aumentar la producci\u00f3n menos de lo que esperaban los participantes en el mercado, mientras que las preocupaciones sobre una oferta m\u00e1s reducida ante las posibles nuevas sanciones a Rusia siguen prestando apoyo.<\/p>\n<p class=\"yf-1090901\"><strong>DATOS MACROECON\u00d3MICOS<\/strong><\/p>\n<p class=\"yf-1090901\">Hoy tendremos:<\/p>\n<p class=\"yf-1090901\">&#8211; Subasta de letras espa\u00f1olas a 3 meses<\/p>\n<p class=\"yf-1090901\">&#8211; Producci\u00f3n industrial de Francia<\/p>\n<p class=\"yf-1090901\">&#8211; \u00cdndice Redbook de ventas minoristas en Estados Unidos<\/p>\n<p class=\"yf-1090901\"><strong>EMPRESAS<\/strong><\/p>\n<p class=\"yf-1090901\">Gal\u00e1n re\u00fane al consejo de Iberdrola tras la amenaza de Trump y posibles cambios en la c\u00fapula (El Confidencial)<\/p>\n<p class=\"yf-1090901\">Indra lanzar\u00e1 un nuevo plan estrat\u00e9gico por el \u2018boom\u2019 del gasto en Defensa (Expansi\u00f3n)<\/p>\n<p class=\"yf-1090901\"><strong>ECONOM\u00cdA Y POL\u00cdTICA<\/strong><\/p>\n<p class=\"yf-1090901\">El Parlamento franc\u00e9s derroc\u00f3 el lunes al Gobierno por sus planes para controlar la creciente deuda nacional, lo que agrav\u00f3 la crisis pol\u00edtica que est\u00e1 debilitando la segunda econom\u00eda m\u00e1s grande de la eurozona (Reuters)<\/p>\n<p class=\"yf-1090901\">El Gobierno minoritario del Partido Laborista de Noruega gan\u00f3 un segundo mandato el lunes, mientras que la derecha populista logr\u00f3 su mejor resultado electoral hasta la fecha, en unas elecciones dominadas por la preocupaci\u00f3n por el aumento del coste de la vida y las guerras en Ucrania y Gaza (Reuters)<\/p>\n<p class=\"yf-1090901\">Los compradores brit\u00e1nicos gastaron m\u00e1s en agosto, gracias al clima veraniego y a la mayor demanda de alimentos, muebles y ordenadores para la vuelta al colegio, aunque parte del aumento tambi\u00e9n se debi\u00f3 al incremento de los precios de los alimentos, seg\u00fan el British Retail Consortium (Reuters)<\/p>\n","protected":false},"excerpt":{"rendered":"Los futuros del Ibex 35 no aguantan el ritmo y ceden, pero se mantienen cerca de los 15.000&hellip;\n","protected":false},"author":2,"featured_media":31129,"comment_status":"","ping_status":"","sticky":false,"template":"","format":"standard","meta":{"footnotes":""},"categories":[80],"tags":[82,36116,95,36117,94,16394,25,24,36115,14588,23],"class_list":{"0":"post-103028","1":"post","2":"type-post","3":"status-publish","4":"format-standard","5":"has-post-thumbnail","7":"category-economia","8":"tag-business","9":"tag-demanda-de-alimentos","10":"tag-economia","11":"tag-economia-y-politica","12":"tag-economy","13":"tag-el-confidencial","14":"tag-es","15":"tag-espana","16":"tag-partido-laborista-de-noruega","17":"tag-precios-del-petroleo","18":"tag-spain"},"share_on_mastodon":{"url":"","error":""},"_links":{"self":[{"href":"https:\/\/www.europesays.com\/es\/wp-json\/wp\/v2\/posts\/103028","targetHints":{"allow":["GET"]}}],"collection":[{"href":"https:\/\/www.europesays.com\/es\/wp-json\/wp\/v2\/posts"}],"about":[{"href":"https:\/\/www.europesays.com\/es\/wp-json\/wp\/v2\/types\/post"}],"author":[{"embeddable":true,"href":"https:\/\/www.europesays.com\/es\/wp-json\/wp\/v2\/users\/2"}],"replies":[{"embeddable":true,"href":"https:\/\/www.europesays.com\/es\/wp-json\/wp\/v2\/comments?post=103028"}],"version-history":[{"count":0,"href":"https:\/\/www.europesays.com\/es\/wp-json\/wp\/v2\/posts\/103028\/revisions"}],"wp:featuredmedia":[{"embeddable":true,"href":"https:\/\/www.europesays.com\/es\/wp-json\/wp\/v2\/media\/31129"}],"wp:attachment":[{"href":"https:\/\/www.europesays.com\/es\/wp-json\/wp\/v2\/media?parent=103028"}],"wp:term":[{"taxonomy":"category","embeddable":true,"href":"https:\/\/www.europesays.com\/es\/wp-json\/wp\/v2\/categories?post=103028"},{"taxonomy":"post_tag","embeddable":true,"href":"https:\/\/www.europesays.com\/es\/wp-json\/wp\/v2\/tags?post=103028"}],"curies":[{"name":"wp","href":"https:\/\/api.w.org\/{rel}","templated":true}]}}